{"id":53976,"date":"2025-12-15T10:42:39","date_gmt":"2025-12-15T14:42:39","guid":{"rendered":"https:\/\/noticiasveraces.com\/?p=53976"},"modified":"2025-12-15T10:42:39","modified_gmt":"2025-12-15T14:42:39","slug":"vias-afectadas-en-caracas-por-marcha-oficialista-el-10-de-diciembre","status":"publish","type":"post","link":"https:\/\/noticiasveraces.com\/?p=53976","title":{"rendered":"V\u00edas afectadas en Caracas por marcha oficialista el 10 de diciembre"},"content":{"rendered":"<p> \n<\/p>\n<div>\n<p>Diosdado Cabello, secretario general del Partido Socialista Unido de Venezuela (PSUV), anunci\u00f3 una marcha <strong>para el mi\u00e9rcoles 10 de diciembre en Caracas<\/strong> por la Batalla de Santa In\u00e9s y en defensa \u201cde la paz, la soberan\u00eda y la independencia\u201d.<\/p>\n<p>\u201cDe Oslo no sabemos nada, no participamos en esa subasta. Revisen la lista de ganadores y encontrar\u00e1n la respuesta; todo se paga en esta vida. Nosotros tenemos el mejor de los premios: el pueblo. Aqu\u00ed el 10 de diciembre tenemos una gran marcha de campesinos para recordar la Batalla de Santa In\u00e9s\u201d, dijo Cabello.<\/p>\n<p>Los puntos de salida y llegada de la manifestaci\u00f3n oficialista est\u00e1n ubicados en el municipio Libertador de Caracas.<\/p>\n<h2 id=\"puntos-de-salida\" class=\"rb-heading-index-0-832171 wp-block-heading\"><strong>Puntos de salida<\/strong><\/h2>\n<p>-Maternidad<br \/>-Avenida San mart\u00edn<br \/>-Plaza O&#8217;Leary<br \/>-Bellas Artes<br \/>-Avenida M\u00e9xico<br \/>-Avenida Universidad<br \/>-Liceo Ferm\u00edn Toro, en El Silencio<\/p>\n<h2 id=\"puntos-de-llegada\" class=\"rb-heading-index-1-832171 wp-block-heading\"><strong>Puntos de llegada<\/strong><\/h2>\n<p>-Puente Nueva Rep\u00fablica, adyacente a Miraflores<\/p>\n<p><strong>Como alternativa, los conductores podr\u00e1n usar las siguientes v\u00edas:<\/strong><\/p>\n<p>-Avenida Boyac\u00e1<br \/>-Avenida Francisco Fajardo<br \/>-Avenida Fuerzas Armadas<\/p>\n<h2 id=\"cierres-anteriores-de-vias-por-marchas-oficialistas\" class=\"rb-heading-index-2-832171 wp-block-heading\"><strong>Cierres anteriores de v\u00edas por marchas oficialistas<\/strong><\/h2>\n<figure class=\"wp-block-image size-large\"><picture fetchpriority=\"high\" decoding=\"async\" class=\"wp-image-798658\"><source type=\"image\/webp\" srcset=\"https:\/\/eldiario.com\/wp-content\/uploads\/2025\/06\/San-martin-1200x779.jpg.webp 1200w, https:\/\/eldiario.com\/wp-content\/uploads\/2025\/06\/San-martin-300x195.jpg.webp 300w, https:\/\/eldiario.com\/wp-content\/uploads\/2025\/06\/San-martin-768x498.jpg.webp 768w, https:\/\/eldiario.com\/wp-content\/uploads\/2025\/06\/San-martin-1536x996.jpg.webp 1536w, https:\/\/eldiario.com\/wp-content\/uploads\/2025\/06\/San-martin-860x558.jpg.webp 860w, https:\/\/eldiario.com\/wp-content\/uploads\/2025\/06\/San-martin-150x97.jpg.webp 150w, https:\/\/eldiario.com\/wp-content\/uploads\/2025\/06\/San-martin.jpg.webp 1600w\" sizes=\"(max-width: 1200px) 100vw, 1200px\"\/><img fetchpriority=\"high\" decoding=\"async\" width=\"1200\" height=\"779\" src=\"https:\/\/eldiario.com\/wp-content\/uploads\/2025\/06\/San-martin-1200x779.jpg\" alt=\"Reportaron el cierre parcial de la avenida San Mart\u00edn en Caracas\" srcset=\"https:\/\/eldiario.com\/wp-content\/uploads\/2025\/06\/San-martin-1200x779.jpg 1200w, https:\/\/eldiario.com\/wp-content\/uploads\/2025\/06\/San-martin-300x195.jpg 300w, https:\/\/eldiario.com\/wp-content\/uploads\/2025\/06\/San-martin-768x498.jpg 768w, https:\/\/eldiario.com\/wp-content\/uploads\/2025\/06\/San-martin-1536x996.jpg 1536w, https:\/\/eldiario.com\/wp-content\/uploads\/2025\/06\/San-martin-860x558.jpg 860w, https:\/\/eldiario.com\/wp-content\/uploads\/2025\/06\/San-martin-150x97.jpg 150w, https:\/\/eldiario.com\/wp-content\/uploads\/2025\/06\/San-martin.jpg 1600w\" sizes=\"(max-width: 1200px) 100vw, 1200px\"\/>\n<\/picture><figcaption class=\"wp-element-caption\">Imagen referencial | Foto: Alcald\u00eda de Libertador<\/figcaption><\/figure>\n<p>El 19 de junio se realiz\u00f3 una marcha por la paz del mundo en Caracas. El tambi\u00e9n ministro del Interior, Justicia y Paz, Diosdado Cabello, anunci\u00f3 la movilizaci\u00f3n que sali\u00f3 desde la plaza Morelos, ubicada en Bellas Artes. <\/p>\n<p>Posteriormente, recorri\u00f3 la avenida M\u00e9xico y avenida Universidad hasta llegar a la esquina de San Francisco, en la parroquia Catedral del municipio Libertador.<\/p>\n<p>Desde tempranas horas varios usuarios en redes sociales reportaron el cierre de las avenidas Libertador y Universidad en sentido hacia el centro.<\/p>\n<p><!-- CONTENT END 1 -->\n<\/div>\n\n","protected":false},"excerpt":{"rendered":"<p>Diosdado Cabello, secretario general del Partido Socialista Unido de Venezuela (PSUV), anunci\u00f3 una marcha para el mi\u00e9rcoles 10 de diciembre en Caracas por la Batalla de Santa In\u00e9s y en defensa \u201cde la paz, la soberan\u00eda y la independencia\u201d. \u201cDe Oslo no sabemos nada, no participamos en esa subasta. Revisen la lista de ganadores y &hellip;<\/p>\n","protected":false},"author":1,"featured_media":53978,"comment_status":"open","ping_status":"open","sticky":false,"template":"","format":"standard","meta":{"fifu_image_url":"https:\/\/eldiario.com\/wp-content\/uploads\/2024\/02\/avenida-libertador-caracas.jpg","fifu_image_alt":"","footnotes":""},"categories":[4],"tags":[],"class_list":["post-53976","post","type-post","status-publish","format-standard","has-post-thumbnail","","category-historias-destacadas"],"_links":{"self":[{"href":"https:\/\/noticiasveraces.com\/index.php?rest_route=\/wp\/v2\/posts\/53976","targetHints":{"allow":["GET"]}}],"collection":[{"href":"https:\/\/noticiasveraces.com\/index.php?rest_route=\/wp\/v2\/posts"}],"about":[{"href":"https:\/\/noticiasveraces.com\/index.php?rest_route=\/wp\/v2\/types\/post"}],"author":[{"embeddable":true,"href":"https:\/\/noticiasveraces.com\/index.php?rest_route=\/wp\/v2\/users\/1"}],"replies":[{"embeddable":true,"href":"https:\/\/noticiasveraces.com\/index.php?rest_route=%2Fwp%2Fv2%2Fcomments&post=53976"}],"version-history":[{"count":0,"href":"https:\/\/noticiasveraces.com\/index.php?rest_route=\/wp\/v2\/posts\/53976\/revisions"}],"wp:featuredmedia":[{"embeddable":true,"href":"https:\/\/noticiasveraces.com\/index.php?rest_route=\/wp\/v2\/media\/53978"}],"wp:attachment":[{"href":"https:\/\/noticiasveraces.com\/index.php?rest_route=%2Fwp%2Fv2%2Fmedia&parent=53976"}],"wp:term":[{"taxonomy":"category","embeddable":true,"href":"https:\/\/noticiasveraces.com\/index.php?rest_route=%2Fwp%2Fv2%2Fcategories&post=53976"},{"taxonomy":"post_tag","embeddable":true,"href":"https:\/\/noticiasveraces.com\/index.php?rest_route=%2Fwp%2Fv2%2Ftags&post=53976"}],"curies":[{"name":"wp","href":"https:\/\/api.w.org\/{rel}","templated":true}]}}