{"id":53973,"date":"2025-12-15T08:20:13","date_gmt":"2025-12-15T12:20:13","guid":{"rendered":"https:\/\/noticiasveraces.com\/?p=53973"},"modified":"2025-12-15T08:20:13","modified_gmt":"2025-12-15T12:20:13","slug":"paises-alba-contra-la-estrategia-de-seguridad-gringa","status":"publish","type":"post","link":"https:\/\/noticiasveraces.com\/?p=53973","title":{"rendered":"Pa\u00edses ALBA contra la estrategia de seguridad gringa"},"content":{"rendered":"<p> \n<\/p>\n<div>\n<p>Los pa\u00edses el ALBA (Alianza Bolivariana para los Pueblos de Nuestra Am\u00e9rica) se le pararon de frente a Estados Unidos para rechazar la escandalosa estrategia de seguridad nacional que el gobierno de Trump public\u00f3 hace poco m\u00e1s de una semana. No es cualquier cosa, el ALBA est\u00e1 conformada actualmente por Venezuela, Cuba, Nicaragua, Antigua y Barbuda, Dominica, Granada, San Crist\u00f3bal y Nieves, San Vicente y las Granadinas, Santa Luc\u00eda; y como observadores est\u00e1n Hait\u00ed, Surinam e Ir\u00e1n. Son nueve pa\u00edses de Am\u00e9rica Latina y el Caribe que le dicen no a la regurgitaci\u00f3n de la \u201cobsoleta e hist\u00f3ricamente derrotada\u201d doctrina Monroe que pretende imponer Trump en el siglo XXI.<\/p>\n<p>El presidente Nicol\u00e1s Maduro encabez\u00f3 la reuni\u00f3n, que se realiz\u00f3 por videoconferencia, y plante\u00f3 directamente la necesidad de actuar en bloque para combinar resistencia popular y ofensiva frente a la peligrosa amenaza de Estados Unidos de generar una guerra colonialista en la regi\u00f3n.<\/p>\n<p><em>\u201cSaludamos al pueblo venezolano, que consciente de su fuerza hist\u00f3rica, ha demostrado, una vez m\u00e1s, una profunda resiliencia frente a las adversidades y con coraje y conciencia ha defendido su dignidad y su derecho a decidir su propio destino\u201d.<\/em><\/p>\n<p>\ud83d\udccc Lee aqu\u00ed la declaraci\u00f3n completa de la XXV Cumbre de Jefes de Estado y de Gobierno del ALBA \ud83d\udcc4<\/p>\n<p>D\u00e9jame resaltar aqu\u00ed algunas palabras dichas en la reuni\u00f3n:<\/p>\n<p>El presidente de Cuba, Miguel D\u00edaz-Canel, habl\u00f3 tambi\u00e9n por la calle del medio: \u201cAm\u00e9rica Latina no es patio de nadie\u201d. El canciller de Granada, Joseph Andall, denunci\u00f3 presiones de los gringos para unirse a agresi\u00f3n contra Venezuela. El primer ministro de Dominica, Roosevelt Skerrit, fue bastante claro: \u201ceste no es el momento de tener miedo, sino el de fortalecer nuestros lazos de cooperaci\u00f3n y solidaridad\u201d.<\/p>\n<h2 class=\"wp-block-heading\">Venezuela est\u00e1 en \u201cpaz y tranquilidad\u201d<\/h2>\n<p>Es muy importante hacer notar el ambiente que se vive en este momento en Venezuela, porque cualquiera que no viva aqu\u00ed pudiera f\u00e1cilmente pensar que todos estamos en una terrible situaci\u00f3n por la amenaza b\u00e9lica de Estados Unidos. Aunque no hay que subestimar el escenario, la realidad es que estamos en diciembre y la gente est\u00e1 viviendo su vida, preparando las Navidades. Y as\u00ed lo constat\u00f3 Diosdado Cabello, que el fin de semana se lanz\u00f3 un recorrido por Caracas para, precisamente, ver y comprobar c\u00f3mo est\u00e1 la cosa.<\/p>\n<p>\u00bfQu\u00e9 encontr\u00f3? Bueno, en sus palabras:<\/p>\n<p><em>\u201cLe hemos dado la vuelta a la capital y a otros sitios, y la situaci\u00f3n es exactamente la misma: tranquilidad. La gente disfruta de sus fiestas y de su rumba de alegr\u00eda en Venezuela\u201d.<\/em><\/p>\n<blockquote class=\"instagram-media\" data-instgrm-captioned=\"\" data-instgrm-permalink=\"https:\/\/www.instagram.com\/reel\/DSOoZGnjcAb\/?utm_source=ig_embed&amp;utm_campaign=loading\" data-instgrm-version=\"14\" style=\" background:#FFF; border:0; border-radius:3px; box-shadow:0 0 1px 0 rgba(0,0,0,0.5),0 1px 10px 0 rgba(0,0,0,0.15); margin: 1px; max-width:540px; min-width:326px; padding:0; width:99.375%; width:-webkit-calc(100% - 2px); width:calc(100% - 2px);\"\/>\n<p>Diosdado dijo que el contrapeso al terror psicol\u00f3gico que nos quieren meter es \u201cla fiesta de la alegr\u00eda en Venezuela, fiesta de paz y tranquilidad\u201d. El robo de petr\u00f3leo, los asesinatos en el Caribe, las provocaciones con aviones cerca de territorio venezolano son para meternos miedo. \u201cHacen todo eso para tratar de amedrentarnos, pero a este pueblo no le mete miedo nadie\u201d, remat\u00f3.<\/p>\n<h2 class=\"wp-block-heading\">El peligro en el Caribe<\/h2>\n<p>Hablando de lo que hacen los gringos con su despliegue militar en el Caribe, ayer sali\u00f3 una noticia que ilustra parte del problema que representan: un avi\u00f3n de guerra estadounidense casi choca con un avi\u00f3n civil de pasajeros que hab\u00eda despegado en Curazao.<\/p>\n<p>\u201cCasi tuvimos una colisi\u00f3n en el aire\u201d, dijo el piloto de JetBlue, seg\u00fan una grabaci\u00f3n de su conversaci\u00f3n con el control de tr\u00e1fico a\u00e9reo. \u201cPasaron directamente en nuestra ruta de vuelo\u2026 No tienen el transpondedor encendido, es escandaloso\u201d.<\/p>\n<p>\ud83d\udc49 Lee m\u00e1s sobre lo sucedido aqu\u00ed.<\/p>\n<h2 class=\"wp-block-heading\">Espacio a\u00e9reo blindado<\/h2>\n<p>Y a prop\u00f3sito de eso, el general Vladimir Padrino resalt\u00f3 las capacidades del Comando de Defensa Aeroespacial Integral (Codai) de Venezuela. Un comunicado por el aniversario del ente sirvi\u00f3 para comentar que el pa\u00eds est\u00e1 listo para responder ante cualquier agresi\u00f3n.<\/p>\n<p><em>\u201cCon sus modernos radares, sistemas misil\u00edsticos, artiller\u00eda antia\u00e9rea y el empleo de aeronaves en estrecha coordinaci\u00f3n con la Aviaci\u00f3n Militar Bolivariana, el Codai se ha convertido en la vanguardia de la defensa integral de la naci\u00f3n\u201d.<\/em><\/p>\n<p>El viernes Padrino ya hab\u00eda mandado un mensaje claro a los gringos: \u201cNo se equivoquen con nosotros\u201d. M\u00edralo en UN24:<\/p>\n<figure class=\"wp-block-embed is-type-video is-provider-youtube wp-block-embed-youtube wp-embed-aspect-16-9 wp-has-aspect-ratio\">\n<p> <iframe loading=\"lazy\" title=\"Padrino L\u00f3pez: Trump quiere generar una guerra en Latinoam\u00e9rica\" width=\"618\" height=\"348\" src=\"https:\/\/www.youtube.com\/embed\/wHwJm-6IA4E?feature=oembed\" frameborder=\"0\" allow=\"accelerometer; autoplay; clipboard-write; encrypted-media; gyroscope; picture-in-picture; web-share\" referrerpolicy=\"strict-origin-when-cross-origin\" allowfullscreen><\/iframe><\/p>\n<\/figure>\n<h2 class=\"wp-block-heading\">No, gracias<\/h2>\n<p>Otra noticia bien interesante es la posici\u00f3n que varios intelectuales internacionales han asumido con respecto a la absurda decisi\u00f3n del Premio Nobel de la Paz y otras decisiones que de \u00e9l se desprenden. La escritora y periodista colombiana Laura Restrepo cancel\u00f3 su participaci\u00f3n en el \u201cHay Festival de Literatura y Artes\u201d que se realiza a\u00f1o tras a\u00f1o en varios pa\u00edses por la decisi\u00f3n de la organizaci\u00f3n de invitar al cap\u00edtulo colombiano del evento a Mar\u00eda Machado. En su carta no pudo ser m\u00e1s clara:<\/p>\n<p><em>\u201c\u2026 invitar como ponente a la se\u00f1ora Machado ha sido cruzar la raya.<br \/>No se le puede dar tarima y facilitar audiencia a quien, como la se\u00f1ora Machado, promueve posturas y actividades a favor del sometimiento de nuestros pueblos y contra la soberan\u00eda de nuestros pa\u00edses. Con la intervenci\u00f3n imperialista no se discute, sino que se la rechaza sin miramientos\u201d.<\/em><\/p>\n<p>Tambi\u00e9n rechazaron participar, por la misma raz\u00f3n, el escritor colombiano Giuseppe Caputo y la escritora dominicana Mikaelah Drullard.<\/p>\n<p>\ud83d\udc49 Lee m\u00e1s sobre este tema aqu\u00ed.<\/p>\n<h2 class=\"wp-block-heading\">Tipo de cambio<\/h2>\n<p>El Banco Central de Venezuela inform\u00f3 que las mesas de cambio el viernes arrojaron un promedio de <strong>270,78 bol\u00edvares por d\u00f3lar.<\/strong> Recuerda que esta es la \u00fanica tasa v\u00e1lida para cualquier transacci\u00f3n del d\u00eda de hoy.<\/p>\n<figure class=\"wp-block-image\"><img decoding=\"async\" class=\"lazyload\" src=\"https:\/\/substackcdn.com\/image\/fetch\/$s_!KbPH!,w_1456,c_limit,f_auto,q_auto:good,fl_progressive:steep\/https%3A%2F%2Fsubstack-post-media.s3.amazonaws.com%2Fpublic%2Fimages%2F42ec7753-e276-464d-afa2-3867e184c248_1280x1280.webp\" alt=\"Puede ser una imagen de texto que diga \" bcv=\"\" banco=\"\" central=\"\" de=\"\" venezuela=\"\" tipo=\"\" camblo=\"\" referencia=\"\" el=\"\" cambio=\"\" publicado=\"\" por=\"\" es=\"\" promedio=\"\" ponderado=\"\" resultante=\"\" las=\"\" operaciones=\"\" diarias=\"\" mesas=\"\" activas=\"\" instituciones=\"\" bancarias=\"\" participantes.=\"\" bs=\"\" eur=\"\" pec=\"\" cny=\"\" try=\"\" rub=\"\" usd=\"\" fecha=\"\" valor:=\"\" lunes=\"\" diciembre=\"\" www.bcv.org.ve=\"\" ve=\"\" ocv.on=\"\" venczuela=\"\" https=\"\" https:=\"\" title=\"Puede ser una imagen de texto que diga \"\/><img decoding=\"async\" class=\"lazyload\" src=\"https:\/\/substackcdn.com\/image\/fetch\/$s_!KbPH!,w_1456,c_limit,f_auto,q_auto:good,fl_progressive:steep\/https%3A%2F%2Fsubstack-post-media.s3.amazonaws.com%2Fpublic%2Fimages%2F42ec7753-e276-464d-afa2-3867e184c248_1280x1280.webp\" alt=\"Puede ser una imagen de texto que diga \" bcv=\"\" banco=\"\" central=\"\" de=\"\" venezuela=\"\" tipo=\"\" camblo=\"\" referencia=\"\" el=\"\" cambio=\"\" publicado=\"\" por=\"\" es=\"\" promedio=\"\" ponderado=\"\" resultante=\"\" las=\"\" operaciones=\"\" diarias=\"\" mesas=\"\" activas=\"\" instituciones=\"\" bancarias=\"\" participantes.=\"\" bs=\"\" eur=\"\" pec=\"\" cny=\"\" try=\"\" rub=\"\" usd=\"\" fecha=\"\" valor:=\"\" lunes=\"\" diciembre=\"\" www.bcv.org.ve=\"\" ve=\"\" ocv.on=\"\" venczuela=\"\" https=\"\" https:=\"\" title=\"Puede ser una imagen de texto que diga \"\/><\/figure>\n<h2 class=\"wp-block-heading\">Chile: Pinochet vuelve a La Moneda<\/h2>\n<p>Pas\u00f3 lo que sab\u00edamos que iba a pasar. El candidato pinochetista, el fascista imitador de Donald Trump y antivenezolano Jos\u00e9 Antonio Kast, gan\u00f3 la elecci\u00f3n presidencial ayer con 20 puntos de ventaja sobre la candidata de la coalici\u00f3n de \u201ccentro-izquierda\u201d Jeanette Jara. Kast, reconocido seguidor del dictador asesino Augusto Pinochet, amenaz\u00f3 con expulsar por la fuerza a los migrantes de Chile y su campa\u00f1a gir\u00f3 en buena parte en torno a la xenofobia. No hay nada bueno para esperar del nuevo gobierno chileno.<\/p>\n<h2 class=\"wp-block-heading\">Tiroteos masivos en EEUU y Australia<\/h2>\n<p>Fueron noticia dos tiroteos masivos este fin de semana. Uno fue en la Universidad de Brown, en el estado gringo de Rhode Island. Un sujeto vestido de negro entr\u00f3 a un aula de la Facultad de Ingenier\u00eda donde se realizaban ex\u00e1menes finales comenz\u00f3 a disparar. Mat\u00f3 a dos e hiri\u00f3 a otras nueve personas. El otro suceso ocurri\u00f3 en S\u00eddney, Australia, donde dos tiradores abrieron fuego contra un gent\u00edo en una fiesta en la playa ayer domingo. 15 muertos y alrededor de 30 heridos fue el saldo final.<\/p>\n<h2 class=\"wp-block-heading\">Ucrania: parece que avanzan<\/h2>\n<p>Ayer se reuni\u00f3 Zelenski con una delegaci\u00f3n gringa en Alemania para avanzar en un acuerdo de paz con Rusia. Seg\u00fan informes de prensa, parece que el ucraniano por fin se abri\u00f3 a conceder uno de los puntos de honor de Mosc\u00fa: que Ucrania renuncia a su intenci\u00f3n de unirse a la Otan. De hecho, debes recordar que por ah\u00ed fue que comenz\u00f3 todo. Pero bueno, habr\u00e1 que ver con cautela c\u00f3mo avanza la cosa, porque al mismo tiempo la Uni\u00f3n Europea tom\u00f3 la decisi\u00f3n de bloquear indefinidamente los activos de Rusia que se encuentran congelados en Europa, unos 246.000 millones de d\u00f3lares.<\/p>\n<h2 class=\"wp-block-heading\">M\u00e1s noticias \ud83c\udf0e<\/h2>\n<p>\ud83d\udccc Estados Unidos suspende programa de reunificaci\u00f3n familiar a 7 pa\u00edses<\/p>\n<p>\ud83d\udccc Rusia promete respuesta tras congelaci\u00f3n de activos por parte de la UE<\/p>\n<h2 class=\"wp-block-heading\">\ud83d\udcfa Con\u00e9ctate ya con la nueva televisi\u00f3n<\/h2>\n<p>Y para que no te pierdas de nada, aqu\u00ed te dejo el enlace al noticiero de <strong><em>un24.tv, tu canal streaming con Venezuela en directo.<\/em><\/strong><\/p>\n<figure class=\"wp-block-embed is-type-video is-provider-youtube wp-block-embed-youtube wp-embed-aspect-16-9 wp-has-aspect-ratio\">\n<p> <iframe loading=\"lazy\" title=\"Noticiero UN24\" width=\"618\" height=\"348\" src=\"https:\/\/www.youtube.com\/embed\/NpKGIthjH-Q?feature=oembed\" frameborder=\"0\" allow=\"accelerometer; autoplay; clipboard-write; encrypted-media; gyroscope; picture-in-picture; web-share\" referrerpolicy=\"strict-origin-when-cross-origin\" allowfullscreen><\/iframe><\/p>\n<\/figure>\n<p><strong>\ud83d\udc49 <\/strong><strong>Suscr\u00edbete aqu\u00ed al nuevo canal de Telegram de El Informante <\/strong><strong>\ud83d\udcf2<\/strong><\/p>\n<p>Feliz arranque de semana. Recuerda que para mantenerte al d\u00eda, todo el d\u00eda, lo \u00fanico que tienes que hacer es conectarte con ultimasnoticias.com.ve, (@UNoticias) en X, TikTok, Threads, Facebook, Instagram, LinkedIn y tambi\u00e9n en nuestro canal de Telegram (@UNoticias). Te invito adem\u00e1s a \u00a1leer el diario impreso! Busca ya tu ejemplar de <strong>\u00daltimas Noticias.<\/strong><\/p>\n<p><strong>Y no te olvides de que la nueva televisi\u00f3n<\/strong> est\u00e1 en <strong>ONU24<\/strong><strong>,<\/strong> en directo por YouTube, NetUno Go, Inter Go, Aba TV Go, Thundernet, Fulldata, Cablepar, 360net, Datalink, Cantv Satelital, FTA de Conatel, Roku, FireTV, Rumble, Twitch, Facebook y Telegram, o baj\u00e1ndote la app para Android.<\/p>\n<p>Nos leemos de nuevo ma\u00f1ana.<\/p>\n<h4 class=\"wp-block-heading\">\u00c1ngel \u270c<\/h4>\n<\/div>\n<p><script async src=\"\/\/www.instagram.com\/embed.js\"><\/script><script async src=\"\/\/www.tiktok.com\/embed.js\"><\/script><br \/>\n<br \/>\n","protected":false},"excerpt":{"rendered":"<p>Los pa\u00edses el ALBA (Alianza Bolivariana para los Pueblos de Nuestra Am\u00e9rica) se le pararon de frente a Estados Unidos para rechazar la escandalosa estrategia de seguridad nacional que el gobierno de Trump public\u00f3 hace poco m\u00e1s de una semana. No es cualquier cosa, el ALBA est\u00e1 conformada actualmente por Venezuela, Cuba, Nicaragua, Antigua y &hellip;<\/p>\n","protected":false},"author":1,"featured_media":53975,"comment_status":"open","ping_status":"open","sticky":false,"template":"","format":"standard","meta":{"fifu_image_url":"https:\/\/ultimasnoticias.com.ve\/wp-content\/uploads\/2025\/12\/alba-tcp-2-scaled.jpg","fifu_image_alt":"","footnotes":""},"categories":[13],"tags":[],"class_list":["post-53973","post","type-post","status-publish","format-standard","has-post-thumbnail","","category-mundo"],"_links":{"self":[{"href":"https:\/\/noticiasveraces.com\/index.php?rest_route=\/wp\/v2\/posts\/53973","targetHints":{"allow":["GET"]}}],"collection":[{"href":"https:\/\/noticiasveraces.com\/index.php?rest_route=\/wp\/v2\/posts"}],"about":[{"href":"https:\/\/noticiasveraces.com\/index.php?rest_route=\/wp\/v2\/types\/post"}],"author":[{"embeddable":true,"href":"https:\/\/noticiasveraces.com\/index.php?rest_route=\/wp\/v2\/users\/1"}],"replies":[{"embeddable":true,"href":"https:\/\/noticiasveraces.com\/index.php?rest_route=%2Fwp%2Fv2%2Fcomments&post=53973"}],"version-history":[{"count":0,"href":"https:\/\/noticiasveraces.com\/index.php?rest_route=\/wp\/v2\/posts\/53973\/revisions"}],"wp:featuredmedia":[{"embeddable":true,"href":"https:\/\/noticiasveraces.com\/index.php?rest_route=\/wp\/v2\/media\/53975"}],"wp:attachment":[{"href":"https:\/\/noticiasveraces.com\/index.php?rest_route=%2Fwp%2Fv2%2Fmedia&parent=53973"}],"wp:term":[{"taxonomy":"category","embeddable":true,"href":"https:\/\/noticiasveraces.com\/index.php?rest_route=%2Fwp%2Fv2%2Fcategories&post=53973"},{"taxonomy":"post_tag","embeddable":true,"href":"https:\/\/noticiasveraces.com\/index.php?rest_route=%2Fwp%2Fv2%2Ftags&post=53973"}],"curies":[{"name":"wp","href":"https:\/\/api.w.org\/{rel}","templated":true}]}}