{"id":53967,"date":"2025-12-15T06:40:24","date_gmt":"2025-12-15T10:40:24","guid":{"rendered":"https:\/\/noticiasveraces.com\/?p=53967"},"modified":"2025-12-15T06:40:24","modified_gmt":"2025-12-15T10:40:24","slug":"el-director-ejecutivo-de-mcdonalds-chris-kempczinski-da-contundentes-consejos-profesionales","status":"publish","type":"post","link":"https:\/\/noticiasveraces.com\/?p=53967","title":{"rendered":"El director ejecutivo de McDonald&#8217;s, Chris Kempczinski, da contundentes consejos profesionales"},"content":{"rendered":"<p> \n<\/p>\n<div><!----> <!----> <\/p>\n<div class=\"featured featured-video video-ct\">\n<div class=\"contain\">\n<div class=\"info\">\n<div class=\"caption\">\n<p>Al hablar en la Cumbre de Impacto de McDonald&#8217;s, el presidente Donald Trump inst\u00f3 a la compa\u00f1\u00eda a poner m\u00e1s salsa t\u00e1rtara en el Filet-O-Fish.<\/p>\n<\/div>\n<\/div>\n<\/div>\n<\/div>\n<p>El director ejecutivo de McDonald&#8217;s, Chris Kempczinski, comparti\u00f3 recientemente algunos consejos profesionales contundentes y advirti\u00f3 a los espectadores que podr\u00edan \u00abherir sus sentimientos\u00bb.<\/p>\n<p>En un v\u00eddeo publicado en su cuenta de Instagram a principios de esta semana titulado \u00abAmor duro con el director ejecutivo de McDonald&#8217;s\u00bb, Kempczinski alent\u00f3 a las personas a tomar plena responsabilidad de sus viajes profesionales en lugar de esperar a que otros les abran las puertas.<\/p>\n<p>\u00abEl consejo que le dar\u00eda es: recuerde, a nadie le importa tanto su carrera como a usted\u00bb, dijo Kempczinski. \u00abAs\u00ed que esta idea de que hay alguien ah\u00ed fuera que te cuida, que se asegurar\u00e1 de que tengas esa oportunidad, que te coloque en el lugar correcto (genial si sucede), pero al final del d\u00eda, a nadie le importa m\u00e1s tu carrera que a ti\u00bb.<\/p>\n<p><strong>TRUMP, UNO DE LOS &#8216;CLIENTES M\u00c1S LEALES DE TODOS LOS TIEMPOS&#8217; DE MCDONALD&#8217;S, OFRECE SUGERENCIA DE FILETO DE PESCADO<\/strong><\/p>\n<div class=\"inline image-ct\">\n<div class=\"m\"><picture><source media=\"(max-width: 767px)\" srcset=\"https:\/\/a57.foxnews.com\/static.foxbusiness.com\/foxbusiness.com\/content\/uploads\/2025\/08\/343\/192\/mcdonalds-ceo-chris-kempczinski.jpg?ve=1&amp;tl=1, https:\/\/a57.foxnews.com\/static.foxbusiness.com\/foxbusiness.com\/content\/uploads\/2025\/08\/686\/384\/mcdonalds-ceo-chris-kempczinski.jpg?ve=1&amp;tl=1 2x\"><source media=\"(min-width: 768px) and (max-width: 1023px)\" srcset=\"https:\/\/a57.foxnews.com\/static.foxbusiness.com\/foxbusiness.com\/content\/uploads\/2025\/08\/672\/378\/mcdonalds-ceo-chris-kempczinski.jpg?ve=1&amp;tl=1, https:\/\/a57.foxnews.com\/static.foxbusiness.com\/foxbusiness.com\/content\/uploads\/2025\/08\/1344\/756\/mcdonalds-ceo-chris-kempczinski.jpg?ve=1&amp;tl=1 2x\"><source media=\"(min-width: 1024px) and (max-width: 1279px)\" srcset=\"https:\/\/a57.foxnews.com\/static.foxbusiness.com\/foxbusiness.com\/content\/uploads\/2025\/08\/931\/523\/mcdonalds-ceo-chris-kempczinski.jpg?ve=1&amp;tl=1, https:\/\/a57.foxnews.com\/static.foxbusiness.com\/foxbusiness.com\/content\/uploads\/2025\/08\/1862\/1046\/mcdonalds-ceo-chris-kempczinski.jpg?ve=1&amp;tl=1 2x\"><source media=\"(min-width: 1280px)\" srcset=\"https:\/\/a57.foxnews.com\/static.foxbusiness.com\/foxbusiness.com\/content\/uploads\/2025\/08\/720\/405\/mcdonalds-ceo-chris-kempczinski.jpg?ve=1&amp;tl=1, https:\/\/a57.foxnews.com\/static.foxbusiness.com\/foxbusiness.com\/content\/uploads\/2025\/08\/1440\/810\/mcdonalds-ceo-chris-kempczinski.jpg?ve=1&amp;tl=1 2x\"><img decoding=\"async\" src=\"https:\/\/a57.foxnews.com\/static.foxbusiness.com\/foxbusiness.com\/content\/uploads\/2025\/08\/931\/523\/mcdonalds-ceo-chris-kempczinski.jpg?ve=1&amp;tl=1\" alt=\"Chris Kempczinski, director ejecutivo de McDonald's.\"\/><\/source><\/source><\/source><\/source><\/picture><\/div>\n<div class=\"caption\">\n<p><span>El director ejecutivo de McDonald&#8217;s, Chris Kempczinski, comparti\u00f3 recientemente algunos consejos profesionales contundentes y advirti\u00f3 a los espectadores que podr\u00edan \u00abherir sus sentimientos\u00bb.<\/span><span>  (Corporaci\u00f3n McDonald&#8217;s)<\/span><\/p>\n<\/div>\n<\/div>\n<p>Y a\u00f1adi\u00f3: \u00abAs\u00ed que tienes que ser due\u00f1o de ello. Tienes que hacer que las cosas sucedan por ti mismo\u00bb.<\/p>\n<p>Kempczinski, quien asumi\u00f3 formalmente el cargo de director ejecutivo en noviembre de 2019, tiene una presencia activa en las redes sociales.<\/p>\n<p><strong>MCDONALD&#8217;S TRAE DE VUELTA EL MONOPOLIO DESPU\u00c9S DE CASI UNA D\u00c9CADA CON UN PREMIO EN EFECTIVO DE $1 MILL\u00d3N EN DISPONIBILIDAD<\/strong><\/p>\n<div class=\"inline image-ct\">\n<div class=\"m\"><picture><source media=\"(max-width: 767px)\" srcset=\"https:\/\/a57.foxnews.com\/static.foxbusiness.com\/foxbusiness.com\/content\/uploads\/2025\/05\/343\/192\/mcdonalds-restaurant.jpg?ve=1&amp;tl=1, https:\/\/a57.foxnews.com\/static.foxbusiness.com\/foxbusiness.com\/content\/uploads\/2025\/05\/686\/384\/mcdonalds-restaurant.jpg?ve=1&amp;tl=1 2x\"><source media=\"(min-width: 768px) and (max-width: 1023px)\" srcset=\"https:\/\/a57.foxnews.com\/static.foxbusiness.com\/foxbusiness.com\/content\/uploads\/2025\/05\/672\/378\/mcdonalds-restaurant.jpg?ve=1&amp;tl=1, https:\/\/a57.foxnews.com\/static.foxbusiness.com\/foxbusiness.com\/content\/uploads\/2025\/05\/1344\/756\/mcdonalds-restaurant.jpg?ve=1&amp;tl=1 2x\"><source media=\"(min-width: 1024px) and (max-width: 1279px)\" srcset=\"https:\/\/a57.foxnews.com\/static.foxbusiness.com\/foxbusiness.com\/content\/uploads\/2025\/05\/931\/523\/mcdonalds-restaurant.jpg?ve=1&amp;tl=1, https:\/\/a57.foxnews.com\/static.foxbusiness.com\/foxbusiness.com\/content\/uploads\/2025\/05\/1862\/1046\/mcdonalds-restaurant.jpg?ve=1&amp;tl=1 2x\"><source media=\"(min-width: 1280px)\" srcset=\"https:\/\/a57.foxnews.com\/static.foxbusiness.com\/foxbusiness.com\/content\/uploads\/2025\/05\/720\/405\/mcdonalds-restaurant.jpg?ve=1&amp;tl=1, https:\/\/a57.foxnews.com\/static.foxbusiness.com\/foxbusiness.com\/content\/uploads\/2025\/05\/1440\/810\/mcdonalds-restaurant.jpg?ve=1&amp;tl=1 2x\"><img decoding=\"async\" src=\"https:\/\/a57.foxnews.com\/static.foxbusiness.com\/foxbusiness.com\/content\/uploads\/2025\/05\/931\/523\/mcdonalds-restaurant.jpg?ve=1&amp;tl=1\" alt=\"Una vista exterior de un restaurante de comida r\u00e1pida McDonald's.\"\/><\/source><\/source><\/source><\/source><\/picture><\/div>\n<div class=\"caption\">\n<p><span>Una vista exterior de un restaurante de comida r\u00e1pida McDonald&#8217;s el 24 de mayo de 2024.<\/span><span>  (Paul Weaver\/SOPA Images\/LightRocket\/Getty Images)<\/span><\/p>\n<\/div>\n<\/div>\n<p>Su cuenta de Instagram, que tiene casi 50.000 seguidores, present\u00f3 recientemente v\u00eddeos sobre temas que incluyen el desarrollo profesional, la lucha contra el s\u00edndrome del impostor y las pruebas de sabor de los productos de la cadena de comida r\u00e1pida.<\/p>\n<p>A principios de este a\u00f1o, Kempczinski les dio a sus fan\u00e1ticos una idea de su gusto personal en un video publicado en su p\u00e1gina de LinkedIn, revelando qu\u00e9 elemento del men\u00fa encabeza su lista en el gigante de la comida r\u00e1pida.<\/p>\n<p><strong>EL CEO DE MCDONALD&#8217;S ELIGE AL GANADOR SORPRENDENTE COMO SU ART\u00cdCULO DE MEN\u00da FAVORITO EN EL TORNEO DE LINKEDIN<\/strong><\/p>\n<div class=\"inline image-ct\">\n<div class=\"m\"><picture><source media=\"(max-width: 767px)\" srcset=\"https:\/\/a57.foxnews.com\/static.foxbusiness.com\/foxbusiness.com\/content\/uploads\/2023\/04\/343\/192\/MCDONALD-S-BEEF-CEO-e1680898384241.jpg?ve=1&amp;tl=1, https:\/\/a57.foxnews.com\/static.foxbusiness.com\/foxbusiness.com\/content\/uploads\/2023\/04\/686\/384\/MCDONALD-S-BEEF-CEO-e1680898384241.jpg?ve=1&amp;tl=1 2x\"><source media=\"(min-width: 768px) and (max-width: 1023px)\" srcset=\"https:\/\/a57.foxnews.com\/static.foxbusiness.com\/foxbusiness.com\/content\/uploads\/2023\/04\/672\/378\/MCDONALD-S-BEEF-CEO-e1680898384241.jpg?ve=1&amp;tl=1, https:\/\/a57.foxnews.com\/static.foxbusiness.com\/foxbusiness.com\/content\/uploads\/2023\/04\/1344\/756\/MCDONALD-S-BEEF-CEO-e1680898384241.jpg?ve=1&amp;tl=1 2x\"><source media=\"(min-width: 1024px) and (max-width: 1279px)\" srcset=\"https:\/\/a57.foxnews.com\/static.foxbusiness.com\/foxbusiness.com\/content\/uploads\/2023\/04\/931\/523\/MCDONALD-S-BEEF-CEO-e1680898384241.jpg?ve=1&amp;tl=1, https:\/\/a57.foxnews.com\/static.foxbusiness.com\/foxbusiness.com\/content\/uploads\/2023\/04\/1862\/1046\/MCDONALD-S-BEEF-CEO-e1680898384241.jpg?ve=1&amp;tl=1 2x\"><source media=\"(min-width: 1280px)\" srcset=\"https:\/\/a57.foxnews.com\/static.foxbusiness.com\/foxbusiness.com\/content\/uploads\/2023\/04\/720\/405\/MCDONALD-S-BEEF-CEO-e1680898384241.jpg?ve=1&amp;tl=1, https:\/\/a57.foxnews.com\/static.foxbusiness.com\/foxbusiness.com\/content\/uploads\/2023\/04\/1440\/810\/MCDONALD-S-BEEF-CEO-e1680898384241.jpg?ve=1&amp;tl=1 2x\"><img decoding=\"async\" src=\"https:\/\/a57.foxnews.com\/static.foxbusiness.com\/foxbusiness.com\/content\/uploads\/2023\/04\/931\/523\/MCDONALD-S-BEEF-CEO-e1680898384241.jpg?ve=1&amp;tl=1\" alt=\"Chris Kempczinski, director ejecutivo de McDonald's\"\/><\/source><\/source><\/source><\/source><\/picture><\/div>\n<div class=\"caption\">\n<p><span>Chris Kempczinski habla en un evento de McDonald&#8217;s en Oak Brook, Illinois, el 5 de marzo de 2018. <\/span><span>  (REUTERS\/Richa Naidu\/Fotos de Reuters)<\/span><\/p>\n<\/div>\n<\/div>\n<p><strong><u>OBT\u00c9N FOX BUSINESS SOBRE LA MARCHA HACIENDO CLIC AQU\u00cd<\/u><\/strong><\/p>\n<p>Kempczinski se uni\u00f3 a McDonald&#8217;s en 2015 y anteriormente se desempe\u00f1\u00f3 como presidente de McDonald&#8217;s USA, seg\u00fan el sitio web de la compa\u00f1\u00eda.<\/p>\n<p>Tiene d\u00e9cadas de experiencia trabajando en importantes empresas de consumo, incluidas PepsiCo y Kraft Foods.<\/p>\n<\/div>\n\n","protected":false},"excerpt":{"rendered":"<p>Al hablar en la Cumbre de Impacto de McDonald&#8217;s, el presidente Donald Trump inst\u00f3 a la compa\u00f1\u00eda a poner m\u00e1s salsa t\u00e1rtara en el Filet-O-Fish. El director ejecutivo de McDonald&#8217;s, Chris Kempczinski, comparti\u00f3 recientemente algunos consejos profesionales contundentes y advirti\u00f3 a los espectadores que podr\u00edan \u00abherir sus sentimientos\u00bb. En un v\u00eddeo publicado en su cuenta &hellip;<\/p>\n","protected":false},"author":1,"featured_media":53969,"comment_status":"open","ping_status":"open","sticky":false,"template":"","format":"standard","meta":{"fifu_image_url":"https:\/\/a57.foxnews.com\/static.foxbusiness.com\/foxbusiness.com\/content\/uploads\/2025\/08\/0\/0\/mcdonalds-ceo-chris-kempczinski.jpg?ve=1&tl=1","fifu_image_alt":"","footnotes":""},"categories":[3],"tags":[],"class_list":["post-53967","post","type-post","status-publish","format-standard","has-post-thumbnail","","category-negocio"],"_links":{"self":[{"href":"https:\/\/noticiasveraces.com\/index.php?rest_route=\/wp\/v2\/posts\/53967","targetHints":{"allow":["GET"]}}],"collection":[{"href":"https:\/\/noticiasveraces.com\/index.php?rest_route=\/wp\/v2\/posts"}],"about":[{"href":"https:\/\/noticiasveraces.com\/index.php?rest_route=\/wp\/v2\/types\/post"}],"author":[{"embeddable":true,"href":"https:\/\/noticiasveraces.com\/index.php?rest_route=\/wp\/v2\/users\/1"}],"replies":[{"embeddable":true,"href":"https:\/\/noticiasveraces.com\/index.php?rest_route=%2Fwp%2Fv2%2Fcomments&post=53967"}],"version-history":[{"count":0,"href":"https:\/\/noticiasveraces.com\/index.php?rest_route=\/wp\/v2\/posts\/53967\/revisions"}],"wp:featuredmedia":[{"embeddable":true,"href":"https:\/\/noticiasveraces.com\/index.php?rest_route=\/wp\/v2\/media\/53969"}],"wp:attachment":[{"href":"https:\/\/noticiasveraces.com\/index.php?rest_route=%2Fwp%2Fv2%2Fmedia&parent=53967"}],"wp:term":[{"taxonomy":"category","embeddable":true,"href":"https:\/\/noticiasveraces.com\/index.php?rest_route=%2Fwp%2Fv2%2Fcategories&post=53967"},{"taxonomy":"post_tag","embeddable":true,"href":"https:\/\/noticiasveraces.com\/index.php?rest_route=%2Fwp%2Fv2%2Ftags&post=53967"}],"curies":[{"name":"wp","href":"https:\/\/api.w.org\/{rel}","templated":true}]}}