{"id":53931,"date":"2025-12-14T22:40:10","date_gmt":"2025-12-15T02:40:10","guid":{"rendered":"https:\/\/noticiasveraces.com\/?p=53931"},"modified":"2025-12-14T22:40:10","modified_gmt":"2025-12-15T02:40:10","slug":"el-enfado-por-el-escandalo-del-hospital-de-torrejon-sobrevuela-la-sala-de-espera-sociedad","status":"publish","type":"post","link":"https:\/\/noticiasveraces.com\/?p=53931","title":{"rendered":"El enfado por el esc\u00e1ndalo del Hospital de Torrej\u00f3n sobrevuela la sala de espera | Sociedad"},"content":{"rendered":"<p> \n<br \/><img decoding=\"async\" src=\"https:\/\/imagenes.elpais.com\/resizer\/v2\/GOLCTNFU2ZFSFDVNOTVA526MCI.JPG?auth=b8ea5782ab5b9732ac10eac93d8852c90138ab51a12d10debd6ff1a68bd0d84d\" \/><\/p>\n<div data-dtm-region=\"articulo_cuerpo\">\n<p class=\"\">En el ojo del hurac\u00e1n, todo est\u00e1 en calma. Un d\u00eda normal, a las puertas del Hospital de Torrej\u00f3n (p\u00fablico de gesti\u00f3n privada) no preocupan demasiado los audios que revel\u00f3 EL PA\u00cdS en los que el director ejecutivo del grupo sanitario Ribera pide alargar las listas de espera de ese centro m\u00e9dico para ganar m\u00e1s dinero. Aunque el esc\u00e1ndalo ha abierto el debate sobre los claroscuros del modelo p\u00fablico-privado de gesti\u00f3n sanitaria, el enfado de muchos no se percibe a simple vista sobre el terreno, en el lugar donde se planeaban los recortes. El \u00fanico d\u00eda que se rompi\u00f3 esa calma fue el pasado viernes por la tarde, cuando medio millar de personas se concentraron a las puertas del hospital para quejarse de la espiral de decadencia que atraviesa ese centro m\u00e9dico.<\/p>\n<p class=\"\">Son aquellos con historias similares a la de Manuel Ruiz (de Torrej\u00f3n de Ardoz, 67 a\u00f1os) que sufre un EPOC (enfermedad pulmonar obstructiva cr\u00f3nica) y que no puede hacerse las pruebas que necesita para ir a consulta porque desde octubre \u2015seis d\u00edas despu\u00e9s de que el CEO de Ribera Salud ordenara alargar las listas de espera\u2015 no dejan de cancelarle citas. En estos tres meses ha recibido 13 mensajes casi id\u00e9nticos: \u201cManuel su cita de Neumolog\u00eda Pruebas (&#8230;) ha sido modificada. En breve se le enviar\u00e1 su nueva cita\u201d. \u201cNo van a hacer nada hasta que me muera\u201d, dice preocupado.<\/p>\n<p class=\"\">Es lo que estuvo a punto de pasarle a Carmen Gonz\u00e1lez (de Torrej\u00f3n de Ardoz, 68 a\u00f1os). A ella le operaron del coraz\u00f3n en febrero y su cardi\u00f3logo le dijo que volviera a acudir a consulta en dos meses para revisar que todo estuviese en orden. De nuevo, cancelaci\u00f3n de cita. \u201cFui varias veces a mendigar ventanilla por ventanilla para que me dieran cita, pero nada\u201d, dice. Ocho meses despu\u00e9s de su operaci\u00f3n y sin haber vuelto a ser atendida, sufri\u00f3 un infarto en su casa y la operaron de urgencia. Despu\u00e9s de eso y de presentar una queja ante la Consejer\u00eda de Sanidad, recibi\u00f3 una carta del director del hospital pidi\u00e9ndole disculpas. Desde entonces, dice, respetan sus citas. \u201cCuando le ven las orejas al lobo van detr\u00e1s de ti\u201d, se queja.<\/p>\n<p class=\"\">Es jueves a mediod\u00eda y Martina, cuyo apellido ha sido omitido porque tiene 17 a\u00f1os, sale junto a su madre de hacerse unas curas. El d\u00eda anterior se someti\u00f3 a una operaci\u00f3n de reducci\u00f3n de pecho que llevaba esperando desde los 14. Est\u00e1 al tanto del esc\u00e1ndalo, pero, por el contrario, su impresi\u00f3n del hospital es \u201cpositiva\u201d, dice. \u201cLa operaci\u00f3n no era grave y me dieron el alta en el mismo d\u00eda\u201d, comenta. Sobre los tres a\u00f1os que ha tenido que esperar para pasar por quir\u00f3fano, explica que es algo normal, que est\u00e1 justificado por el tipo de intervenci\u00f3n.<\/p>\n<p class=\"\">Es lo mismo que siente Javier Ojeda (de 44 a\u00f1os), al que operaron en junio de una dolencia en el tend\u00f3n del dedo pulgar de su mano derecha sin hacerle esperar demasiado. De un tiempo a esta parte le ha vuelto a doler, as\u00ed que ha pedido cita para revis\u00e1rselo y en poco m\u00e1s de una hora le han hecho una radiograf\u00eda, un TAC, y en le dar\u00e1n los resultados en unos d\u00edas. \u201cEs verdad que lo m\u00edo no ha implicado en ning\u00fan momento lista de espera\u201d, matiza. El problema, dicen los trabajadores de ese Hospital, no siempre se percibe a simple vista.<\/p>\n<p class=\"\">Ninguno de los sanitarios del Hospital de Torrej\u00f3n con los que ha contactado EL PA\u00cdS se atreve a dar su nombre por el delicado momento que vive el centro. Todos ellos llevan muchos a\u00f1os trabajando all\u00ed y coinciden en la expresi\u00f3n \u201cr\u00e9gimen del terror\u201d para definir su relaci\u00f3n con los mandos de ese hospital. Dicen que se les ha puesto sobre aviso para no hablar con la prensa, pero sus testimonios se validan entre ellos.<\/p>\n<p class=\"\">Una sanitaria explica que son bastante comunes los casos como los de Ojeda, en los que un paciente sometido a una operaci\u00f3n tiene que volver al Hospital meses despu\u00e9s. \u201cLa reincidencia de pacientes es mucho m\u00e1s alta que en el resto de los hospitales porque no nos dejan dedicarles el tiempo que necesitan\u201d, se\u00f1ala. \u201cLa percepci\u00f3n de los pacientes es siempre positiva porque nos esforzamos mucho en poner siempre una sonrisa al atenderlos, aunque estemos todos al 200% y muy quemados\u201d.<\/p>\n<p class=\"\">Esta sanitaria, que ha visto pasar por el mando de ese hospital primero al grupo Ribera, luego a Sanitas, y luego a Ribera de nuevo, cuenta que lo que est\u00e1 haciendo ahora el mando del Hospital no lo hab\u00eda visto \u201cen la vida\u201d. \u201cNos presionan para abarcar al m\u00e1ximo n\u00famero de pacientes posibles para as\u00ed ser m\u00e1s rentables como empresa, aunque eso implique ratios alt\u00edsimas o altas de pacientes que no se han recuperado\u201d, denuncia.<\/p>\n<p class=\"\">La carta que difundi\u00f3 entre sus compa\u00f1eros una anestesista de ese hospital en 2023 evidencia que el problema lleva a\u00f1os sobre la mesa. La envi\u00f3 justo antes de renunciar por las p\u00e9simas condiciones en las que trabajaba y por la manera poco \u00e9tica en la que dice que se resolvieron ciertas situaciones. \u201cTodo son falsas promesas y m\u00e1s desmantelamiento del servicio\u201d, escribi\u00f3. En los seis meses anteriores al 27 de marzo de ese a\u00f1o \u2015fecha en la que esta especialista firma la misiva a la que ha accedido EL PA\u00cdS\u2015, 12 anestesistas hab\u00edan renunciado a seguir trabajando en ese centro hospitalario.<\/p>\n<p class=\"\">Todo eso fue antes de que se revelaran los audios en los que el director ejecutivo del grupo Ribera Salud, Pablo Gallart, dijo que \u201cla elasticidad de la cuenta de resultados a la lista de espera es directa\u201d. Es decir, que cada euro de dinero p\u00fablico que no se destinase a operar pacientes ir\u00eda a parar a la empresa. Al d\u00eda siguiente de hacerse p\u00fablica esa grabaci\u00f3n, Gallart se apart\u00f3 de la gesti\u00f3n de ese \u00fanico hospital y la empresa anuncio una auditor\u00eda \u201den profundidad\u00bb.<\/p>\n<p class=\"\">Por su parte, la presidenta de la Comunidad de Madrid, Isabel D\u00edaz Ayuso, guard\u00f3 silencio sobre el asunto durante dos largos d\u00edas y lo rompi\u00f3 para anunciar que \u201ccualquier mala pr\u00e1ctica ser\u00e1 erradicada con contundencia\u201d. Sin embargo, solo un d\u00eda despu\u00e9s, Ayuso quit\u00f3 peso al contenido de los audios y lo redujo a \u201crencillas entre directivos\u201d.<\/p>\n<p class=\"\">En paralelo, el Ministerio de Sanidad dirigido por M\u00f3nica Garc\u00eda pidi\u00f3 a Ayuso que abra una investigaci\u00f3n para comprobar si se est\u00e1n produciendo episodios similares que no hayan saltado a la prensa en los otros hospitales p\u00fablicos de gesti\u00f3n privada que hay en Madrid, pero no obtuvo respuesta. En cualquier caso, Garc\u00eda anunci\u00f3 que desde su cartera se va a investigar si en el Hospital de Torrej\u00f3n se produjeron m\u00e1s irregularidades.<\/p>\n<\/div>\n\n","protected":false},"excerpt":{"rendered":"<p>En el ojo del hurac\u00e1n, todo est\u00e1 en calma. Un d\u00eda normal, a las puertas del Hospital de Torrej\u00f3n (p\u00fablico de gesti\u00f3n privada) no preocupan demasiado los audios que revel\u00f3 EL PA\u00cdS en los que el director ejecutivo del grupo sanitario Ribera pide alargar las listas de espera de ese centro m\u00e9dico para ganar m\u00e1s &hellip;<\/p>\n","protected":false},"author":1,"featured_media":53933,"comment_status":"open","ping_status":"open","sticky":false,"template":"","format":"standard","meta":{"fifu_image_url":"https:\/\/imagenes.elpais.com\/resizer\/v2\/GOLCTNFU2ZFSFDVNOTVA526MCI.JPG?auth=b8ea5782ab5b9732ac10eac93d8852c90138ab51a12d10debd6ff1a68bd0d84d&width=1200","fifu_image_alt":"","footnotes":""},"categories":[11],"tags":[],"class_list":["post-53931","post","type-post","status-publish","format-standard","has-post-thumbnail","","category-viaje"],"_links":{"self":[{"href":"https:\/\/noticiasveraces.com\/index.php?rest_route=\/wp\/v2\/posts\/53931","targetHints":{"allow":["GET"]}}],"collection":[{"href":"https:\/\/noticiasveraces.com\/index.php?rest_route=\/wp\/v2\/posts"}],"about":[{"href":"https:\/\/noticiasveraces.com\/index.php?rest_route=\/wp\/v2\/types\/post"}],"author":[{"embeddable":true,"href":"https:\/\/noticiasveraces.com\/index.php?rest_route=\/wp\/v2\/users\/1"}],"replies":[{"embeddable":true,"href":"https:\/\/noticiasveraces.com\/index.php?rest_route=%2Fwp%2Fv2%2Fcomments&post=53931"}],"version-history":[{"count":0,"href":"https:\/\/noticiasveraces.com\/index.php?rest_route=\/wp\/v2\/posts\/53931\/revisions"}],"wp:featuredmedia":[{"embeddable":true,"href":"https:\/\/noticiasveraces.com\/index.php?rest_route=\/wp\/v2\/media\/53933"}],"wp:attachment":[{"href":"https:\/\/noticiasveraces.com\/index.php?rest_route=%2Fwp%2Fv2%2Fmedia&parent=53931"}],"wp:term":[{"taxonomy":"category","embeddable":true,"href":"https:\/\/noticiasveraces.com\/index.php?rest_route=%2Fwp%2Fv2%2Fcategories&post=53931"},{"taxonomy":"post_tag","embeddable":true,"href":"https:\/\/noticiasveraces.com\/index.php?rest_route=%2Fwp%2Fv2%2Ftags&post=53931"}],"curies":[{"name":"wp","href":"https:\/\/api.w.org\/{rel}","templated":true}]}}