{"id":53918,"date":"2025-12-14T20:54:44","date_gmt":"2025-12-15T00:54:44","guid":{"rendered":"https:\/\/noticiasveraces.com\/?p=53918"},"modified":"2025-12-14T20:54:44","modified_gmt":"2025-12-15T00:54:44","slug":"padre-e-hijo-mataron-a-15-personas-en-playa-de-australia-dw-15-12-2025","status":"publish","type":"post","link":"https:\/\/noticiasveraces.com\/?p=53918","title":{"rendered":"Padre e hijo mataron a 15 personas en playa de Australia \u2013 DW \u2013 15\/12\/2025"},"content":{"rendered":"<p> \n<\/p>\n<div data-tracking-name=\"rich-text\" data-tracking-skip=\"true\">\n<p>Dos hombres, padre e hijo, mataron a tiros a 15 personas el domingo (14.12.2025) en Bondi Beach, una de las playas m\u00e1s populares de Australia, durante una celebraci\u00f3n de la festividad jud\u00eda de Januc\u00e1, un ataque calificado de \u00abterrorista\u00bb y \u00abantisemita\u00bb por las autoridades.<\/p>\n<p>La polic\u00eda de Nueva Gales del Sur elev\u00f3 el lunes el balance preliminar de 11 a 15 fallecidos, adem\u00e1s de uno de los atacantes. Hay 42 personas hospitalizadas. <\/p>\n<p>Los atacantes son padre e hijo y uno de ellos muri\u00f3 durante la balacera. en la conocida playa de S\u00eddney.<\/p>\n<p>\u00abEl hombre de 50 a\u00f1os falleci\u00f3. El de 24 a\u00f1os se encuentra actualmente en el hospital\u00bb, declar\u00f3 en una rueda de prensa el comisario de polic\u00eda de Nueva Gales del Sur, Mal Lanyon, que precis\u00f3 que las autoridades no est\u00e1n buscando a ning\u00fan otro sospechoso.<\/p>\n<h2>Albanese condena \u00abodio y violencia\u00bb<\/h2>\n<p>El primer ministro australiano, Anthony Albanese, declar\u00f3 en un discurso televisado que fue \u00abun ataque dirigido contra los jud\u00edos australianos\u00bb durante Januc\u00e1, una festividad conocida como la Fiesta de las Luces, que debi\u00f3 ser \u00abun d\u00eda de alegr\u00eda\u00bb.<\/p>\n<p>\u00abUn acto de maldad, antisemitismo y terrorismo que ha golpeado el coraz\u00f3n de nuestra naci\u00f3n\u00bb, a\u00f1adi\u00f3.<\/p>\n<p>Albanese decret\u00f3 que las banderas ondear\u00e1n a media asta en se\u00f1al de duelo y advirti\u00f3 que \u00abAustralia nunca se someter\u00e1 al odio ni a la violencia. Nos mantendremos unidos y no permitiremos que nos dividan como naci\u00f3n\u00bb.<\/p>\n<p>El mandatario a\u00f1adi\u00f3 que el Gobierno est\u00e1 dispuesto a adoptar \u00abtodo lo que sea necesario\u00bb para combatir el antisemitismo, incluido un eventual endurecimiento legislativo una vez concluya la investigaci\u00f3n policial.<\/p>\n<h2>Polic\u00eda: fue un ataque \u00abterrorista\u00bb<\/h2>\n<p>La polic\u00eda calific\u00f3 el tiroteo como un acto \u00abterrorista\u00bb y dijo haber encontrado \u00abartefactos explosivos improvisados\u00bb en un veh\u00edculo cerca de la playa vinculado al sospechoso fallecido.<\/p>\n<p>Unas 1.000 personas se congregaron en la playa de Bondi para celebrar Januc\u00e1, inform\u00f3 la polic\u00eda. <\/p>\n<p>\u00abEscuchamos los disparos. Fue impactante; se sinti\u00f3 como diez minutos solo &#8216;bang, bang, bang&#8217;. Parec\u00eda un arma potente\u00bb, dijo a AFP Camilo D\u00edaz, un estudiante chileno de 25 a\u00f1os que estaba en el lugar.<\/p>\n<p>gs (afp, efe)<\/p>\n<\/div>\n\n","protected":false},"excerpt":{"rendered":"<p>Dos hombres, padre e hijo, mataron a tiros a 15 personas el domingo (14.12.2025) en Bondi Beach, una de las playas m\u00e1s populares de Australia, durante una celebraci\u00f3n de la festividad jud\u00eda de Januc\u00e1, un ataque calificado de \u00abterrorista\u00bb y \u00abantisemita\u00bb por las autoridades. La polic\u00eda de Nueva Gales del Sur elev\u00f3 el lunes el &hellip;<\/p>\n","protected":false},"author":1,"featured_media":53919,"comment_status":"open","ping_status":"open","sticky":false,"template":"","format":"standard","meta":{"fifu_image_url":"https:\/\/static.dw.com\/image\/75154305_6.jpg","fifu_image_alt":"","footnotes":""},"categories":[13],"tags":[],"class_list":["post-53918","post","type-post","status-publish","format-standard","has-post-thumbnail","","category-mundo"],"_links":{"self":[{"href":"https:\/\/noticiasveraces.com\/index.php?rest_route=\/wp\/v2\/posts\/53918","targetHints":{"allow":["GET"]}}],"collection":[{"href":"https:\/\/noticiasveraces.com\/index.php?rest_route=\/wp\/v2\/posts"}],"about":[{"href":"https:\/\/noticiasveraces.com\/index.php?rest_route=\/wp\/v2\/types\/post"}],"author":[{"embeddable":true,"href":"https:\/\/noticiasveraces.com\/index.php?rest_route=\/wp\/v2\/users\/1"}],"replies":[{"embeddable":true,"href":"https:\/\/noticiasveraces.com\/index.php?rest_route=%2Fwp%2Fv2%2Fcomments&post=53918"}],"version-history":[{"count":0,"href":"https:\/\/noticiasveraces.com\/index.php?rest_route=\/wp\/v2\/posts\/53918\/revisions"}],"wp:featuredmedia":[{"embeddable":true,"href":"https:\/\/noticiasveraces.com\/index.php?rest_route=\/wp\/v2\/media\/53919"}],"wp:attachment":[{"href":"https:\/\/noticiasveraces.com\/index.php?rest_route=%2Fwp%2Fv2%2Fmedia&parent=53918"}],"wp:term":[{"taxonomy":"category","embeddable":true,"href":"https:\/\/noticiasveraces.com\/index.php?rest_route=%2Fwp%2Fv2%2Fcategories&post=53918"},{"taxonomy":"post_tag","embeddable":true,"href":"https:\/\/noticiasveraces.com\/index.php?rest_route=%2Fwp%2Fv2%2Ftags&post=53918"}],"curies":[{"name":"wp","href":"https:\/\/api.w.org\/{rel}","templated":true}]}}