{"id":53915,"date":"2025-12-14T20:52:37","date_gmt":"2025-12-15T00:52:37","guid":{"rendered":"https:\/\/noticiasveraces.com\/?p=53915"},"modified":"2025-12-14T20:52:37","modified_gmt":"2025-12-15T00:52:37","slug":"cuando-se-entrega-el-premio-the-best-2025-fecha-y-hora-para-colombia-curiosidades-de-futbol","status":"publish","type":"post","link":"https:\/\/noticiasveraces.com\/?p=53915","title":{"rendered":"\u00bfCu\u00e1ndo se entrega el premio The Best 2025? Fecha y hora para Colombia | Curiosidades de f\u00fatbol"},"content":{"rendered":"<p> \n<br \/><img decoding=\"async\" src=\"https:\/\/www.futbolred.com\/files\/article_graphic\/uploads\/2021\/11\/09\/618ab7e22babc.jpeg\" \/><\/p>\n<div id=\"cuerpoArticulo\">\n<p class=\"texto intro cnx-companion-firstparagraph\" id=\"p259962-m295-294-296\">La<b> fifa <\/b>confirm\u00f3 este domingo la fecha para la entrega del premio <b>Lo mejor 2025<\/b> donde se entregar\u00e1 uno de los galardones individuales m\u00e1s importantes en el f\u00fatbol mundial.  <\/p>\n<p>El ente rector de este deporte inform\u00f3 a trav\u00e9s de sus canales oficiales que la gala tendr\u00e1 lugar este martes 16 de diciembre a las 12:00 p.m. (hora colombiana) y se har\u00e1 en Doha, Catar por un motivo en especial.  <\/p>\n<p>Y es que gran parte de las estrellas nominadas al menos para el premio a nivel masculino son del PSG que jugar\u00e1 la Copa Intercontinental al d\u00eda siguiente ante Flamengo en Rayan.<\/p>\n<p class=\"texto contenido-parrafo-articulo cnx-companion-paragraph\" id=\"p259962-m313-2-314\">El gran favorito a ganar el galard\u00f3n masculino es Ousmane Dembel\u00e9 mientras que el femenino podr\u00eda ser para Aitana Bonmat\u00ed, ambos ganadores del Bal\u00f3n de Oro hace unos meses.  <\/p>\n<p>Recordemos que las categor\u00edas al premio son: The Best a la Jugadora de la FIFA, The Best al Jugador de la FIFA, The Best al Entrenador de la FIFA de F\u00fatbol Femenino, The Best al Entrenador de la FIFA de F\u00fatbol Masculino, The Best a la Guardameta de la FIFA y The Best al Guardameta de la FIFA y tambi\u00e9n se conocer\u00e1 el ganador del Premio Pusk\u00e1s, el Premio Marta y el premio Fair Play. <\/p>\n<p>Vale se\u00f1alar que dentro de varias categor\u00edas hay presencia colombiana como es el caso de Jhon Arias y Kevin Mier que est\u00e1n nominados al XI ideal de la FIFA y a nivel femenino est\u00e1n opcionadas Katherine Tapia, Leicy Santos y Mayra Ram\u00edrez.<\/p>\n<\/div>\n\n","protected":false},"excerpt":{"rendered":"<p>La fifa confirm\u00f3 este domingo la fecha para la entrega del premio Lo mejor 2025 donde se entregar\u00e1 uno de los galardones individuales m\u00e1s importantes en el f\u00fatbol mundial. El ente rector de este deporte inform\u00f3 a trav\u00e9s de sus canales oficiales que la gala tendr\u00e1 lugar este martes 16 de diciembre a las 12:00 &hellip;<\/p>\n","protected":false},"author":1,"featured_media":53917,"comment_status":"open","ping_status":"open","sticky":false,"template":"","format":"standard","meta":{"fifu_image_url":"https:\/\/www.futbolred.com\/files\/og_thumbnail\/uploads\/2021\/11\/09\/618ab7e22babc.jpeg","fifu_image_alt":"","footnotes":""},"categories":[6],"tags":[],"class_list":["post-53915","post","type-post","status-publish","format-standard","has-post-thumbnail","","category-deportes"],"_links":{"self":[{"href":"https:\/\/noticiasveraces.com\/index.php?rest_route=\/wp\/v2\/posts\/53915","targetHints":{"allow":["GET"]}}],"collection":[{"href":"https:\/\/noticiasveraces.com\/index.php?rest_route=\/wp\/v2\/posts"}],"about":[{"href":"https:\/\/noticiasveraces.com\/index.php?rest_route=\/wp\/v2\/types\/post"}],"author":[{"embeddable":true,"href":"https:\/\/noticiasveraces.com\/index.php?rest_route=\/wp\/v2\/users\/1"}],"replies":[{"embeddable":true,"href":"https:\/\/noticiasveraces.com\/index.php?rest_route=%2Fwp%2Fv2%2Fcomments&post=53915"}],"version-history":[{"count":0,"href":"https:\/\/noticiasveraces.com\/index.php?rest_route=\/wp\/v2\/posts\/53915\/revisions"}],"wp:featuredmedia":[{"embeddable":true,"href":"https:\/\/noticiasveraces.com\/index.php?rest_route=\/wp\/v2\/media\/53917"}],"wp:attachment":[{"href":"https:\/\/noticiasveraces.com\/index.php?rest_route=%2Fwp%2Fv2%2Fmedia&parent=53915"}],"wp:term":[{"taxonomy":"category","embeddable":true,"href":"https:\/\/noticiasveraces.com\/index.php?rest_route=%2Fwp%2Fv2%2Fcategories&post=53915"},{"taxonomy":"post_tag","embeddable":true,"href":"https:\/\/noticiasveraces.com\/index.php?rest_route=%2Fwp%2Fv2%2Ftags&post=53915"}],"curies":[{"name":"wp","href":"https:\/\/api.w.org\/{rel}","templated":true}]}}