{"id":53900,"date":"2025-12-14T15:34:07","date_gmt":"2025-12-14T19:34:07","guid":{"rendered":"https:\/\/noticiasveraces.com\/?p=53900"},"modified":"2025-12-14T15:34:07","modified_gmt":"2025-12-14T19:34:07","slug":"fondo-indigena-el-caso-de-corrupcion-que-llevo-a-luis-arce-a-la-carcel","status":"publish","type":"post","link":"https:\/\/noticiasveraces.com\/?p=53900","title":{"rendered":"Fondo Ind\u00edgena, el caso de corrupci\u00f3n que llev\u00f3 a Luis Arce a la c\u00e1rcel"},"content":{"rendered":"<p> \n<\/p>\n<div id=\"\">\n<div class=\"image-featured\">\n<img src=\"data:image\/png;base64,iVBORw0KGgoAAAANSUhEUgAABQAAAANUAQAAAADEUL2BAAAAAnRSTlMAAHaTzTgAAACcSURBVHja7cEBDQAAAMKg909tDjegAAAAAAAAAAAAAAAAAAAAAAAAAAAAAAAAAAAAAAAAAAAAAAAAAAAAAAAAAAAAAAAAAAAAAAAAAAAAAAAAAAAAAAAAAAAAAAAAAAAAAAAAAAAAAAAAAAAAAAAAAAAAAAAAAAAAAAAAAAAAAAAAAAAAAAAAAAAAAAAAAAAAAAAAAAAAAAAAgCcDF\/IAAdf6iA4AAAAASUVORK5CYII=\" alt=\"\u00bfQu\u00e9 es el Fondo Ind\u00edgena, el caso de corrupci\u00f3n que llev\u00f3 a Luis Arce a la c\u00e1rcel en Bolivia?\" data-src=\"https:\/\/elnacional-uploads.nyc3.digitaloceanspaces.com\/wp-content\/uploads\/2025\/12\/14145420\/Evo-Morales-y-Luis-Arce-1280x852.png\" decoding=\"async\" class=\"lazyload\" data-eio-rwidth=\"1280\" data-eio-rheight=\"852\"\/><img decoding=\"async\" src=\"https:\/\/elnacional-uploads.nyc3.digitaloceanspaces.com\/wp-content\/uploads\/2025\/12\/14145420\/Evo-Morales-y-Luis-Arce-1280x852.png\" alt=\"\u00bfQu\u00e9 es el Fondo Ind\u00edgena, el caso de corrupci\u00f3n que llev\u00f3 a Luis Arce a la c\u00e1rcel en Bolivia?\" data-eio=\"l\"\/><figcaption>\u00bfQu\u00e9 es el Fondo Ind\u00edgena, el caso de corrupci\u00f3n que llev\u00f3 a Luis Arce a la c\u00e1rcel en Bolivia?<\/figcaption><\/div>\n<p>El Fondo de Desarrollo Ind\u00edgena Originario Campesino (Fondioc) naci\u00f3 con la meta de financiar proyectos para comunidades hist\u00f3ricamente marginadas, <strong>utilizando 5% de la recaudaci\u00f3n del Impuesto Directo a<\/strong> los Hidrocarburos (IDH). No obstante, este programa de desarrollo social, creado en 2005 y operativo desde 2009 bajo el mandato de Evo Morales, <strong>se transform\u00f3 en el epicentro de un gigantesco esc\u00e1ndalo de corrupci\u00f3n en Bolivia.<\/strong><\/p>\n<p>Seg\u00fan reportes de Infobae, entre 2006 y 2014, el Fondioc gestion\u00f3 un total de 3.197 millones de bolivianos, equivalentes a 460 millones de d\u00f3lares. El directorio estaba integrado por representantes del Ejecutivo, incluyendo al entonces ministro de Econom\u00eda,<strong> Luis Arce, y l\u00edderes de organizaciones sociales afines al Movimiento Al Socialismo (MAS).<\/strong><\/p>\n<p>Los primeros indicios serios de irregularidad surgieron en 2015<strong>revelando un manejo financiero turbio que inclu\u00eda la transferencia de fondos<\/strong> a cuentas bancarias personales y el desembolso por proyectos que nunca se ejecutaron o quedaron inconclusos.<\/p>\n<p>El exdirector del Fondioc, Marco Antonio Aramayo, estuvo como uno de los denunciantes clave, pero su rol se revirti\u00f3 dram\u00e1ticamente: enfrent\u00f3 m\u00e1s de 200 procesos penales y <strong>pas\u00f3 siete a\u00f1os detenido hasta su fallecimiento en 2022.<\/strong><\/p>\n<p>Investigaciones period\u00edsticas complementarias revelaron el financiamiento de obras \u201cfantasma\u201d y proyectos sin relaci\u00f3n con el objetivo del fondo, como cursos de formaci\u00f3n para l\u00edderes sindicales.<\/p>\n<p>Entre los casos m\u00e1s ins\u00f3litos de corrupci\u00f3n se document\u00f3 el de un exsenador del MAS, Jorge Choque, quien recibi\u00f3 800.000 d\u00f3lares para obras en una comunidad inexistente que <strong>\u00e9l mismo invent\u00f3 bajo el nombre de Curuxa.<\/strong><\/p>\n<h2 class=\"wp-block-heading\" id=\"h-dano-economico-y-procesos-judiciales\"><strong>Da\u00f1o econ\u00f3mico y procesos judiciales<\/strong><\/h2>\n<p>Aunque el monto exacto del da\u00f1o econ\u00f3mico var\u00eda, el Ministerio P\u00fablico boliviano estim\u00f3 un desfalco de 925 millones de bolivianos (132 millones de d\u00f3lares), <strong>correspondientes a desembolsos realizados para unos 3.500 proyectos,<\/strong> de los cuales menos de la mitad se habr\u00edan concretado.<\/p>\n<p>El esc\u00e1ndalo<strong> implic\u00f3 a altas figuras, marcando un punto de inflexi\u00f3n en 2016<\/strong> con la aprehensi\u00f3n de la exministra de Desarrollo Rural, Nemesia Achacollo, por presuntas irregularidades. Pese a un a\u00f1o de detenci\u00f3n preventiva, Achacollo fue liberada y, aunque el caso <strong>se reactiv\u00f3 recientemente, ha pasado por un largo periodo de dilataciones judiciales.<\/strong><\/p>\n<p>De acuerdo con Infobae, el caso Fondioc experiment\u00f3 una reactivaci\u00f3n tras los cambios pol\u00edticos en Bolivia. Recientemente, <strong>se aprehendi\u00f3 a la exdiputada Lidia Patty por cargos relacionados<\/strong> con la recepci\u00f3n de dinero del fondo en su cuenta personal.<\/p>\n<p>La acci\u00f3n m\u00e1s relevante fue la detenci\u00f3n preventiva del expresidente Luis Arce por cinco meses en el penal de San Pedro, en La Paz. La Fiscal\u00eda lo <strong>acusa de cinco delitos vinculados a presuntas transferencias ilegales de recursos.<\/strong><\/p>\n<p>El ministro de gobierno, Marco Antonio Oviedo, sostuvo que Arce es responsable de un desfalco de 360 millones de bolivianos (aproximadamente 51,7 millones de d\u00f3lares), cifra que <strong>podr\u00eda ser superior si se consideran otros \u00abcasos conexos\u00bb.<\/strong><\/p>\n<p><strong><em>Con informaci\u00f3n de Infobae<\/em><\/strong><\/p>\n<\/div>\n\n","protected":false},"excerpt":{"rendered":"<p>\u00bfQu\u00e9 es el Fondo Ind\u00edgena, el caso de corrupci\u00f3n que llev\u00f3 a Luis Arce a la c\u00e1rcel en Bolivia? El Fondo de Desarrollo Ind\u00edgena Originario Campesino (Fondioc) naci\u00f3 con la meta de financiar proyectos para comunidades hist\u00f3ricamente marginadas, utilizando 5% de la recaudaci\u00f3n del Impuesto Directo a los Hidrocarburos (IDH). No obstante, este programa de &hellip;<\/p>\n","protected":false},"author":1,"featured_media":53901,"comment_status":"open","ping_status":"open","sticky":false,"template":"","format":"standard","meta":{"fifu_image_url":"https:\/\/elnacional-uploads.nyc3.digitaloceanspaces.com\/wp-content\/uploads\/2025\/12\/14145420\/Evo-Morales-y-Luis-Arce.png","fifu_image_alt":"","footnotes":""},"categories":[13],"tags":[],"class_list":["post-53900","post","type-post","status-publish","format-standard","has-post-thumbnail","","category-mundo"],"_links":{"self":[{"href":"https:\/\/noticiasveraces.com\/index.php?rest_route=\/wp\/v2\/posts\/53900","targetHints":{"allow":["GET"]}}],"collection":[{"href":"https:\/\/noticiasveraces.com\/index.php?rest_route=\/wp\/v2\/posts"}],"about":[{"href":"https:\/\/noticiasveraces.com\/index.php?rest_route=\/wp\/v2\/types\/post"}],"author":[{"embeddable":true,"href":"https:\/\/noticiasveraces.com\/index.php?rest_route=\/wp\/v2\/users\/1"}],"replies":[{"embeddable":true,"href":"https:\/\/noticiasveraces.com\/index.php?rest_route=%2Fwp%2Fv2%2Fcomments&post=53900"}],"version-history":[{"count":0,"href":"https:\/\/noticiasveraces.com\/index.php?rest_route=\/wp\/v2\/posts\/53900\/revisions"}],"wp:featuredmedia":[{"embeddable":true,"href":"https:\/\/noticiasveraces.com\/index.php?rest_route=\/wp\/v2\/media\/53901"}],"wp:attachment":[{"href":"https:\/\/noticiasveraces.com\/index.php?rest_route=%2Fwp%2Fv2%2Fmedia&parent=53900"}],"wp:term":[{"taxonomy":"category","embeddable":true,"href":"https:\/\/noticiasveraces.com\/index.php?rest_route=%2Fwp%2Fv2%2Fcategories&post=53900"},{"taxonomy":"post_tag","embeddable":true,"href":"https:\/\/noticiasveraces.com\/index.php?rest_route=%2Fwp%2Fv2%2Ftags&post=53900"}],"curies":[{"name":"wp","href":"https:\/\/api.w.org\/{rel}","templated":true}]}}