{"id":53895,"date":"2025-12-14T14:33:14","date_gmt":"2025-12-14T18:33:14","guid":{"rendered":"https:\/\/noticiasveraces.com\/?p=53895"},"modified":"2025-12-14T14:33:14","modified_gmt":"2025-12-14T18:33:14","slug":"curazao-desmiente-que-maria-corina-haya-transitado-por-la-isla-tras-abandonar-venezuela-correo-del-orinoco","status":"publish","type":"post","link":"https:\/\/noticiasveraces.com\/?p=53895","title":{"rendered":"Curazao desmiente que Mar\u00eda Corina haya transitado por la isla tras abandonar Venezuela &#8211; Correo del Orinoco"},"content":{"rendered":"<p> \n<\/p>\n<div>\n<p>El primer ministro de Curazao, Gilmar Pisas, desmiente y reacciona con sorpresa y \u201cevidente molestia\u201d ante la cobertura internacional que sugiere que la extremista, Mar\u00eda Corina Machado, se traslad\u00f3 a Europa al utilizar la isla como escala clave. As\u00ed lo revelaron medios internacionales<\/p>\n<p>Pisas se mostr\u00f3 enojado por los informes que plantean distintas rutas que involucran a Curazao en el supuesto viaje de Machado, rese\u00f1a una nota de prensa.<\/p>\n<p>\u201cSi Curazao efectivamente fue utilizado como trampol\u00edn para sacar a la Sra. Machado de Venezuela, entonces necesitamos claridad al respecto. El gobierno de Curazao no fue informado de nada\u201d, declar\u00f3.<\/p>\n<p>Se\u00f1al\u00f3 que \u201chay todo tipo de historias circulando\u201d que mencionan Aruba, Curazao, la Guardia Costera e incluso aviones de Estados Unidos y Oslo. Adem\u00e1s, acot\u00f3 que \u201ccomo primer ministro, no he sido informado oficialmente\u201d, insisti\u00f3.<\/p>\n<p>Pisas confirm\u00f3 que ya contact\u00f3 a las autoridades neerlandesas, incluidos los ministros de Exteriores y Defensa, para pedir explicaciones, aunque el gobierno de Pa\u00edses Bajos notific\u00f3 que tampoco ten\u00eda conocimiento de ninguna operaci\u00f3n que vinculara a Machado.<\/p>\n<\/p>\n<h6>T y F\/VTV<\/h6>\n<\/p><\/div>\n\n","protected":false},"excerpt":{"rendered":"<p>El primer ministro de Curazao, Gilmar Pisas, desmiente y reacciona con sorpresa y \u201cevidente molestia\u201d ante la cobertura internacional que sugiere que la extremista, Mar\u00eda Corina Machado, se traslad\u00f3 a Europa al utilizar la isla como escala clave. As\u00ed lo revelaron medios internacionales Pisas se mostr\u00f3 enojado por los informes que plantean distintas rutas que &hellip;<\/p>\n","protected":false},"author":1,"featured_media":53896,"comment_status":"open","ping_status":"open","sticky":false,"template":"","format":"standard","meta":{"fifu_image_url":"http:\/\/www.correodelorinoco.gob.ve\/wp-content\/uploads\/2025\/12\/19.jpg","fifu_image_alt":"","footnotes":""},"categories":[13],"tags":[],"class_list":["post-53895","post","type-post","status-publish","format-standard","has-post-thumbnail","","category-mundo"],"_links":{"self":[{"href":"https:\/\/noticiasveraces.com\/index.php?rest_route=\/wp\/v2\/posts\/53895","targetHints":{"allow":["GET"]}}],"collection":[{"href":"https:\/\/noticiasveraces.com\/index.php?rest_route=\/wp\/v2\/posts"}],"about":[{"href":"https:\/\/noticiasveraces.com\/index.php?rest_route=\/wp\/v2\/types\/post"}],"author":[{"embeddable":true,"href":"https:\/\/noticiasveraces.com\/index.php?rest_route=\/wp\/v2\/users\/1"}],"replies":[{"embeddable":true,"href":"https:\/\/noticiasveraces.com\/index.php?rest_route=%2Fwp%2Fv2%2Fcomments&post=53895"}],"version-history":[{"count":0,"href":"https:\/\/noticiasveraces.com\/index.php?rest_route=\/wp\/v2\/posts\/53895\/revisions"}],"wp:featuredmedia":[{"embeddable":true,"href":"https:\/\/noticiasveraces.com\/index.php?rest_route=\/wp\/v2\/media\/53896"}],"wp:attachment":[{"href":"https:\/\/noticiasveraces.com\/index.php?rest_route=%2Fwp%2Fv2%2Fmedia&parent=53895"}],"wp:term":[{"taxonomy":"category","embeddable":true,"href":"https:\/\/noticiasveraces.com\/index.php?rest_route=%2Fwp%2Fv2%2Fcategories&post=53895"},{"taxonomy":"post_tag","embeddable":true,"href":"https:\/\/noticiasveraces.com\/index.php?rest_route=%2Fwp%2Fv2%2Ftags&post=53895"}],"curies":[{"name":"wp","href":"https:\/\/api.w.org\/{rel}","templated":true}]}}