{"id":53857,"date":"2025-12-14T08:02:06","date_gmt":"2025-12-14T12:02:06","guid":{"rendered":"https:\/\/noticiasveraces.com\/?p=53857"},"modified":"2025-12-14T08:02:06","modified_gmt":"2025-12-14T12:02:06","slug":"abrieron-los-colegios-electorales-en-chile-para-el-balotaje-presidencial-entre-jeannete-jara-y-jose-antonio-kast","status":"publish","type":"post","link":"https:\/\/noticiasveraces.com\/?p=53857","title":{"rendered":"Abrieron los colegios electorales en Chile para el balotaje presidencial entre Jeannete Jara y Jos\u00e9 Antonio Kast"},"content":{"rendered":"<p> \n<\/p>\n<div>\n<p>\n\t\t\t<span rel=\"author\" class=\"fn\">con una pala<\/span>\n\t\t<\/p>\n<p>\t\t<time class=\"entry-date published updated\" datetime=\"2025-12-14T07:58:47-04:00\">diciembre 14 2025, 7:58 am<\/time><br \/>\n\t\t<span class=\"spot-im-replies-count\" data-post-id=\"5849633\"\/><\/p>\n<figure id=\"attachment_5849634\" aria-describedby=\"caption-attachment-5849634\" style=\"width: 1920px\" class=\"wp-caption alignnone\"><img fetchpriority=\"high\" decoding=\"async\" onerror=\"this.onerror=null;this.src=\" https:=\"\" class=\"size-full wp-image-5849634\" src=\"https:\/\/sandia.datanubex.uk\/wp-content\/uploads\/2025\/12\/bbf6aae31083bb8f6aba448ac98e273f5a6cbefdw.jpg\" alt=\"\" width=\"1920\" height=\"1280\"\/><figcaption id=\"caption-attachment-5849634\" class=\"wp-caption-text\">Un hombre vota este domingo, durante la segunda vuelta presidencial en Chile en Paine (Chile). Un total de 3.379 locales de votaci\u00f3n con 40.473 mesas abrieron sus puertas este domingo para dar comienzo a a la segunda vuelta presidencial en Chile, en la que se escoger\u00e1 al sucesor del progresista Gabriel Boric. EFE\/ Elvis Gonz\u00e1lez<\/figcaption><\/figure>\n<\/p>\n<p>Un total de 3.379 locales de votaci\u00f3n con 40.473 mesas abrieron sus puertas este domingo para dar comienzo a las elecciones de la segunda vuelta presidencial en Chile, en las que se escoger\u00e1 al sucesor del progresista Gabriel Boric.<\/p>\n<p>M\u00e1s de 15,6 millones de personas est\u00e1n llamadas a las urnas para ejercer su voto de forma obligatoria y elegir entre la comunista y candidata \u00fanica de una amplia alianza progresista, Jeannete Jara (51), y el ultraderechista y fundador del Partido Republicano (PR), Jos\u00e9 Antonio Kast (59).<\/p>\n<p><!-- Begin Mailchimp Signup Form --><\/p>\n<div id=\"mc_embed_signup\">\n<p><label for=\"mce-EMAIL\">            \u00a1\u00danete al club ahora! Suscr\u00edbete al bolet\u00edn m\u00e1s importante de Venezuela          <\/label><iframe data-test-id=\"beehiiv-embed\" height=\"52\" frameborder=\"0\" scrolling=\"no\" style=\"margin: 0; border-radius: 0px !important; &#10;&#9;&#9;background-color: transparent;\" data-src=\"https:\/\/embeds.beehiiv.com\/cdab9503-16ae-4689-ad4f-1408c727a83a?slim=true\" class=\"lazyload\"><\/iframe><\/p>\n<\/div>\n<p><!--End mc_embed_signup 2--><\/p>\n<p>Seg\u00fan analistas y sondeos publicados antes de la veda, el militante republicano llega a la segunda vuelta como claro favorito, abriendo m\u00e1s interrogantes sobre el margen de victoria que sobre el resultado final.<\/p>\n<p>Tras quedar segundo en la primera vuelta con el 23,9 % de los votos, Kast recibi\u00f3 el apoyo del ultraderechista libertario Johannes Kaiser y de la exalcaldesa Evelyn Matthei, representante de la derecha tradicional, sumando m\u00e1s del 50 % de las preferencias.<\/p>\n<p>Jara, por su parte, obtuvo la primera posici\u00f3n en los comicios de noviembre con un 26,9 % de las preferencias, pero tiene poco espacio para hacer crecer su base electoral pese a ser la candidata \u00fanica de una amplia e in\u00e9dita coalici\u00f3n progresista, que va desde el Partido Comunista hasta la Democracia Cristiana.<\/p>\n<p>Cat\u00f3lico ultraconservador y padre de nueve hijos, Kast ser\u00eda el primer presidente en llegar al poder que hizo campa\u00f1a a favor de la continuidad del general Augusto Pinochet (1973-1990) en el plebiscito de 1988.<\/p>\n<p>A lo largo de su campa\u00f1a, ha basado su discurso y posicionamiento solo en temas de seguridad y migraci\u00f3n, las principales preocupaciones de los chilenos, seg\u00fan sondeos, y ha evitado difundir sus posiciones ultraconservadoras en materia de libertades individuales como su defensa del r\u00e9gimen -su hermano fue un ministro destacado de Pinochet-.<\/p>\n<p>Entre otros puntos, ha eludido aclarar c\u00f3mo planea recortar 6.000 millones de d\u00f3lares del gasto p\u00fablico en los primeros 18 meses de su eventual gobierno y si liberar\u00eda a los exmilitares que cometieron cr\u00edmenes de lesa humanidad durante la dictadura.<\/p>\n<p>Jara, en tanto, ha intentado desmarcarse de la impopularidad del gobierno de Boric y luchado contra un anquilosado anticomunismo muy expandido en Chile, adem\u00e1s de apelar a los riesgos de la ultraderecha y defender su liderazgo al frente de leyes emblem\u00e1ticas como el aumento del salario m\u00ednimo, la reforma de pensiones o la reducci\u00f3n de la jornada laboral a 40 horas.<\/p>\n<p>El presidente que salga de las urnas tendr\u00e1 que lidiar a partir del 11 de marzo con un Parlamento dividido, donde el bloque de derecha y ultraderecha est\u00e1 a dos diputados de la mayor\u00eda en el Congreso y donde los votos de del populista Partido de la Gente (PDG) ser\u00e1n clave.<\/p>\n<p>Desde 2006, el poder se ha alternado entre izquierda y derecha y ning\u00fan presidente le ha entregado la banda presidencial a un sucesor del mismo signo pol\u00edtico.<\/p>\n<p>Los centros de votaci\u00f3n estar\u00e1n abiertos hasta las 18:00 hora local (21:00 GMT) y se espera que los resultados est\u00e9n un par de horas despu\u00e9s. <strong>EFE<\/strong><\/p>\n<p><!-- CONTENT END 1 -->\n\t<\/div>\n\n","protected":false},"excerpt":{"rendered":"<p>con una pala diciembre 14 2025, 7:58 am Un hombre vota este domingo, durante la segunda vuelta presidencial en Chile en Paine (Chile). Un total de 3.379 locales de votaci\u00f3n con 40.473 mesas abrieron sus puertas este domingo para dar comienzo a a la segunda vuelta presidencial en Chile, en la que se escoger\u00e1 al &hellip;<\/p>\n","protected":false},"author":1,"featured_media":53859,"comment_status":"open","ping_status":"open","sticky":false,"template":"","format":"standard","meta":{"fifu_image_url":"https:\/\/sandia.datanubex.uk\/wp-content\/uploads\/2025\/12\/bbf6aae31083bb8f6aba448ac98e273f5a6cbefdw.jpg","fifu_image_alt":"","footnotes":""},"categories":[4],"tags":[],"class_list":["post-53857","post","type-post","status-publish","format-standard","has-post-thumbnail","","category-historias-destacadas"],"_links":{"self":[{"href":"https:\/\/noticiasveraces.com\/index.php?rest_route=\/wp\/v2\/posts\/53857","targetHints":{"allow":["GET"]}}],"collection":[{"href":"https:\/\/noticiasveraces.com\/index.php?rest_route=\/wp\/v2\/posts"}],"about":[{"href":"https:\/\/noticiasveraces.com\/index.php?rest_route=\/wp\/v2\/types\/post"}],"author":[{"embeddable":true,"href":"https:\/\/noticiasveraces.com\/index.php?rest_route=\/wp\/v2\/users\/1"}],"replies":[{"embeddable":true,"href":"https:\/\/noticiasveraces.com\/index.php?rest_route=%2Fwp%2Fv2%2Fcomments&post=53857"}],"version-history":[{"count":0,"href":"https:\/\/noticiasveraces.com\/index.php?rest_route=\/wp\/v2\/posts\/53857\/revisions"}],"wp:featuredmedia":[{"embeddable":true,"href":"https:\/\/noticiasveraces.com\/index.php?rest_route=\/wp\/v2\/media\/53859"}],"wp:attachment":[{"href":"https:\/\/noticiasveraces.com\/index.php?rest_route=%2Fwp%2Fv2%2Fmedia&parent=53857"}],"wp:term":[{"taxonomy":"category","embeddable":true,"href":"https:\/\/noticiasveraces.com\/index.php?rest_route=%2Fwp%2Fv2%2Fcategories&post=53857"},{"taxonomy":"post_tag","embeddable":true,"href":"https:\/\/noticiasveraces.com\/index.php?rest_route=%2Fwp%2Fv2%2Ftags&post=53857"}],"curies":[{"name":"wp","href":"https:\/\/api.w.org\/{rel}","templated":true}]}}