{"id":53854,"date":"2025-12-14T08:01:00","date_gmt":"2025-12-14T12:01:00","guid":{"rendered":"https:\/\/noticiasveraces.com\/?p=53854"},"modified":"2025-12-14T08:01:00","modified_gmt":"2025-12-14T12:01:00","slug":"zelenski-ni-europa-ni-ee-uu-apoyan-la-adhesion-de-ucrania-a-la-otan","status":"publish","type":"post","link":"https:\/\/noticiasveraces.com\/?p=53854","title":{"rendered":"Zelenski: Ni Europa ni EE.UU. apoyan la adhesi\u00f3n de Ucrania a la OTAN"},"content":{"rendered":"<p> \n<\/p>\n<div>\n<p>El l\u00edder del r\u00e9gimen de Kiev, Vlad\u00edmir Zelenski, reconoci\u00f3 que los pa\u00edses de Europa y Estados Unidos no apoyan la adhesi\u00f3n de Ucrania a la OTAN.<\/p>\n<p>\u00abEl principal deseo de Ucrania era ingresar en la OTAN. Habr\u00edan sido garant\u00edas de seguridad reales, <strong>pero los socios europeos y Estados Unidos no lo apoyaron<\/strong>\u00ab, afirm\u00f3 este domingo.<\/p>\n<p>\u00abPor eso, hoy las <strong>garant\u00edas de seguridad bilaterales entre Ucrania y Estados Unidos<\/strong>as\u00ed como las garant\u00edas de seguridad de la UE y de otros pa\u00edses, representan para nosotros una oportunidad para que Rusia no ataque nuevamente. Y esto ya es un compromiso\u00bb, a\u00f1adi\u00f3.<\/p>\n<div class=\"ReadMore-root Section-root Section-is1to3-xs_is1to1\" data-widgets=\"ReadMore\">\n<div class=\"Section-container Section-isRow-isTop-isWrap\">\n<article class=\"Card-root Card-is1to1 Card-default \">\n<div class=\"Card-imageWrap\">\n<div class=\"Card-picture\">\n<picture class=\"Picture-root Picture-default\"><!--[if IE 9]><video style=\"display: none;\"><![endif]--><source media=\"(-webkit-min-device-pixel-ratio: 2) and (min-resolution: 120dpi)\" data-srcset=\"&#10;                                            https:\/\/mfes.b37m.ru\/actualidad\/public_images\/2025.12\/thumbnail\/693e912c59bf5b2d9f0c7ad4.jpg 850w,&#10;                                    https:\/\/mfes.b37m.ru\/actualidad\/public_images\/2025.12\/article\/693e912b59bf5b2d9f0c7ad3.jpg 1960w,            \" srcset=\"&#10;                                    data:image\/png;base64,iVBORw0KGgoAAAANSUhEUgAAABAAAAAJCAQAAACRI2S5AAAAEElEQVR42mNkIAAYRxWAAQAG9gAKqv6+AwAAAABJRU5ErkJggg==&#10;                            \"><source data-srcset=\"&#10;                                            https:\/\/mfes.b37m.ru\/actualidad\/public_images\/2025.12\/thumbnail\/693e912c59bf5b2d9f0c7ad4.jpg 460,&#10;                                  https:\/\/mfes.b37m.ru\/actualidad\/public_images\/2025.12\/article\/693e912b59bf5b2d9f0c7ad3.jpg 980w,&#10;            \" srcset=\"&#10;                                    data:image\/png;base64,iVBORw0KGgoAAAANSUhEUgAAABAAAAAJCAQAAACRI2S5AAAAEElEQVR42mNkIAAYRxWAAQAG9gAKqv6+AwAAAABJRU5ErkJggg==&#10;                            \"><!--[if IE 9]><\/video><![endif]--><img decoding=\"async\" data-sizes=\"auto\" src=\"&#10;                                    data:image\/png;base64,iVBORw0KGgoAAAANSUhEUgAAABAAAAAJCAQAAACRI2S5AAAAEElEQVR42mNkIAAYRxWAAQAG9gAKqv6+AwAAAABJRU5ErkJggg==&#10;                            \" class=\"Picture-root Picture-default lazyload\" data-src=\"https:\/\/mfes.b37m.ru\/actualidad\/public_images\/2025.12\/thumbnail\/693e912c59bf5b2d9f0c7ad4.jpg\" alt=\"&quot;Un 1.000.000 % que no lo conseguir\u00e1&quot;: Asesor de Putin sobre los sue\u00f1os de Zelenski respecto a Crimea y la OTAN\"\/><\/source><\/source><\/picture><!-- noscript pattern --><img decoding=\"async\" src=\"https:\/\/mfes.b37m.ru\/actualidad\/public_images\/2025.12\/article\/693e912b59bf5b2d9f0c7ad3.jpg\" alt=\"&quot;Un 1.000.000 % que no lo conseguir\u00e1&quot;: Asesor de Putin sobre los sue\u00f1os de Zelenski respecto a Crimea y la OTAN\"\/>    <\/div>\n<\/p><\/div>\n<\/article><\/div>\n<\/p><\/div>\n<p>Previamente, el asesor presidencial ruso para la pol\u00edtica exterior, Yuri Ushakov, expres\u00f3 sus dudas sobre los planes de Kiev de unirse a la OTAN. \u00ab<strong>Respecto a la OTAN, creo que tambi\u00e9n es un 1.000.000 % imposible<\/strong>\u00ab, declar\u00f3 este domingo.<\/p>\n<ul>\n<li>El presidente Putin\u00a0declar\u00f3\u00a0que el enga\u00f1o de la OTAN, que hab\u00eda prometido que no se expandir\u00eda al este, y el incumplimiento de esta promesa, fue una de las razones del inicio de la operaci\u00f3n especial militar en Ucrania. A lo largo de\u00a0este tiempo, Mosc\u00fa\u00a0ha denunciado\u00a0que la Alianza Atl\u00e1ntica participa directamente en el conflicto en Ucrania,\u00a0gastando\u00a0millones de d\u00f3lares<strong> <\/strong>en ayuda b\u00e9lica a Kiev y\u00a0demostrando\u00a0su voluntad de aumentar la escalada.<\/li>\n<\/ul>\n<\/div>\n\n","protected":false},"excerpt":{"rendered":"<p>El l\u00edder del r\u00e9gimen de Kiev, Vlad\u00edmir Zelenski, reconoci\u00f3 que los pa\u00edses de Europa y Estados Unidos no apoyan la adhesi\u00f3n de Ucrania a la OTAN. \u00abEl principal deseo de Ucrania era ingresar en la OTAN. Habr\u00edan sido garant\u00edas de seguridad reales, pero los socios europeos y Estados Unidos no lo apoyaron\u00ab, afirm\u00f3 este domingo. &hellip;<\/p>\n","protected":false},"author":1,"featured_media":53856,"comment_status":"open","ping_status":"open","sticky":false,"template":"","format":"standard","meta":{"fifu_image_url":"https:\/\/mfes.b37m.ru\/actualidad\/public_images\/2025.12\/article\/693ea06de9ff7102f308d94b.jpg","fifu_image_alt":"","footnotes":""},"categories":[13],"tags":[],"class_list":["post-53854","post","type-post","status-publish","format-standard","has-post-thumbnail","","category-mundo"],"_links":{"self":[{"href":"https:\/\/noticiasveraces.com\/index.php?rest_route=\/wp\/v2\/posts\/53854","targetHints":{"allow":["GET"]}}],"collection":[{"href":"https:\/\/noticiasveraces.com\/index.php?rest_route=\/wp\/v2\/posts"}],"about":[{"href":"https:\/\/noticiasveraces.com\/index.php?rest_route=\/wp\/v2\/types\/post"}],"author":[{"embeddable":true,"href":"https:\/\/noticiasveraces.com\/index.php?rest_route=\/wp\/v2\/users\/1"}],"replies":[{"embeddable":true,"href":"https:\/\/noticiasveraces.com\/index.php?rest_route=%2Fwp%2Fv2%2Fcomments&post=53854"}],"version-history":[{"count":0,"href":"https:\/\/noticiasveraces.com\/index.php?rest_route=\/wp\/v2\/posts\/53854\/revisions"}],"wp:featuredmedia":[{"embeddable":true,"href":"https:\/\/noticiasveraces.com\/index.php?rest_route=\/wp\/v2\/media\/53856"}],"wp:attachment":[{"href":"https:\/\/noticiasveraces.com\/index.php?rest_route=%2Fwp%2Fv2%2Fmedia&parent=53854"}],"wp:term":[{"taxonomy":"category","embeddable":true,"href":"https:\/\/noticiasveraces.com\/index.php?rest_route=%2Fwp%2Fv2%2Fcategories&post=53854"},{"taxonomy":"post_tag","embeddable":true,"href":"https:\/\/noticiasveraces.com\/index.php?rest_route=%2Fwp%2Fv2%2Ftags&post=53854"}],"curies":[{"name":"wp","href":"https:\/\/api.w.org\/{rel}","templated":true}]}}