{"id":53830,"date":"2025-12-14T01:44:18","date_gmt":"2025-12-14T05:44:18","guid":{"rendered":"https:\/\/noticiasveraces.com\/?p=53830"},"modified":"2025-12-14T01:44:18","modified_gmt":"2025-12-14T05:44:18","slug":"carlos-antonio-velez-critico-final-de-copa-betplay-2025-feo-clasico-entre-nacional-y-medellin-futbol-colombiano-copa-betplay","status":"publish","type":"post","link":"https:\/\/noticiasveraces.com\/?p=53830","title":{"rendered":"Carlos Antonio V\u00e9lez critic\u00f3 final de Copa BetPlay 2025: feo cl\u00e1sico entre Nacional y Medell\u00edn | Futbol Colombiano | Copa Betplay"},"content":{"rendered":"<p> \n<br \/><img decoding=\"async\" src=\"https:\/\/www.futbolred.com\/files\/article_graphic\/uploads\/2025\/12\/13\/693e09643691b.jpeg\" \/><\/p>\n<div id=\"cuerpoArticulo\">\n<p class=\"texto intro cnx-companion-firstparagraph\" id=\"p259932-m856-855-857\">Atl\u00e9tico Nacional e Independiente Medell\u00edn empataron 0-0 en el juego de ida de la final de la Copa BetPlay 2025, en un cl\u00e1sico que qued\u00f3 en deuda y en el que el verde tuvo mejor rendimiento en la segunda parte, provocando que el arquero Washington Aguerre, portero del DIM, fuera la figura del partido.<\/p>\n<p>Para Carlos Antonio V\u00e9lez, los primeros 90 minutos de la final de Copa fueron un \u201cfeo cl\u00e1sico\u201d. El analista reaccion\u00f3 al compromiso en sus redes sociales, dejando claro que el primer tiempo fue muy malo y \u201cnada digno de una final\u201d.<\/p>\n<p class=\"texto contenido-parrafo-articulo cnx-companion-paragraph\" id=\"p259932-m868-1-869\">Fue un juego \u201ccortado, (con) falta sistem\u00e1tica, amarillas por doquier y protestan todo aprovechando la novatada del juez. Lo \u00fanico rescatable, la pared Morelos- Rom\u00e1n que se remat\u00f3 mal y que no apareci\u00f3 el odioso e innecesario humo. Versi\u00f3n muy \u2018light\u2019 de ambos\u201d, coment\u00f3 V\u00e9lez sobre el primer tiempo.<\/p>\n<div id=\"p259932-m874-2-875\" class=\"\">\n<blockquote class=\"twitter-tweet\">\n<p lang=\"es\" dir=\"ltr\">Feo cl\u00e1sico <a href=\"https:\/\/twitter.com\/nacionaloficial?ref_src=twsrc%5Etfw\">@nacionaloficial<\/a> <a href=\"https:\/\/twitter.com\/DIM_Oficial?ref_src=twsrc%5Etfw\">@DIM_Oficial<\/a> en el PT\u2026 nada digno de una final. Cortado, falta sistem\u00e1tica, amarillas por doquier y protestan todo aprovechando la novatada del juez. Lo \u00fanico rescatable la pared Morelos- Rom\u00e1n q se remat\u00f3 mal y q no apareci\u00f3 el odioso e innecesario\u2026<\/p>\n<p>\u2014 Carlos Antonio Velez (@velezfutbol) <a href=\"https:\/\/twitter.com\/velezfutbol\/status\/1999975798372180307?ref_src=twsrc%5Etfw\">13 de diciembre de 2025<\/a><\/p><\/blockquote><\/div>\n<p class=\"texto contenido-parrafo-articulo cnx-companion-paragraph\" id=\"p259932-m918-5-919\">Al finalizar el partido, V\u00e9lez asegur\u00f3 que Nacional fue mejor en el segundo tiempo y Medell\u00edn fue \u201cpeor que en el primer tiempo\u201d.<\/p>\n<p>\u201cC\u00f3mo se ha desfigurado el equipo rojo. Nada que ver con el del Clausura. Aguerre par\u00f3 5 pelotas de gol. Fue brillante ante los ataques peligrosos, pero aislados, del verde, que con muy poco asust\u00f3\u201d, a\u00f1adi\u00f3 Carlos Antonio.<\/p>\n<p>Finalmente llegaron un par de reclamos: \u201cNos quedaron debiendo para la vuelta. (Y pongan un buen \u00e1rbitro por favor)\u201d.<\/p>\n<div id=\"p259932-m924-6-925\" class=\"\">\n<blockquote class=\"twitter-tweet\">\n<p lang=\"es\" dir=\"ltr\">Mejor <a href=\"https:\/\/twitter.com\/nacionaloficial?ref_src=twsrc%5Etfw\">@nacionaloficial<\/a> en el 2T y peor,q en el PT,el <a href=\"https:\/\/twitter.com\/DIM_Oficial?ref_src=twsrc%5Etfw\">@DIM_Oficial<\/a> q no lleg\u00f3 nunca. Como se ha desfigurado el equipo Rojo. Nada q ver con el del clausura. Aguerre par\u00f3 5 pelotas de gol. Fue brillante ante los ataques peligrosos,pero aislados, del verde que con muy poco\u2026<\/p>\n<p>\u2014 Carlos Antonio Velez (@velezfutbol) <a href=\"https:\/\/twitter.com\/velezfutbol\/status\/1999992955176722609?ref_src=twsrc%5Etfw\">14 de diciembre de 2025<\/a><\/p><\/blockquote><\/div>\n<\/div>\n<p><script async src=\"https:\/\/platform.twitter.com\/widgets.js\" charset=\"utf-8\"><\/script><br \/>\n<br \/>\n","protected":false},"excerpt":{"rendered":"<p>Atl\u00e9tico Nacional e Independiente Medell\u00edn empataron 0-0 en el juego de ida de la final de la Copa BetPlay 2025, en un cl\u00e1sico que qued\u00f3 en deuda y en el que el verde tuvo mejor rendimiento en la segunda parte, provocando que el arquero Washington Aguerre, portero del DIM, fuera la figura del partido. Para &hellip;<\/p>\n","protected":false},"author":1,"featured_media":53832,"comment_status":"open","ping_status":"open","sticky":false,"template":"","format":"standard","meta":{"fifu_image_url":"https:\/\/www.futbolred.com\/files\/og_thumbnail\/uploads\/2025\/12\/13\/693e09643691b.jpeg","fifu_image_alt":"","footnotes":""},"categories":[6],"tags":[],"class_list":["post-53830","post","type-post","status-publish","format-standard","has-post-thumbnail","","category-deportes"],"_links":{"self":[{"href":"https:\/\/noticiasveraces.com\/index.php?rest_route=\/wp\/v2\/posts\/53830","targetHints":{"allow":["GET"]}}],"collection":[{"href":"https:\/\/noticiasveraces.com\/index.php?rest_route=\/wp\/v2\/posts"}],"about":[{"href":"https:\/\/noticiasveraces.com\/index.php?rest_route=\/wp\/v2\/types\/post"}],"author":[{"embeddable":true,"href":"https:\/\/noticiasveraces.com\/index.php?rest_route=\/wp\/v2\/users\/1"}],"replies":[{"embeddable":true,"href":"https:\/\/noticiasveraces.com\/index.php?rest_route=%2Fwp%2Fv2%2Fcomments&post=53830"}],"version-history":[{"count":0,"href":"https:\/\/noticiasveraces.com\/index.php?rest_route=\/wp\/v2\/posts\/53830\/revisions"}],"wp:featuredmedia":[{"embeddable":true,"href":"https:\/\/noticiasveraces.com\/index.php?rest_route=\/wp\/v2\/media\/53832"}],"wp:attachment":[{"href":"https:\/\/noticiasveraces.com\/index.php?rest_route=%2Fwp%2Fv2%2Fmedia&parent=53830"}],"wp:term":[{"taxonomy":"category","embeddable":true,"href":"https:\/\/noticiasveraces.com\/index.php?rest_route=%2Fwp%2Fv2%2Fcategories&post=53830"},{"taxonomy":"post_tag","embeddable":true,"href":"https:\/\/noticiasveraces.com\/index.php?rest_route=%2Fwp%2Fv2%2Ftags&post=53830"}],"curies":[{"name":"wp","href":"https:\/\/api.w.org\/{rel}","templated":true}]}}