{"id":53819,"date":"2025-12-13T23:58:00","date_gmt":"2025-12-14T03:58:00","guid":{"rendered":"https:\/\/noticiasveraces.com\/?p=53819"},"modified":"2025-12-13T23:58:00","modified_gmt":"2025-12-14T03:58:00","slug":"embajador-de-ee-uu-en-chile-critico-a-boric","status":"publish","type":"post","link":"https:\/\/noticiasveraces.com\/?p=53819","title":{"rendered":"Embajador de EE UU en Chile critic\u00f3 a Boric"},"content":{"rendered":"<p> \n<\/p>\n<div id=\"\">\n<div class=\"image-featured\">\n<img src=\"data:image\/png;base64,iVBORw0KGgoAAAANSUhEUgAABQAAAAMYAQAAAAC8yneWAAAAAnRSTlMAAHaTzTgAAACSSURBVHja7cExAQAAAMKg9U9tB2+gAAAAAAAAAAAAAAAAAAAAAAAAAAAAAAAAAAAAAAAAAAAAAAAAAAAAAAAAAAAAAAAAAAAAAAAAAAAAAAAAAAAAAAAAAAAAAAAAAAAAAAAAAAAAAAAAAAAAAAAAAAAAAAAAAAAAAAAAAAAAAAAAAAAAAAAAAAAAAAAAAAAA4DfyJwAB6qbuJgAAAABJRU5ErkJggg==\" alt=\"Embajador de EE UU en Chile critic\u00f3 a Boric por reducir comunicaci\u00f3n con Washington\" data-src=\"https:\/\/elnacional-uploads.nyc3.digitaloceanspaces.com\/wp-content\/uploads\/2025\/12\/13200359\/Brandon-Judd-1280x792.png\" decoding=\"async\" class=\"lazyload\" data-eio-rwidth=\"1280\" data-eio-rheight=\"792\"\/><img decoding=\"async\" src=\"https:\/\/elnacional-uploads.nyc3.digitaloceanspaces.com\/wp-content\/uploads\/2025\/12\/13200359\/Brandon-Judd-1280x792.png\" alt=\"Embajador de EE UU en Chile critic\u00f3 a Boric por reducir comunicaci\u00f3n con Washington\" data-eio=\"l\"\/><figcaption>Embajador de EE UU en Chile critic\u00f3 a Boric por reducir comunicaci\u00f3n con Washington<\/figcaption><\/div>\n<p>Una pol\u00e9mica diplom\u00e1tica surgi\u00f3 este s\u00e1bado en Chile luego de que el embajador de Estados Unidos, Brandon Judd, lanzara fuertes cr\u00edticas contra la administraci\u00f3n del presidente Gabriel Boric, <strong>acus\u00e1ndola de haber reducido dr\u00e1sticamente los canales de comunicaci\u00f3n<\/strong> con la Casa Blanca tras la llegada de Donald Trump a la presidencia.<\/p>\n<p>De acuerdo con <em>EFE<\/em>Judd calific\u00f3 como \u00abdecepcionante\u00bb el nivel actual de interlocuci\u00f3n, <strong>afirmando que no existe una \u00abcomunicaci\u00f3n abierta\u00bb con el gobierno chileno.<\/strong><\/p>\n<p>\u00abCuando digo el gobierno, me refiero al presidente; hay gente muy buena en el gobierno, pero el presidente ha cortado la comunicaci\u00f3n con Estados Unidos\u00bb, afirm\u00f3 Judd <strong>la v\u00edspera de las elecciones presidenciales en Chile.<\/strong><\/p>\n<p>El embajador estadounidense fue incluso m\u00e1s all\u00e1 y enmarc\u00f3 sus dichos en la actual preocupaci\u00f3n de la poblaci\u00f3n chilena por los temas de seguridad. \u00ab<strong>El mejor socio (de Chile) para combatir el crimen es Estados Unidos<\/strong>. Pero si no tenemos esa comunicaci\u00f3n con la presidencia, es m\u00e1s dif\u00edcil trabajar. As\u00ed que, espero que con el pr\u00f3ximo Presidente podamos trabajar para entregar lo que los chilenos quieren\u00bb.<\/p>\n<p>De la Fuente, en este contexto, subray\u00f3 que el v\u00ednculo con EE UU se mantiene activo y que \u00abla Canciller\u00eda, en la pr\u00e1ctica, lleva las relaciones exteriores, es el brazo ejecutor de la<strong> pol\u00edtica exterior cuyo mandato constitucional depende del presidente de la Rep\u00fablica\u00bb.<\/strong><\/p>\n<p>\u00abCuando nosotros, por ejemplo, hemos recibido hace un par de semanas atr\u00e1s al embajador en la Canciller\u00eda, cuando hemos tenido distintos encuentros, y la relaci\u00f3n sigue cordial, una relaci\u00f3n de m\u00e1s de 200 a\u00f1os de historia y m<strong>\u00e1s de 20 desde el Tratado de Libre Comercio, no veo mayor peligro\u00bb, enfatiz\u00f3.<\/strong><\/p>\n<p>La segunda autoridad de la Canciller\u00eda chilena destac\u00f3 adem\u00e1s el trabajo conjunto que existe con su contraparte estadounidense en las m\u00e1s diversas materias, <strong>pasando por la agenda econ\u00f3mica entre ambos pa\u00edses en el marco de las conversacione<\/strong>s vinculadas a aranceles, seg\u00fan la agencia <em>EFE<\/em>.<\/p>\n<p>Estados Unidos es el segundo socio comercial de Chile, con un intercambio que alcanz\u00f3 <strong>31.636 millones de d\u00f3lares al cierre de 2024<\/strong> y un crecimiento promedio anual del 6,3 % en los \u00faltimos seis a\u00f1os, seg\u00fan datos de la Subsecretar\u00eda de Relaciones Econ\u00f3micas Internacionales.<\/p>\n<\/div>\n\n","protected":false},"excerpt":{"rendered":"<p>Embajador de EE UU en Chile critic\u00f3 a Boric por reducir comunicaci\u00f3n con Washington Una pol\u00e9mica diplom\u00e1tica surgi\u00f3 este s\u00e1bado en Chile luego de que el embajador de Estados Unidos, Brandon Judd, lanzara fuertes cr\u00edticas contra la administraci\u00f3n del presidente Gabriel Boric, acus\u00e1ndola de haber reducido dr\u00e1sticamente los canales de comunicaci\u00f3n con la Casa Blanca &hellip;<\/p>\n","protected":false},"author":1,"featured_media":53820,"comment_status":"open","ping_status":"open","sticky":false,"template":"","format":"standard","meta":{"fifu_image_url":"https:\/\/elnacional-uploads.nyc3.digitaloceanspaces.com\/wp-content\/uploads\/2025\/12\/13200359\/Brandon-Judd.png","fifu_image_alt":"","footnotes":""},"categories":[13],"tags":[],"class_list":["post-53819","post","type-post","status-publish","format-standard","has-post-thumbnail","","category-mundo"],"_links":{"self":[{"href":"https:\/\/noticiasveraces.com\/index.php?rest_route=\/wp\/v2\/posts\/53819","targetHints":{"allow":["GET"]}}],"collection":[{"href":"https:\/\/noticiasveraces.com\/index.php?rest_route=\/wp\/v2\/posts"}],"about":[{"href":"https:\/\/noticiasveraces.com\/index.php?rest_route=\/wp\/v2\/types\/post"}],"author":[{"embeddable":true,"href":"https:\/\/noticiasveraces.com\/index.php?rest_route=\/wp\/v2\/users\/1"}],"replies":[{"embeddable":true,"href":"https:\/\/noticiasveraces.com\/index.php?rest_route=%2Fwp%2Fv2%2Fcomments&post=53819"}],"version-history":[{"count":0,"href":"https:\/\/noticiasveraces.com\/index.php?rest_route=\/wp\/v2\/posts\/53819\/revisions"}],"wp:featuredmedia":[{"embeddable":true,"href":"https:\/\/noticiasveraces.com\/index.php?rest_route=\/wp\/v2\/media\/53820"}],"wp:attachment":[{"href":"https:\/\/noticiasveraces.com\/index.php?rest_route=%2Fwp%2Fv2%2Fmedia&parent=53819"}],"wp:term":[{"taxonomy":"category","embeddable":true,"href":"https:\/\/noticiasveraces.com\/index.php?rest_route=%2Fwp%2Fv2%2Fcategories&post=53819"},{"taxonomy":"post_tag","embeddable":true,"href":"https:\/\/noticiasveraces.com\/index.php?rest_route=%2Fwp%2Fv2%2Ftags&post=53819"}],"curies":[{"name":"wp","href":"https:\/\/api.w.org\/{rel}","templated":true}]}}