{"id":53811,"date":"2025-12-13T22:24:06","date_gmt":"2025-12-14T02:24:06","guid":{"rendered":"https:\/\/noticiasveraces.com\/?p=53811"},"modified":"2025-12-13T22:24:06","modified_gmt":"2025-12-14T02:24:06","slug":"el-sueno-ocupa-el-segundo-lugar-despues-del-tabaquismo-en-la-prediccion-de-la-esperanza-de-vida","status":"publish","type":"post","link":"https:\/\/noticiasveraces.com\/?p=53811","title":{"rendered":"El sue\u00f1o ocupa el segundo lugar despu\u00e9s del tabaquismo en la predicci\u00f3n de la esperanza de vida"},"content":{"rendered":"<p> \n<\/p>\n<div>\n<div id=\"beyondwords-wrapper\" class=\"beyondwords-wrapper\">\n<p><span class=\"label-bg\">NUEVO<\/span>\u00a1Ahora puedes escuchar los art\u00edculos de Fox News!\n  <\/p>\n<\/div>\n<p class=\"speakable\">La falta de sue\u00f1o es uno de los predictores m\u00e1s s\u00f3lidos de una esperanza de vida m\u00e1s corta en los EE. UU., superado s\u00f3lo por el tabaquismo.<\/p>\n<p class=\"speakable\">Esto es seg\u00fan un nuevo an\u00e1lisis a nivel nacional publicado en la revista SLEEP Advances, dirigido por el autor principal Andrew McHill, Ph.D., profesor asociado de la Oregon Health &#038; Science University (OHSU).<\/p>\n<p>Para explorar c\u00f3mo los h\u00e1bitos de sue\u00f1o se relacionan con la esperanza de vida, los investigadores examinaron datos de encuestas realizadas por los CDC entre 2019 y 2025 en m\u00e1s de 3000 condados de EE. UU., seg\u00fan un comunicado de prensa.<\/p>\n<p><strong>PROBLEMA COM\u00daN DEL SUE\u00d1O VINCULADO CON UN TRASTORNO NEUROL\u00d3GICO GRAVE EN UN NUEVO ESTUDIO IMPORTANTE<\/strong><\/p>\n<p>El sue\u00f1o suficiente se defini\u00f3 como al menos siete horas por noche, de acuerdo con las directrices de la Academia Estadounidense de Medicina del Sue\u00f1o y la Sociedad de Investigaci\u00f3n del Sue\u00f1o.<\/p>\n<p>Los investigadores compararon la esperanza de vida promedio en cada condado con la proporci\u00f3n de residentes que reportaron dormir lo suficiente, controlando los predictores tradicionales de mortalidad como el tabaquismo, la dieta, la inactividad f\u00edsica y la soledad.<\/p>\n<div class=\"image-ct inline\">\n<div class=\"m\"><picture><source media=\"(max-width: 767px)\" srcset=\"https:\/\/a57.foxnews.com\/static.foxnews.com\/foxnews.com\/content\/uploads\/2025\/12\/343\/192\/woman-tired-at-work.jpg?ve=1&amp;tl=1, https:\/\/a57.foxnews.com\/static.foxnews.com\/foxnews.com\/content\/uploads\/2025\/12\/686\/384\/woman-tired-at-work.jpg?ve=1&amp;tl=1 2x\" height=\"192\" width=\"343\"><source media=\"(min-width: 768px) and (max-width: 1023px)\" srcset=\"https:\/\/a57.foxnews.com\/static.foxnews.com\/foxnews.com\/content\/uploads\/2025\/12\/672\/378\/woman-tired-at-work.jpg?ve=1&amp;tl=1, https:\/\/a57.foxnews.com\/static.foxnews.com\/foxnews.com\/content\/uploads\/2025\/12\/1344\/756\/woman-tired-at-work.jpg?ve=1&amp;tl=1 2x\" height=\"378\" width=\"672\"><source media=\"(min-width: 1024px) and (max-width: 1279px)\" srcset=\"https:\/\/a57.foxnews.com\/static.foxnews.com\/foxnews.com\/content\/uploads\/2025\/12\/931\/523\/woman-tired-at-work.jpg?ve=1&amp;tl=1, https:\/\/a57.foxnews.com\/static.foxnews.com\/foxnews.com\/content\/uploads\/2025\/12\/1862\/1046\/woman-tired-at-work.jpg?ve=1&amp;tl=1 2x\" height=\"523\" width=\"931\"><source media=\"(min-width: 1280px)\" srcset=\"https:\/\/a57.foxnews.com\/static.foxnews.com\/foxnews.com\/content\/uploads\/2025\/12\/720\/405\/woman-tired-at-work.jpg?ve=1&amp;tl=1, https:\/\/a57.foxnews.com\/static.foxnews.com\/foxnews.com\/content\/uploads\/2025\/12\/1440\/810\/woman-tired-at-work.jpg?ve=1&amp;tl=1 2x\" height=\"405\" width=\"720\"><img loading=\"lazy\" decoding=\"async\" src=\"https:\/\/a57.foxnews.com\/static.foxnews.com\/foxnews.com\/content\/uploads\/2025\/12\/1200\/675\/woman-tired-at-work.jpg?ve=1&amp;tl=1\" alt=\"Mujer cansada en el trabajo\" width=\"1200\" height=\"675\"\/><\/source><\/source><\/source><\/source><\/picture><\/div>\n<div class=\"info\">\n<div class=\"caption\">\n<p><span>Los investigadores compararon la esperanza de vida promedio en cada condado con la proporci\u00f3n de residentes que reportaron dormir lo suficiente.<\/span> <span>(iStock)<\/span><\/p>\n<\/div>\n<\/div>\n<\/div>\n<p>Los condados donde m\u00e1s personas reportaron falta de sue\u00f1o tend\u00edan a tener una menor esperanza de vida. Este patr\u00f3n se mantuvo en la mayor\u00eda de los estados y a\u00f1os estudiados, incluso teniendo en cuenta otros factores del estilo de vida.<\/p>\n<p>\u00abNo esperaba que estuviera tan fuertemente correlacionado con la esperanza de vida\u00bb, dijo McHill en el comunicado de prensa, se\u00f1alando que aunque la importancia del sue\u00f1o para la salud est\u00e1 bien establecida, su asociaci\u00f3n con la esperanza de vida super\u00f3 las expectativas.<\/p>\n<p><strong>HAGA CLIC AQU\u00cd PARA DESCARGAR LA APLICACI\u00d3N FOX NEWS<\/strong><\/p>\n<p>\u00abSiempre hemos pensado que dormir es importante, pero esta investigaci\u00f3n realmente deja claro ese punto: las personas realmente deber\u00edan esforzarse por dormir entre siete y nueve horas, si es posible\u00bb.<\/p>\n<p>La investigaci\u00f3n se basa en un amplio conjunto de pruebas que vinculan la duraci\u00f3n del sue\u00f1o con los resultados de salud, incluido el riesgo de mortalidad, la salud card\u00edaca, la fortaleza inmunol\u00f3gica y la funci\u00f3n cerebral.<\/p>\n<div class=\"image-ct inline\">\n<div class=\"m\"><picture><source media=\"(max-width: 767px)\" srcset=\"https:\/\/a57.foxnews.com\/static.foxnews.com\/foxnews.com\/content\/uploads\/2024\/08\/343\/192\/person-smoking.jpg?ve=1&amp;tl=1, https:\/\/a57.foxnews.com\/static.foxnews.com\/foxnews.com\/content\/uploads\/2024\/08\/686\/384\/person-smoking.jpg?ve=1&amp;tl=1 2x\" height=\"192\" width=\"343\"><source media=\"(min-width: 768px) and (max-width: 1023px)\" srcset=\"https:\/\/a57.foxnews.com\/static.foxnews.com\/foxnews.com\/content\/uploads\/2024\/08\/672\/378\/person-smoking.jpg?ve=1&amp;tl=1, https:\/\/a57.foxnews.com\/static.foxnews.com\/foxnews.com\/content\/uploads\/2024\/08\/1344\/756\/person-smoking.jpg?ve=1&amp;tl=1 2x\" height=\"378\" width=\"672\"><source media=\"(min-width: 1024px) and (max-width: 1279px)\" srcset=\"https:\/\/a57.foxnews.com\/static.foxnews.com\/foxnews.com\/content\/uploads\/2024\/08\/931\/523\/person-smoking.jpg?ve=1&amp;tl=1, https:\/\/a57.foxnews.com\/static.foxnews.com\/foxnews.com\/content\/uploads\/2024\/08\/1862\/1046\/person-smoking.jpg?ve=1&amp;tl=1 2x\" height=\"523\" width=\"931\"><source media=\"(min-width: 1280px)\" srcset=\"https:\/\/a57.foxnews.com\/static.foxnews.com\/foxnews.com\/content\/uploads\/2024\/08\/720\/405\/person-smoking.jpg?ve=1&amp;tl=1, https:\/\/a57.foxnews.com\/static.foxnews.com\/foxnews.com\/content\/uploads\/2024\/08\/1440\/810\/person-smoking.jpg?ve=1&amp;tl=1 2x\" height=\"405\" width=\"720\"><img loading=\"lazy\" decoding=\"async\" src=\"https:\/\/a57.foxnews.com\/static.foxnews.com\/foxnews.com\/content\/uploads\/2024\/08\/1200\/675\/person-smoking.jpg?ve=1&amp;tl=1\" alt=\"hombre fumando\" width=\"1200\" height=\"675\"\/><\/source><\/source><\/source><\/source><\/picture><\/div>\n<div class=\"info\">\n<div class=\"caption\">\n<p><span>La falta de sue\u00f1o es uno de los predictores m\u00e1s s\u00f3lidos de una esperanza de vida m\u00e1s corta en los EE. UU., superado s\u00f3lo por el tabaquismo.<\/span> <span>(iStock)<\/span><\/p>\n<\/div>\n<\/div>\n<\/div>\n<p>Sin embargo, este es el primer an\u00e1lisis que mapea la relaci\u00f3n entre la duraci\u00f3n del sue\u00f1o y la esperanza de vida a un nivel detallado, condado por condado, a lo largo de varios a\u00f1os, estableciendo una asociaci\u00f3n consistente entre diversas comunidades, afirma el comunicado.<\/p>\n<p><strong><u>HAGA CLIC AQU\u00cd PARA SUSCRIBIRSE A NUESTRO BOLET\u00cdN DE SALUD<\/u><\/strong><\/p>\n<p>El estudio tuvo algunas limitaciones, incluida su dependencia de datos de encuestas autoinformados, que pueden estar sujetos a sesgos de informaci\u00f3n. Tampoco puede establecer la causalidad y no explica los factores biol\u00f3gicos detr\u00e1s de los resultados, anotaron los investigadores.<\/p>\n<p>Aunque los modelos estad\u00edsticos controlaron varios factores del estilo de vida, otras variables no medidas podr\u00edan influir tanto en los patrones de sue\u00f1o como en la esperanza de vida.<\/p>\n<div class=\"image-ct inline\">\n<div class=\"m\"><picture><source media=\"(max-width: 767px)\" srcset=\"https:\/\/a57.foxnews.com\/static.foxnews.com\/foxnews.com\/content\/uploads\/2025\/12\/343\/192\/sleep-worse-for-health.jpg?ve=1&amp;tl=1, https:\/\/a57.foxnews.com\/static.foxnews.com\/foxnews.com\/content\/uploads\/2025\/12\/686\/384\/sleep-worse-for-health.jpg?ve=1&amp;tl=1 2x\" height=\"192\" width=\"343\"><source media=\"(min-width: 768px) and (max-width: 1023px)\" srcset=\"https:\/\/a57.foxnews.com\/static.foxnews.com\/foxnews.com\/content\/uploads\/2025\/12\/672\/378\/sleep-worse-for-health.jpg?ve=1&amp;tl=1, https:\/\/a57.foxnews.com\/static.foxnews.com\/foxnews.com\/content\/uploads\/2025\/12\/1344\/756\/sleep-worse-for-health.jpg?ve=1&amp;tl=1 2x\" height=\"378\" width=\"672\"><source media=\"(min-width: 1024px) and (max-width: 1279px)\" srcset=\"https:\/\/a57.foxnews.com\/static.foxnews.com\/foxnews.com\/content\/uploads\/2025\/12\/931\/523\/sleep-worse-for-health.jpg?ve=1&amp;tl=1, https:\/\/a57.foxnews.com\/static.foxnews.com\/foxnews.com\/content\/uploads\/2025\/12\/1862\/1046\/sleep-worse-for-health.jpg?ve=1&amp;tl=1 2x\" height=\"523\" width=\"931\"><source media=\"(min-width: 1280px)\" srcset=\"https:\/\/a57.foxnews.com\/static.foxnews.com\/foxnews.com\/content\/uploads\/2025\/12\/720\/405\/sleep-worse-for-health.jpg?ve=1&amp;tl=1, https:\/\/a57.foxnews.com\/static.foxnews.com\/foxnews.com\/content\/uploads\/2025\/12\/1440\/810\/sleep-worse-for-health.jpg?ve=1&amp;tl=1 2x\" height=\"405\" width=\"720\"><img loading=\"lazy\" decoding=\"async\" src=\"https:\/\/a57.foxnews.com\/static.foxnews.com\/foxnews.com\/content\/uploads\/2025\/12\/1200\/675\/sleep-worse-for-health.jpg?ve=1&amp;tl=1\" alt=\"Una mujer no puede dormir en la cama junto a un hombre\" width=\"1200\" height=\"675\"\/><\/source><\/source><\/source><\/source><\/picture><\/div>\n<div class=\"info\">\n<div class=\"caption\">\n<p><span>Aunque los modelos estad\u00edsticos controlaron varios factores del estilo de vida, otras variables no medidas podr\u00edan influir tanto en los patrones de sue\u00f1o como en la esperanza de vida.<\/span> <span>(iStock)<\/span><\/p>\n<\/div>\n<\/div>\n<\/div>\n<p>Seg\u00fan el estudio, la duraci\u00f3n del sue\u00f1o por s\u00ed sola no capta otras dimensiones de la salud del sue\u00f1o, como la calidad o la regularidad, que tambi\u00e9n pueden afectar los resultados a largo plazo.<\/p>\n<p>Los autores enfatizaron que estos hallazgos resaltan la importancia de priorizar el sue\u00f1o como un pilar fundamental de la salud, junto con la dieta y el ejercicio.<\/p>\n<p><strong><u>PRUEBA CON NUESTRO \u00daLTIMO QUIZ DE ESTILO DE VIDA<\/u><\/strong><\/p>\n<p>\u00abEsta investigaci\u00f3n muestra que debemos priorizar el sue\u00f1o al menos tanto como lo que comemos o c\u00f3mo hacemos ejercicio\u00bb, afirm\u00f3 McHill. \u00abDormir bien por la noche mejorar\u00e1 c\u00f3mo te sientes, pero tambi\u00e9n cu\u00e1nto tiempo vivir\u00e1s\u00bb.<\/p>\n<p><strong><u>HAGA CLIC AQU\u00cd PARA M\u00c1S HISTORIAS DE SALUD<\/u><\/strong><\/p>\n<p>El estudio fue realizado principalmente por estudiantes de posgrado en el Laboratorio de Sue\u00f1o, Cronobiolog\u00eda y Salud de la Escuela de Enfermer\u00eda de OHSU. <\/p>\n<p>La investigaci\u00f3n fue financiada en parte por el Instituto Nacional del Coraz\u00f3n, los Pulmones y la Sangre de los Institutos Nacionales de Salud, junto con el apoyo institucional de OHSU.<\/p>\n<p> <!----> <\/p>\n<div class=\"article-meta\">\n<div class=\"author-bio\">\n<p>Khloe Quill es asistente de producci\u00f3n de estilo de vida en Fox News Digital. Ella y el equipo de estilo de vida cubren una variedad de temas que incluyen comida y bebida, viajes y salud. <\/p>\n<\/div>\n<\/div>\n<\/div>\n\n","protected":false},"excerpt":{"rendered":"<p>NUEVO\u00a1Ahora puedes escuchar los art\u00edculos de Fox News! La falta de sue\u00f1o es uno de los predictores m\u00e1s s\u00f3lidos de una esperanza de vida m\u00e1s corta en los EE. UU., superado s\u00f3lo por el tabaquismo. Esto es seg\u00fan un nuevo an\u00e1lisis a nivel nacional publicado en la revista SLEEP Advances, dirigido por el autor principal &hellip;<\/p>\n","protected":false},"author":1,"featured_media":53813,"comment_status":"open","ping_status":"open","sticky":false,"template":"","format":"standard","meta":{"fifu_image_url":"https:\/\/a57.foxnews.com\/static.foxnews.com\/foxnews.com\/content\/uploads\/2025\/12\/1200\/675\/woman-tired-at-work.jpg?ve=1&tl=1","fifu_image_alt":"","footnotes":""},"categories":[8],"tags":[],"class_list":["post-53811","post","type-post","status-publish","format-standard","has-post-thumbnail","","category-salud"],"_links":{"self":[{"href":"https:\/\/noticiasveraces.com\/index.php?rest_route=\/wp\/v2\/posts\/53811","targetHints":{"allow":["GET"]}}],"collection":[{"href":"https:\/\/noticiasveraces.com\/index.php?rest_route=\/wp\/v2\/posts"}],"about":[{"href":"https:\/\/noticiasveraces.com\/index.php?rest_route=\/wp\/v2\/types\/post"}],"author":[{"embeddable":true,"href":"https:\/\/noticiasveraces.com\/index.php?rest_route=\/wp\/v2\/users\/1"}],"replies":[{"embeddable":true,"href":"https:\/\/noticiasveraces.com\/index.php?rest_route=%2Fwp%2Fv2%2Fcomments&post=53811"}],"version-history":[{"count":0,"href":"https:\/\/noticiasveraces.com\/index.php?rest_route=\/wp\/v2\/posts\/53811\/revisions"}],"wp:featuredmedia":[{"embeddable":true,"href":"https:\/\/noticiasveraces.com\/index.php?rest_route=\/wp\/v2\/media\/53813"}],"wp:attachment":[{"href":"https:\/\/noticiasveraces.com\/index.php?rest_route=%2Fwp%2Fv2%2Fmedia&parent=53811"}],"wp:term":[{"taxonomy":"category","embeddable":true,"href":"https:\/\/noticiasveraces.com\/index.php?rest_route=%2Fwp%2Fv2%2Fcategories&post=53811"},{"taxonomy":"post_tag","embeddable":true,"href":"https:\/\/noticiasveraces.com\/index.php?rest_route=%2Fwp%2Fv2%2Ftags&post=53811"}],"curies":[{"name":"wp","href":"https:\/\/api.w.org\/{rel}","templated":true}]}}