{"id":53784,"date":"2025-12-13T17:51:15","date_gmt":"2025-12-13T21:51:15","guid":{"rendered":"https:\/\/noticiasveraces.com\/?p=53784"},"modified":"2025-12-13T17:51:15","modified_gmt":"2025-12-13T21:51:15","slug":"ee-uu-y-mexico-llegan-a-un-acuerdo-para-desactivar-una-disputa-por-el-agua-que-implica","status":"publish","type":"post","link":"https:\/\/noticiasveraces.com\/?p=53784","title":{"rendered":"EE.UU. y M\u00e9xico llegan a un acuerdo para desactivar una disputa por el agua: \u00bfqu\u00e9 implica?"},"content":{"rendered":"<p> \n<\/p>\n<div>\n<p>M\u00e9xico y EE.UU. alcanzaron este viernes un acuerdo en el marco del Tratado de Aguas de 1944, con el que buscan desactivar una disputa que se intensific\u00f3 esta semana tras la amenaza de Donald Trump de imponer un arancel del 5 % a su vecino del sur.<\/p>\n<p>Seg\u00fan un comunicado conjunto difundido por la Canciller\u00eda mexicana, <strong>M\u00e9xico \u00abtiene la intenci\u00f3n de liberar\u00bb alrededor de 249 millones de metros c\u00fabicos de agua, con entregas previstas a partir de la semana del 15 de diciembre.<\/strong><\/p>\n<p>\u00abLos dos Gobiernos se encuentran en negociaciones y tienen la intenci\u00f3n de finalizar el plan para el 31 de enero de 2026\u00bb, reza el documento. Las partes reconocieron tambi\u00e9n la \u00abimportancia cr\u00edtica\u00bb de cumplir las entregas previstas en el tratado que regula la gesti\u00f3n de los r\u00edos Colorado, Bravo y Conchos, en la zona fronteriza.<\/p>\n<div class=\"ReadMore-root Section-root Section-is1to3-xs_is1to1\" data-widgets=\"ReadMore\">\n<div class=\"Section-container Section-isRow-isTop-isWrap\">\n<article class=\"Card-root Card-is1to1 Card-default \">\n<div class=\"Card-imageWrap\">\n<div class=\"Card-picture\">\n<picture class=\"Picture-root Picture-default\"><!--[if IE 9]><video style=\"display: none;\"><![endif]--><source media=\"(-webkit-min-device-pixel-ratio: 2) and (min-resolution: 120dpi)\" data-srcset=\"&#10;                                            https:\/\/mfes.b37m.ru\/actualidad\/public_images\/2025.12\/thumbnail\/6939b63d59bf5b3487395bfb.jpg 850w,&#10;                                    https:\/\/mfes.b37m.ru\/actualidad\/public_images\/2025.12\/article\/6939b63d59bf5b3487395bfb.jpg 1960w,            \" srcset=\"&#10;                                    data:image\/png;base64,iVBORw0KGgoAAAANSUhEUgAAABAAAAAJCAQAAACRI2S5AAAAEElEQVR42mNkIAAYRxWAAQAG9gAKqv6+AwAAAABJRU5ErkJggg==&#10;                            \"><source data-srcset=\"&#10;                                            https:\/\/mfes.b37m.ru\/actualidad\/public_images\/2025.12\/thumbnail\/6939b63d59bf5b3487395bfb.jpg 460,&#10;                                  https:\/\/mfes.b37m.ru\/actualidad\/public_images\/2025.12\/article\/6939b63d59bf5b3487395bfb.jpg 980w,&#10;            \" srcset=\"&#10;                                    data:image\/png;base64,iVBORw0KGgoAAAANSUhEUgAAABAAAAAJCAQAAACRI2S5AAAAEElEQVR42mNkIAAYRxWAAQAG9gAKqv6+AwAAAABJRU5ErkJggg==&#10;                            \"><!--[if IE 9]><\/video><![endif]--><img decoding=\"async\" data-sizes=\"auto\" src=\"&#10;                                    data:image\/png;base64,iVBORw0KGgoAAAANSUhEUgAAABAAAAAJCAQAAACRI2S5AAAAEElEQVR42mNkIAAYRxWAAQAG9gAKqv6+AwAAAABJRU5ErkJggg==&#10;                            \" class=\"Picture-root Picture-default lazyload\" data-src=\"https:\/\/mfes.b37m.ru\/actualidad\/public_images\/2025.12\/thumbnail\/6939b63d59bf5b3487395bfb.jpg\" alt=\"El presidente de EE.UU., Donald Trump\"\/><\/source><\/source><\/picture><!-- noscript pattern --><img decoding=\"async\" src=\"https:\/\/mfes.b37m.ru\/actualidad\/public_images\/2025.12\/article\/6939b63d59bf5b3487395bfb.jpg\" alt=\"El presidente de EE.UU., Donald Trump\"\/>    <\/div>\n<\/p><\/div>\n<\/article><\/div>\n<\/p><\/div>\n<p>Por su parte, <strong>M\u00e9xico subray\u00f3 que \u00abno ha incurrido en violaci\u00f3n alguna\u00bb del tratado<\/strong>. En un contexto de \u00absequ\u00eda extraordinaria\u00bb que afecta a usuarios de ambos pa\u00edses, la Canciller\u00eda afirm\u00f3 que ha realizado entregas adicionales \u00absin afectar el agua para consumo humano y producci\u00f3n agr\u00edcola\u00bb en la frontera.<\/p>\n<h3>Amenazas de Trump<\/h3>\n<p>Este mi\u00e9rcoles el inquilino de la Casa Blanca exigi\u00f3 a M\u00e9xico que resuelva <strong>\u00abinmediatamente\u00bb la problem\u00e1tica del agua<\/strong> entre las dos naciones.\u00a0\u00abM\u00e9xico debe solucionar su problema de agua y drenaje, INMEDIATAMENTE. \u00a1Es una verdadera amenaza para los habitantes de Texas, California y los Estados Unidos de Am\u00e9rica!\u00bb, escribi\u00f3 en sus redes sociales., <\/p>\n<p>D\u00edas atr\u00e1s, <strong>Trump amenaz\u00f3 con imponer un arancel<\/strong> del 5 % a M\u00e9xico si antes del 31 de diciembre no liberaba los 246,6 millones de metros c\u00fabicos de agua estipulados en el tratado que venci\u00f3 el pasado octubre.<\/p>\n<\/div>\n\n","protected":false},"excerpt":{"rendered":"<p>M\u00e9xico y EE.UU. alcanzaron este viernes un acuerdo en el marco del Tratado de Aguas de 1944, con el que buscan desactivar una disputa que se intensific\u00f3 esta semana tras la amenaza de Donald Trump de imponer un arancel del 5 % a su vecino del sur. Seg\u00fan un comunicado conjunto difundido por la Canciller\u00eda &hellip;<\/p>\n","protected":false},"author":1,"featured_media":53786,"comment_status":"open","ping_status":"open","sticky":false,"template":"","format":"standard","meta":{"fifu_image_url":"https:\/\/mfes.b37m.ru\/actualidad\/public_images\/2025.12\/article\/693dc9c559bf5b5fc90081ff.jpg","fifu_image_alt":"","footnotes":""},"categories":[13],"tags":[],"class_list":["post-53784","post","type-post","status-publish","format-standard","has-post-thumbnail","","category-mundo"],"_links":{"self":[{"href":"https:\/\/noticiasveraces.com\/index.php?rest_route=\/wp\/v2\/posts\/53784","targetHints":{"allow":["GET"]}}],"collection":[{"href":"https:\/\/noticiasveraces.com\/index.php?rest_route=\/wp\/v2\/posts"}],"about":[{"href":"https:\/\/noticiasveraces.com\/index.php?rest_route=\/wp\/v2\/types\/post"}],"author":[{"embeddable":true,"href":"https:\/\/noticiasveraces.com\/index.php?rest_route=\/wp\/v2\/users\/1"}],"replies":[{"embeddable":true,"href":"https:\/\/noticiasveraces.com\/index.php?rest_route=%2Fwp%2Fv2%2Fcomments&post=53784"}],"version-history":[{"count":0,"href":"https:\/\/noticiasveraces.com\/index.php?rest_route=\/wp\/v2\/posts\/53784\/revisions"}],"wp:featuredmedia":[{"embeddable":true,"href":"https:\/\/noticiasveraces.com\/index.php?rest_route=\/wp\/v2\/media\/53786"}],"wp:attachment":[{"href":"https:\/\/noticiasveraces.com\/index.php?rest_route=%2Fwp%2Fv2%2Fmedia&parent=53784"}],"wp:term":[{"taxonomy":"category","embeddable":true,"href":"https:\/\/noticiasveraces.com\/index.php?rest_route=%2Fwp%2Fv2%2Fcategories&post=53784"},{"taxonomy":"post_tag","embeddable":true,"href":"https:\/\/noticiasveraces.com\/index.php?rest_route=%2Fwp%2Fv2%2Ftags&post=53784"}],"curies":[{"name":"wp","href":"https:\/\/api.w.org\/{rel}","templated":true}]}}