{"id":53768,"date":"2025-12-13T14:23:27","date_gmt":"2025-12-13T18:23:27","guid":{"rendered":"https:\/\/noticiasveraces.com\/?p=53768"},"modified":"2025-12-13T14:23:27","modified_gmt":"2025-12-13T18:23:27","slug":"la-perdida-de-peso-de-amy-schumer-esta-relacionada-con-el-sindrome-de-cushing-esto-es-lo-que-debe-saber","status":"publish","type":"post","link":"https:\/\/noticiasveraces.com\/?p=53768","title":{"rendered":"La p\u00e9rdida de peso de Amy Schumer est\u00e1 relacionada con el s\u00edndrome de Cushing: esto es lo que debe saber"},"content":{"rendered":"<p> \n<\/p>\n<div>\n<div id=\"beyondwords-wrapper\" class=\"beyondwords-wrapper\">\n<p><span class=\"label-bg\">NUEVO<\/span>\u00a1Ahora puedes escuchar los art\u00edculos de Fox News!\n  <\/p>\n<\/div>\n<p class=\"speakable\">La comediante Amy Schumer, de 44 a\u00f1os, ha confesado recientemente su lucha contra el s\u00edndrome de Cushing, que la llev\u00f3 a una dram\u00e1tica p\u00e9rdida de peso.<\/p>\n<p class=\"speakable\">La transformaci\u00f3n de Schumer ha provocado una conversaci\u00f3n en l\u00ednea, a la que ella respondi\u00f3 en una publicaci\u00f3n de Instagram ahora eliminada que acab\u00f3 con las especulaciones sobre mejoras cosm\u00e9ticas.<\/p>\n<p>\u00abNo perd\u00ed 30 libras, perd\u00ed 50\u00bb, enfatiz\u00f3 en las redes sociales, y agreg\u00f3 que no recibe Botox ni relleno.<\/p>\n<p><strong>AMY SCHUMER BAJA 50 LIBRAS PARA COMBATIR UNA ENFERMEDAD QUE &#8216;PUEDE MATARTE&#8217; SI NO SE TRATA<\/strong><\/p>\n<p>Schumer insisti\u00f3 en que su p\u00e9rdida de peso no se deb\u00eda a su apariencia, sino a mantenerse con vida.<\/p>\n<p>\u00abNo lucir sexy, lo cual se siente divertido y temporal\u00bb, dijo. \u00abLo hice para sobrevivir. Ten\u00eda una enfermedad que hace que tu cara est\u00e9 extremadamente hinchada y que puede matarte, pero Internet la detect\u00f3 y esa enfermedad desapareci\u00f3\u00bb.<\/p>\n<div class=\"image-ct inline\">\n<div class=\"m\"><picture><source media=\"(max-width: 767px)\" srcset=\"https:\/\/a57.foxnews.com\/static.foxnews.com\/foxnews.com\/content\/uploads\/2025\/12\/343\/192\/amy-schumer-before-after-weight-loss.jpg?ve=1&amp;tl=1, https:\/\/a57.foxnews.com\/static.foxnews.com\/foxnews.com\/content\/uploads\/2025\/12\/686\/384\/amy-schumer-before-after-weight-loss.jpg?ve=1&amp;tl=1 2x\" height=\"192\" width=\"343\"><source media=\"(min-width: 768px) and (max-width: 1023px)\" srcset=\"https:\/\/a57.foxnews.com\/static.foxnews.com\/foxnews.com\/content\/uploads\/2025\/12\/672\/378\/amy-schumer-before-after-weight-loss.jpg?ve=1&amp;tl=1, https:\/\/a57.foxnews.com\/static.foxnews.com\/foxnews.com\/content\/uploads\/2025\/12\/1344\/756\/amy-schumer-before-after-weight-loss.jpg?ve=1&amp;tl=1 2x\" height=\"378\" width=\"672\"><source media=\"(min-width: 1024px) and (max-width: 1279px)\" srcset=\"https:\/\/a57.foxnews.com\/static.foxnews.com\/foxnews.com\/content\/uploads\/2025\/12\/931\/523\/amy-schumer-before-after-weight-loss.jpg?ve=1&amp;tl=1, https:\/\/a57.foxnews.com\/static.foxnews.com\/foxnews.com\/content\/uploads\/2025\/12\/1862\/1046\/amy-schumer-before-after-weight-loss.jpg?ve=1&amp;tl=1 2x\" height=\"523\" width=\"931\"><source media=\"(min-width: 1280px)\" srcset=\"https:\/\/a57.foxnews.com\/static.foxnews.com\/foxnews.com\/content\/uploads\/2025\/12\/720\/405\/amy-schumer-before-after-weight-loss.jpg?ve=1&amp;tl=1, https:\/\/a57.foxnews.com\/static.foxnews.com\/foxnews.com\/content\/uploads\/2025\/12\/1440\/810\/amy-schumer-before-after-weight-loss.jpg?ve=1&amp;tl=1 2x\" height=\"405\" width=\"720\"><img loading=\"lazy\" decoding=\"async\" src=\"https:\/\/a57.foxnews.com\/static.foxnews.com\/foxnews.com\/content\/uploads\/2025\/12\/1200\/675\/amy-schumer-before-after-weight-loss.jpg?ve=1&amp;tl=1\" alt=\"Foto de lado a lado de Amy Schumer antes y despu\u00e9s de perder peso.\" width=\"1200\" height=\"675\"\/><\/source><\/source><\/source><\/source><\/picture><\/div>\n<div class=\"info\">\n<div class=\"caption\">\n<p><span>Amy Schumer asiste al evento 2024 Power of Women: New York de Variety el 2 de mayo de 2024, en la ciudad de Nueva York a la izquierda. A la derecha, Schumer posa para una foto publicada en Instagram despu\u00e9s de su p\u00e9rdida de peso.<\/span> <span>(Marleen Moise\/WireImage; Amy Schumer\/Instagram)<\/span><\/p>\n<\/div>\n<\/div>\n<\/div>\n<p>\u00abPerd\u00f3n por cualquier sensaci\u00f3n que te haya dado que haya perdido ese peso\u00bb, a\u00f1adi\u00f3. \u00abMe he sometido a cirug\u00eda pl\u00e1stica a lo largo de los a\u00f1os y uso [Mounjaro]. Lo siento por todos los que decepcionaron. Estoy libre de dolor. Puedo [play] etiqueta con mi hijo.\u00bb<\/p>\n<p><strong>\u00bfEN UN GLP-1? C\u00d3MO SOBREVIVIR A LAS COMIDAS FESTIVOS SIN DEscarrilar tu progreso<\/strong><\/p>\n<p>La actriz tambi\u00e9n se refiri\u00f3 a sus cambios hormonales y dijo que est\u00e1 \u00abfeliz de compartir m\u00e1s si alguien tiene alguna pregunta sobre c\u00f3mo me veo o me siento o d\u00f3nde me encuentro en mi proceso de perimenopausia\u00bb.<\/p>\n<div class=\"image-ct inline\">\n<div class=\"m\"><picture><source media=\"(max-width: 767px)\" srcset=\"https:\/\/a57.foxnews.com\/static.foxnews.com\/foxnews.com\/content\/uploads\/2025\/12\/343\/192\/amy-schumer-text.jpg?ve=1&amp;tl=1, https:\/\/a57.foxnews.com\/static.foxnews.com\/foxnews.com\/content\/uploads\/2025\/12\/686\/384\/amy-schumer-text.jpg?ve=1&amp;tl=1 2x\" height=\"192\" width=\"343\"><source media=\"(min-width: 768px) and (max-width: 1023px)\" srcset=\"https:\/\/a57.foxnews.com\/static.foxnews.com\/foxnews.com\/content\/uploads\/2025\/12\/672\/378\/amy-schumer-text.jpg?ve=1&amp;tl=1, https:\/\/a57.foxnews.com\/static.foxnews.com\/foxnews.com\/content\/uploads\/2025\/12\/1344\/756\/amy-schumer-text.jpg?ve=1&amp;tl=1 2x\" height=\"378\" width=\"672\"><source media=\"(min-width: 1024px) and (max-width: 1279px)\" srcset=\"https:\/\/a57.foxnews.com\/static.foxnews.com\/foxnews.com\/content\/uploads\/2025\/12\/931\/523\/amy-schumer-text.jpg?ve=1&amp;tl=1, https:\/\/a57.foxnews.com\/static.foxnews.com\/foxnews.com\/content\/uploads\/2025\/12\/1862\/1046\/amy-schumer-text.jpg?ve=1&amp;tl=1 2x\" height=\"523\" width=\"931\"><source media=\"(min-width: 1280px)\" srcset=\"https:\/\/a57.foxnews.com\/static.foxnews.com\/foxnews.com\/content\/uploads\/2025\/12\/720\/405\/amy-schumer-text.jpg?ve=1&amp;tl=1, https:\/\/a57.foxnews.com\/static.foxnews.com\/foxnews.com\/content\/uploads\/2025\/12\/1440\/810\/amy-schumer-text.jpg?ve=1&amp;tl=1 2x\" height=\"405\" width=\"720\"><img loading=\"lazy\" decoding=\"async\" src=\"https:\/\/a57.foxnews.com\/static.foxnews.com\/foxnews.com\/content\/uploads\/2025\/12\/1200\/675\/amy-schumer-text.jpg?ve=1&amp;tl=1\" alt=\"Un fondo color canela lleno de largos p\u00e1rrafos de texto blanco rotado verticalmente de una publicaci\u00f3n ahora eliminada de Amy Schumer.\" width=\"1200\" height=\"675\"\/><\/source><\/source><\/source><\/source><\/picture><\/div>\n<div class=\"info\">\n<div class=\"caption\">\n<p><span>\u00abNo perd\u00ed 30 libras, perd\u00ed 50\u00bb, enfatiz\u00f3 Schumer en las redes sociales, y agreg\u00f3 que no recibe Botox ni relleno.<\/span> <span>(Amy Schumer\/Instagram)<\/span><\/p>\n<\/div>\n<\/div>\n<\/div>\n<h2><strong>\u00bfQu\u00e9 es el s\u00edndrome de Cushing?<\/strong><\/h2>\n<p>Schumer revel\u00f3 anteriormente que le diagnosticaron el s\u00edndrome de Cushing, un trastorno hormonal que puede causar hinchaz\u00f3n extrema, fatiga y complicaciones potencialmente fatales.<\/p>\n<p>El Dr. Peter Balazs, especialista en hormonas y p\u00e9rdida de peso en Nueva Jersey, brind\u00f3 m\u00e1s detalles sobre la afecci\u00f3n en una entrevista con Fox News Digital.<\/p>\n<p><strong>HAGA CLIC AQU\u00cd PARA DESCARGAR LA APLICACI\u00d3N FOX NEWS<\/strong><\/p>\n<p>\u00abEl s\u00edndrome de Cushing es causado por una exposici\u00f3n elevada y prolongada al cortisol, que es la principal hormona del estr\u00e9s del cuerpo\u00bb, dijo. \u00abPor lo general, el exceso de cortisol es el resultado del uso prolongado de esteroides. Esto lo vemos muchas veces en pacientes que tienen alg\u00fan trastorno autoinmune\u00bb.<\/p>\n<p>Balazs dijo que la \u00abclave\u00bb del s\u00edndrome de Cushing no es s\u00f3lo el aumento de peso, sino una \u00abredistribuci\u00f3n espec\u00edfica\u00bb de la grasa causada por un exceso de cortisol.<\/p>\n<div class=\"image-ct inline\">\n<div class=\"m\"><picture><source media=\"(max-width: 767px)\" srcset=\"https:\/\/a57.foxnews.com\/static.foxnews.com\/foxnews.com\/content\/uploads\/2025\/12\/343\/192\/amy-schumer-before-after.jpg?ve=1&amp;tl=1, https:\/\/a57.foxnews.com\/static.foxnews.com\/foxnews.com\/content\/uploads\/2025\/12\/686\/384\/amy-schumer-before-after.jpg?ve=1&amp;tl=1 2x\" height=\"192\" width=\"343\"><source media=\"(min-width: 768px) and (max-width: 1023px)\" srcset=\"https:\/\/a57.foxnews.com\/static.foxnews.com\/foxnews.com\/content\/uploads\/2025\/12\/672\/378\/amy-schumer-before-after.jpg?ve=1&amp;tl=1, https:\/\/a57.foxnews.com\/static.foxnews.com\/foxnews.com\/content\/uploads\/2025\/12\/1344\/756\/amy-schumer-before-after.jpg?ve=1&amp;tl=1 2x\" height=\"378\" width=\"672\"><source media=\"(min-width: 1024px) and (max-width: 1279px)\" srcset=\"https:\/\/a57.foxnews.com\/static.foxnews.com\/foxnews.com\/content\/uploads\/2025\/12\/931\/523\/amy-schumer-before-after.jpg?ve=1&amp;tl=1, https:\/\/a57.foxnews.com\/static.foxnews.com\/foxnews.com\/content\/uploads\/2025\/12\/1862\/1046\/amy-schumer-before-after.jpg?ve=1&amp;tl=1 2x\" height=\"523\" width=\"931\"><source media=\"(min-width: 1280px)\" srcset=\"https:\/\/a57.foxnews.com\/static.foxnews.com\/foxnews.com\/content\/uploads\/2025\/12\/720\/405\/amy-schumer-before-after.jpg?ve=1&amp;tl=1, https:\/\/a57.foxnews.com\/static.foxnews.com\/foxnews.com\/content\/uploads\/2025\/12\/1440\/810\/amy-schumer-before-after.jpg?ve=1&amp;tl=1 2x\" height=\"405\" width=\"720\"><img loading=\"lazy\" decoding=\"async\" src=\"https:\/\/a57.foxnews.com\/static.foxnews.com\/foxnews.com\/content\/uploads\/2025\/12\/1200\/675\/amy-schumer-before-after.jpg?ve=1&amp;tl=1\" alt=\"Fotos divididas de Amy Schumer como invitada durante una entrevista en un programa de entrevistas nocturno y otra que la muestra caminando al aire libre en el centro de Manhattan.\" width=\"1200\" height=\"675\"\/><\/source><\/source><\/source><\/source><\/picture><\/div>\n<div class=\"info\">\n<div class=\"caption\">\n<p><span>Amy Schumer es fotografiada durante una entrevista invitada en The Tonight Show Starring Jimmy Fallon el 13 de febrero de 2024 (izquierda), y luego se la ve caminando por el centro de la ciudad de Nueva York el 28 de octubre de 2025 (derecha).<\/span> <span>(Todd Owyoung\/NBC v\u00eda Getty Images; Raymond Hall\/GC Images\/Getty Images)<\/span><\/p>\n<\/div>\n<\/div>\n<\/div>\n<p>La grasa puede trasladarse al abdomen, el pecho, la parte superior de la espalda (lo que se conoce como \u00abjoroba de b\u00fafalo\u00bb) o la cara, a veces considerada \u00abcara de luna\u00bb, dijo el m\u00e9dico.<\/p>\n<p>El cortisol tambi\u00e9n descompone las prote\u00ednas, lo que provoca un adelgazamiento de brazos y piernas. \u00abEl aumento de peso puede ser dif\u00edcil, involuntario y dif\u00edcil de controlar\u00bb, a\u00f1adi\u00f3 Balazs.<\/p>\n<p><strong>HAGA CLIC AQU\u00cd PARA M\u00c1S HISTORIAS DE SALUD<\/strong><\/p>\n<p>Seg\u00fan el m\u00e9dico, el cortisol estimula los \u00abcentros del hambre\u00bb en el cerebro, aumenta el az\u00facar en la sangre y favorece el almacenamiento de grasa, especialmente la grasa abdominal profunda.<\/p>\n<p>El s\u00edndrome de Cushing tambi\u00e9n puede causar presi\u00f3n arterial alta, p\u00e9rdida \u00f3sea y, a veces, diabetes tipo 2, seg\u00fan Mayo Clinic.<\/p>\n<p>Adem\u00e1s del aumento de peso en determinadas zonas, otros s\u00edntomas pueden incluir estr\u00edas rosadas o moradas en el est\u00f3mago, las caderas, los muslos, los senos y las axilas, as\u00ed como acn\u00e9, cicatrizaci\u00f3n lenta de las heridas y piel fina y fr\u00e1gil que se hematoma con facilidad.<\/p>\n<div class=\"image-ct inline\">\n<div class=\"m\"><picture><source media=\"(max-width: 767px)\" srcset=\"https:\/\/a57.foxnews.com\/static.foxnews.com\/foxnews.com\/content\/uploads\/2025\/12\/343\/192\/buffalo-hump-neck.jpg?ve=1&amp;tl=1, https:\/\/a57.foxnews.com\/static.foxnews.com\/foxnews.com\/content\/uploads\/2025\/12\/686\/384\/buffalo-hump-neck.jpg?ve=1&amp;tl=1 2x\" height=\"192\" width=\"343\"><source media=\"(min-width: 768px) and (max-width: 1023px)\" srcset=\"https:\/\/a57.foxnews.com\/static.foxnews.com\/foxnews.com\/content\/uploads\/2025\/12\/672\/378\/buffalo-hump-neck.jpg?ve=1&amp;tl=1, https:\/\/a57.foxnews.com\/static.foxnews.com\/foxnews.com\/content\/uploads\/2025\/12\/1344\/756\/buffalo-hump-neck.jpg?ve=1&amp;tl=1 2x\" height=\"378\" width=\"672\"><source media=\"(min-width: 1024px) and (max-width: 1279px)\" srcset=\"https:\/\/a57.foxnews.com\/static.foxnews.com\/foxnews.com\/content\/uploads\/2025\/12\/931\/523\/buffalo-hump-neck.jpg?ve=1&amp;tl=1, https:\/\/a57.foxnews.com\/static.foxnews.com\/foxnews.com\/content\/uploads\/2025\/12\/1862\/1046\/buffalo-hump-neck.jpg?ve=1&amp;tl=1 2x\" height=\"523\" width=\"931\"><source media=\"(min-width: 1280px)\" srcset=\"https:\/\/a57.foxnews.com\/static.foxnews.com\/foxnews.com\/content\/uploads\/2025\/12\/720\/405\/buffalo-hump-neck.jpg?ve=1&amp;tl=1, https:\/\/a57.foxnews.com\/static.foxnews.com\/foxnews.com\/content\/uploads\/2025\/12\/1440\/810\/buffalo-hump-neck.jpg?ve=1&amp;tl=1 2x\" height=\"405\" width=\"720\"><img loading=\"lazy\" decoding=\"async\" src=\"https:\/\/a57.foxnews.com\/static.foxnews.com\/foxnews.com\/content\/uploads\/2025\/12\/1200\/675\/buffalo-hump-neck.jpg?ve=1&amp;tl=1\" alt=\"joroba en la nuca de un hombre\" width=\"1200\" height=\"675\"\/><\/source><\/source><\/source><\/source><\/picture><\/div>\n<div class=\"info\">\n<div class=\"caption\">\n<p><span>Con el s\u00edndrome de Cushing, la grasa se puede acumular en el abdomen, el pecho, la cara o la parte superior de la espalda (lo que se conoce como \u00abjoroba de b\u00fafalo\u00bb).<\/span> <span>(iStock)<\/span><\/p>\n<\/div>\n<\/div>\n<\/div>\n<p>Las mujeres con s\u00edndrome de Cushing suelen tener vello espeso y oscuro en la cara y el cuerpo, as\u00ed como per\u00edodos irregulares. Los s\u00edntomas entre los hombres pueden incluir menor deseo sexual, fertilidad reducida y disfunci\u00f3n er\u00e9ctil.<\/p>\n<p>Mayo Clinic enumer\u00f3 otros posibles s\u00edntomas, como fatiga extrema, debilidad muscular, depresi\u00f3n, ansiedad, irritabilidad, cambios de humor, problemas de concentraci\u00f3n y memoria, dolor de cabeza, insomnio, oscurecimiento de la piel y retraso en el crecimiento en los ni\u00f1os.<\/p>\n<p><strong>HAGA CLIC AQU\u00cd PARA SUSCRIBIRSE A NUESTRO BOLET\u00cdN DE SALUD<\/strong><\/p>\n<p>Aquellos que presenten s\u00edntomas deben comunicarse con su m\u00e9dico de inmediato, especialmente si est\u00e1n tomando esteroides para tratar problemas de salud como asma, artritis o enfermedad inflamatoria intestinal, ya que estos medicamentos pueden exacerbar la afecci\u00f3n.<\/p>\n<p>Mayo Clinic ha informado que \u00abcuanto antes comience el tratamiento, mayores ser\u00e1n las posibilidades de recuperaci\u00f3n\u00bb.<\/p>\n<div class=\"image-ct inline\">\n<div class=\"m\"><picture><source media=\"(max-width: 767px)\" srcset=\"https:\/\/a57.foxnews.com\/static.foxnews.com\/foxnews.com\/content\/uploads\/2024\/02\/343\/192\/mounjaro.jpg?ve=1&amp;tl=1, https:\/\/a57.foxnews.com\/static.foxnews.com\/foxnews.com\/content\/uploads\/2024\/02\/686\/384\/mounjaro.jpg?ve=1&amp;tl=1 2x\" height=\"192\" width=\"343\"><source media=\"(min-width: 768px) and (max-width: 1023px)\" srcset=\"https:\/\/a57.foxnews.com\/static.foxnews.com\/foxnews.com\/content\/uploads\/2024\/02\/672\/378\/mounjaro.jpg?ve=1&amp;tl=1, https:\/\/a57.foxnews.com\/static.foxnews.com\/foxnews.com\/content\/uploads\/2024\/02\/1344\/756\/mounjaro.jpg?ve=1&amp;tl=1 2x\" height=\"378\" width=\"672\"><source media=\"(min-width: 1024px) and (max-width: 1279px)\" srcset=\"https:\/\/a57.foxnews.com\/static.foxnews.com\/foxnews.com\/content\/uploads\/2024\/02\/931\/523\/mounjaro.jpg?ve=1&amp;tl=1, https:\/\/a57.foxnews.com\/static.foxnews.com\/foxnews.com\/content\/uploads\/2024\/02\/1862\/1046\/mounjaro.jpg?ve=1&amp;tl=1 2x\" height=\"523\" width=\"931\"><source media=\"(min-width: 1280px)\" srcset=\"https:\/\/a57.foxnews.com\/static.foxnews.com\/foxnews.com\/content\/uploads\/2024\/02\/720\/405\/mounjaro.jpg?ve=1&amp;tl=1, https:\/\/a57.foxnews.com\/static.foxnews.com\/foxnews.com\/content\/uploads\/2024\/02\/1440\/810\/mounjaro.jpg?ve=1&amp;tl=1 2x\" height=\"405\" width=\"720\"><img loading=\"lazy\" decoding=\"async\" src=\"https:\/\/a57.foxnews.com\/static.foxnews.com\/foxnews.com\/content\/uploads\/2024\/02\/1200\/675\/mounjaro.jpg?ve=1&amp;tl=1\" alt=\"El farmac\u00e9utico sostiene dos cajas de Mounjaro.\" width=\"1200\" height=\"675\"\/><\/source><\/source><\/source><\/source><\/picture><\/div>\n<div class=\"info\">\n<div class=\"caption\">\n<p><span>\u00abMe he sometido a cirug\u00eda pl\u00e1stica a lo largo de los a\u00f1os y uso [Mounjaro]\u00bb, afirm\u00f3 Schumer en una publicaci\u00f3n en las redes sociales.<\/span> <span>(George Frey\/Bloomberg)<\/span><\/p>\n<\/div>\n<\/div>\n<\/div>\n<p>Para pacientes como Schumer, la p\u00e9rdida de peso no suele ser el objetivo principal, anot\u00f3 Balazs, pero es un \u00absigno cr\u00edtico\u00bb de un tratamiento exitoso.<\/p>\n<p>\u00abEl objetivo principal es normalizar los niveles altos de cortisol\u00bb, dijo. \u00abCreo que Amy Schumer recibi\u00f3 tratamiento primero por su problema subyacente. Una vez que el cortisol se normaliza, que es el paso m\u00e1s importante, es importante utilizar medicamentos complementarios para disminuir el peso\u00bb.<\/p>\n<p><strong>PRUEBA CON NUESTRO \u00daLTIMO QUIZ DE ESTILO DE VIDA<\/strong><\/p>\n<p>Entre los GLP-1, Mounjaro es una \u00abexcelente opci\u00f3n para disminuir la grasa abdominal profunda y aumentar la sensibilidad de las c\u00e9lulas a la insulina\u00bb, a\u00f1adi\u00f3 Balazs.<\/p>\n<p>Stephanie Giang-Paunon de Fox News Digital contribuy\u00f3 a este informe.<\/p>\n<p>Fox News Digital se acerc\u00f3 al representante de Schumer para solicitar comentarios.<\/p>\n<p> <!----> <\/p>\n<div class=\"article-meta\">\n<div class=\"author-bio\">\n<p>Angelica Stabile es reportera de estilo de vida de Fox News Digital.<\/p>\n<\/div>\n<\/div>\n<\/div>\n\n","protected":false},"excerpt":{"rendered":"<p>NUEVO\u00a1Ahora puedes escuchar los art\u00edculos de Fox News! La comediante Amy Schumer, de 44 a\u00f1os, ha confesado recientemente su lucha contra el s\u00edndrome de Cushing, que la llev\u00f3 a una dram\u00e1tica p\u00e9rdida de peso. La transformaci\u00f3n de Schumer ha provocado una conversaci\u00f3n en l\u00ednea, a la que ella respondi\u00f3 en una publicaci\u00f3n de Instagram ahora &hellip;<\/p>\n","protected":false},"author":1,"featured_media":53770,"comment_status":"open","ping_status":"open","sticky":false,"template":"","format":"standard","meta":{"fifu_image_url":"https:\/\/a57.foxnews.com\/static.foxnews.com\/foxnews.com\/content\/uploads\/2025\/12\/1200\/675\/amy-schumer-before-after-weight-loss.jpg?ve=1&tl=1","fifu_image_alt":"","footnotes":""},"categories":[8],"tags":[],"class_list":["post-53768","post","type-post","status-publish","format-standard","has-post-thumbnail","","category-salud"],"_links":{"self":[{"href":"https:\/\/noticiasveraces.com\/index.php?rest_route=\/wp\/v2\/posts\/53768","targetHints":{"allow":["GET"]}}],"collection":[{"href":"https:\/\/noticiasveraces.com\/index.php?rest_route=\/wp\/v2\/posts"}],"about":[{"href":"https:\/\/noticiasveraces.com\/index.php?rest_route=\/wp\/v2\/types\/post"}],"author":[{"embeddable":true,"href":"https:\/\/noticiasveraces.com\/index.php?rest_route=\/wp\/v2\/users\/1"}],"replies":[{"embeddable":true,"href":"https:\/\/noticiasveraces.com\/index.php?rest_route=%2Fwp%2Fv2%2Fcomments&post=53768"}],"version-history":[{"count":0,"href":"https:\/\/noticiasveraces.com\/index.php?rest_route=\/wp\/v2\/posts\/53768\/revisions"}],"wp:featuredmedia":[{"embeddable":true,"href":"https:\/\/noticiasveraces.com\/index.php?rest_route=\/wp\/v2\/media\/53770"}],"wp:attachment":[{"href":"https:\/\/noticiasveraces.com\/index.php?rest_route=%2Fwp%2Fv2%2Fmedia&parent=53768"}],"wp:term":[{"taxonomy":"category","embeddable":true,"href":"https:\/\/noticiasveraces.com\/index.php?rest_route=%2Fwp%2Fv2%2Fcategories&post=53768"},{"taxonomy":"post_tag","embeddable":true,"href":"https:\/\/noticiasveraces.com\/index.php?rest_route=%2Fwp%2Fv2%2Ftags&post=53768"}],"curies":[{"name":"wp","href":"https:\/\/api.w.org\/{rel}","templated":true}]}}