{"id":53763,"date":"2025-12-13T14:07:16","date_gmt":"2025-12-13T18:07:16","guid":{"rendered":"https:\/\/noticiasveraces.com\/?p=53763"},"modified":"2025-12-13T14:07:16","modified_gmt":"2025-12-13T18:07:16","slug":"quien-sera-el-portero-de-alemania-en-el-mundial-2026-dw-13-12-2025","status":"publish","type":"post","link":"https:\/\/noticiasveraces.com\/?p=53763","title":{"rendered":"\u00bfQui\u00e9n ser\u00e1 el portero de Alemania en el Mundial 2026? \u2013 DW \u2013 13\/12\/2025"},"content":{"rendered":"<p> \n<\/p>\n<div data-tracking-name=\"rich-text\" data-tracking-skip=\"true\">\n<p>El debate ten\u00eda harto al entrenador de la selecci\u00f3n de f\u00fatbol de Alemania, Julian Nagelsmann. Hace poco m\u00e1s de un mes, y a prop\u00f3sito del en\u00e9simo rumor sobre un supuesto regreso del portero hist\u00f3rico Manuel Neuer al combinado germano, Nagelsmann pretendi\u00f3 dar cerrojazo definitivo a la discusi\u00f3n. \u00abMe sorprende que cada semana tengamos que hablar tres horas sobre el tema\u00bb, explot\u00f3 el seleccionador alem\u00e1n, que hab\u00eda insistido ante quien quisiera o\u00edrlo: \u00abNuestro n\u00famero uno es Oliver Baumann\u00bb.<\/p>\n<p>El origen del debate es lejano. Su primer escal\u00f3n fue la larga permanencia de Neuer bajo los palos de la selecci\u00f3n alemana, con la cual se coron\u00f3 campe\u00f3n mundial en Brasil 2014. Luego estaba la herencia del patriarca, que acumul\u00f3 124 partidos internacionales a lo largo de su carrera antes de anunciar su retiro de la selecci\u00f3n. Durante todo ese tiempo, se asumi\u00f3 que alg\u00fan d\u00eda el sucesor ser\u00eda Marc-Andr\u00e8 ter Stegen, portero del FC Barcelona. Pero en el momento menos indicado, una serie de lesiones alej\u00f3 al cancerbero de canchas espa\u00f1olas e internacionales, incluyendo quiz\u00e1 la pr\u00f3xima Copa del Mundo 2026.<\/p>\n<h2>Ases bajo la manga<\/h2>\n<p>Nagelsmann parec\u00eda tener opciones suficientes para cubrir las dos grandes ausencias. Despu\u00e9s de todo, si en alguna posici\u00f3n Alemania posee alternativas de sobra, es en la porter\u00eda. Tanto en Liga de las Naciones de 2025, como en eliminatorias mundialistas, las constantes fueron Oliver Baumann, del Hoffenheim, y Alexander N\u00fcbel, cedido al Stuttgart en pr\u00e9stamo eterno por el Bayern M\u00fanich. Kevin Trapp, que hab\u00eda sido relevo en 2023, fue desplazado en el Eintracht Frankfurt por el brasile\u00f1o Kaua Santos, y comenz\u00f3 a flaquear en su desempe\u00f1o. Esto lo sac\u00f3 de la selecci\u00f3n alemana.<\/p>\n<p>El crisol de opciones se reflej\u00f3 en el tercer portero. Por esa funci\u00f3n han circulado Stefan Ortega, del Manchester City, Finn Dahmen, del Augsburgo, y m\u00e1s recientemente, Noa Atubolu, del Friburgo. Ter Stegen protagoniz\u00f3 un fugaz regreso en la Liga de las Naciones, que Alemania no pudo ganar.<\/p>\n<p><span data-slot-id=\"Article_InContent-1\" class=\"rich-text-ad\"\/><\/p>\n<h2>\u00bfQui\u00e9n ser\u00e1 el portero alem\u00e1n en el Mundial?<\/h2>\n<p>En todo este proceso sali\u00f3 ganando el que quiz\u00e1 menos se esperaba. Tras la mencionada Liga de las Naciones, ter Stegen se volvi\u00f3 a lesionar, y su futuro qued\u00f3 en el aire tanto en el FC Barcelona como en la selecci\u00f3n alemana. As\u00ed fue como Baumann se fue asentando con actuaciones convincentes y, hoy por hoy, es el hombre de confianza de Nagelsmann como guardia de la caba\u00f1a germana. Su experiencia internacional a\u00fan es corta: 10 partidos.<\/p>\n<p>\u00bfEst\u00e1 descartado ter Stegen? Por el momento, s\u00ed. Condici\u00f3n para regresar ser\u00eda una pr\u00e1ctica constante en la cancha, donde actualmente Joan Garc\u00eda deja poco lugar al regreso.<\/p>\n<p>Pero esto no acaba con el debate. Las recientes actuaciones de Alexander N\u00fcbel en la Bundesliga dejan serias dudas sobre su forma actual. En la cruel \u00abmanita\u00bb del Bayern M\u00fanich al Stuttgart (5-0 fue el marcador), el arquero se vio francamente mal en por lo menos dos de los goles b\u00e1varos. Sus d\u00edas como n\u00famero dos en la porter\u00eda de la selecci\u00f3n alemana podr\u00edan estar contados si es que prevalece el criterio del desempe\u00f1o en las convocatorias de Nagelsmann en 2026, incluyendo la del Mundial.<\/p>\n<p>Est\u00e1 por verse si el entrenador llama de nuevo a Finn Dahmen, que ha sido convocado, pero no ha debutado. El Augsburgo, su club de Bundesliga, ha recibido 27 goles cumplidas 13 jornadas. Tal\u00a0cuota es pobre carta de presentaci\u00f3n. Aun as\u00ed, Nagelsmann tendr\u00eda otras opciones como Atubolu, o incluso Bernd Leno, que ha jugado los 15 partidos de la actual Premier League con el Fulham (eso s\u00ed, encajando muchos goles).<\/p>\n<p>Como sea, la mejor alternativa para Nagelsmann es clara: que Baumann no se lesione para continuar el rumbo actual. Y sobre todo, para sacudirse definitivamente la sombra de Manuel Neuer. Porque a\u00a0la menor provocaci\u00f3n, esta tocar\u00e1 el timbre de regreso.<\/p>\n<\/p>\n<\/div>\n\n","protected":false},"excerpt":{"rendered":"<p>El debate ten\u00eda harto al entrenador de la selecci\u00f3n de f\u00fatbol de Alemania, Julian Nagelsmann. Hace poco m\u00e1s de un mes, y a prop\u00f3sito del en\u00e9simo rumor sobre un supuesto regreso del portero hist\u00f3rico Manuel Neuer al combinado germano, Nagelsmann pretendi\u00f3 dar cerrojazo definitivo a la discusi\u00f3n. \u00abMe sorprende que cada semana tengamos que hablar &hellip;<\/p>\n","protected":false},"author":1,"featured_media":53764,"comment_status":"open","ping_status":"open","sticky":false,"template":"","format":"standard","meta":{"fifu_image_url":"https:\/\/static.dw.com\/image\/74755414_6.jpg","fifu_image_alt":"","footnotes":""},"categories":[13],"tags":[],"class_list":["post-53763","post","type-post","status-publish","format-standard","has-post-thumbnail","","category-mundo"],"_links":{"self":[{"href":"https:\/\/noticiasveraces.com\/index.php?rest_route=\/wp\/v2\/posts\/53763","targetHints":{"allow":["GET"]}}],"collection":[{"href":"https:\/\/noticiasveraces.com\/index.php?rest_route=\/wp\/v2\/posts"}],"about":[{"href":"https:\/\/noticiasveraces.com\/index.php?rest_route=\/wp\/v2\/types\/post"}],"author":[{"embeddable":true,"href":"https:\/\/noticiasveraces.com\/index.php?rest_route=\/wp\/v2\/users\/1"}],"replies":[{"embeddable":true,"href":"https:\/\/noticiasveraces.com\/index.php?rest_route=%2Fwp%2Fv2%2Fcomments&post=53763"}],"version-history":[{"count":0,"href":"https:\/\/noticiasveraces.com\/index.php?rest_route=\/wp\/v2\/posts\/53763\/revisions"}],"wp:featuredmedia":[{"embeddable":true,"href":"https:\/\/noticiasveraces.com\/index.php?rest_route=\/wp\/v2\/media\/53764"}],"wp:attachment":[{"href":"https:\/\/noticiasveraces.com\/index.php?rest_route=%2Fwp%2Fv2%2Fmedia&parent=53763"}],"wp:term":[{"taxonomy":"category","embeddable":true,"href":"https:\/\/noticiasveraces.com\/index.php?rest_route=%2Fwp%2Fv2%2Fcategories&post=53763"},{"taxonomy":"post_tag","embeddable":true,"href":"https:\/\/noticiasveraces.com\/index.php?rest_route=%2Fwp%2Fv2%2Ftags&post=53763"}],"curies":[{"name":"wp","href":"https:\/\/api.w.org\/{rel}","templated":true}]}}