{"id":53752,"date":"2025-12-13T12:52:31","date_gmt":"2025-12-13T16:52:31","guid":{"rendered":"https:\/\/noticiasveraces.com\/?p=53752"},"modified":"2025-12-13T12:52:31","modified_gmt":"2025-12-13T16:52:31","slug":"el-viceprimer-ministro-albanes-balluku-restituido-por-el-tribunal-constitucional-en-medio-de-acusaciones","status":"publish","type":"post","link":"https:\/\/noticiasveraces.com\/?p=53752","title":{"rendered":"El Viceprimer Ministro alban\u00e9s Balluku restituido por el Tribunal Constitucional en medio de acusaciones"},"content":{"rendered":"<p> \n<\/p>\n<div>\n<div id=\"beyondwords-wrapper\" class=\"beyondwords-wrapper\">\n<p><span class=\"label-bg\">NUEVO<\/span>\u00a1Ahora puedes escuchar los art\u00edculos de Fox News!\n  <\/p>\n<\/div>\n<p class=\"speakable\">Hasta ahora, el Departamento de Estado se niega a comentar sobre la creciente crisis de corrupci\u00f3n que afecta a la naci\u00f3n balc\u00e1nica de Albania, un aliado vital de Estados Unidos en la regi\u00f3n. <\/p>\n<p class=\"speakable\">Tras la decisi\u00f3n de un tribunal alban\u00e9s de destituir a la viceprimera ministra Belinda Balluku de su cargo por acusaciones de que interfiri\u00f3 en dos licitaciones de construcci\u00f3n, el primer ministro socialista Edi Rama llev\u00f3 el asunto al Tribunal Constitucional del pa\u00eds, que el viernes la reintegr\u00f3 hasta que se pudiera tomar una \u00abdecisi\u00f3n final\u00bb, seg\u00fan informes de los medios.<\/p>\n<p>La Estructura Especial Anticorrupci\u00f3n y Crimen Organizado (SPAK) emiti\u00f3 una acusaci\u00f3n penal contra Balluku el 31 de octubre, alegando que hab\u00eda sido influenciada indebidamente en su decisi\u00f3n de favorecer a una empresa en una licitaci\u00f3n para la construcci\u00f3n de un t\u00fanel de 3,7 millas en el sur de Albania, inform\u00f3 Reuters. SPAK present\u00f3 un cargo adicional por violar las reglas en un proyecto de construcci\u00f3n de una carretera en Tirana el 21 de noviembre, fecha en la que Balluku fue destituido de su cargo.<\/p>\n<p>El d\u00eda antes de su comparecencia ante el tribunal en noviembre, Balluku dijo al parlamento del pa\u00eds que las acusaciones en su contra constitu\u00edan \u00abdifamaciones, insinuaciones, verdades a medias y mentiras\u00bb.<\/p>\n<p><strong>EX ASESORES DE TRUMP REALIZAN CAMPA\u00d1A EN LOS BALCANES MIENTRAS MAGA SE MUEVE A EUROPA<\/strong><\/p>\n<div class=\"image-ct inline\">\n<div class=\"m\"><picture><source media=\"(max-width: 767px)\" srcset=\"https:\/\/a57.foxnews.com\/static.foxnews.com\/foxnews.com\/content\/uploads\/2025\/12\/343\/192\/edi-rama-belinda-balluku.jpg?ve=1&amp;tl=1, https:\/\/a57.foxnews.com\/static.foxnews.com\/foxnews.com\/content\/uploads\/2025\/12\/686\/384\/edi-rama-belinda-balluku.jpg?ve=1&amp;tl=1 2x\" height=\"192\" width=\"343\"><source media=\"(min-width: 768px) and (max-width: 1023px)\" srcset=\"https:\/\/a57.foxnews.com\/static.foxnews.com\/foxnews.com\/content\/uploads\/2025\/12\/672\/378\/edi-rama-belinda-balluku.jpg?ve=1&amp;tl=1, https:\/\/a57.foxnews.com\/static.foxnews.com\/foxnews.com\/content\/uploads\/2025\/12\/1344\/756\/edi-rama-belinda-balluku.jpg?ve=1&amp;tl=1 2x\" height=\"378\" width=\"672\"><source media=\"(min-width: 1024px) and (max-width: 1279px)\" srcset=\"https:\/\/a57.foxnews.com\/static.foxnews.com\/foxnews.com\/content\/uploads\/2025\/12\/931\/523\/edi-rama-belinda-balluku.jpg?ve=1&amp;tl=1, https:\/\/a57.foxnews.com\/static.foxnews.com\/foxnews.com\/content\/uploads\/2025\/12\/1862\/1046\/edi-rama-belinda-balluku.jpg?ve=1&amp;tl=1 2x\" height=\"523\" width=\"931\"><source media=\"(min-width: 1280px)\" srcset=\"https:\/\/a57.foxnews.com\/static.foxnews.com\/foxnews.com\/content\/uploads\/2025\/12\/720\/405\/edi-rama-belinda-balluku.jpg?ve=1&amp;tl=1, https:\/\/a57.foxnews.com\/static.foxnews.com\/foxnews.com\/content\/uploads\/2025\/12\/1440\/810\/edi-rama-belinda-balluku.jpg?ve=1&amp;tl=1 2x\" height=\"405\" width=\"720\"><img loading=\"lazy\" decoding=\"async\" src=\"https:\/\/a57.foxnews.com\/static.foxnews.com\/foxnews.com\/content\/uploads\/2025\/12\/1200\/675\/edi-rama-belinda-balluku.jpg?ve=1&amp;tl=1\" alt=\"El primer ministro de Albania, Edi Rama, y \u200b\u200bsu vice, Belinda Balluku.\" width=\"1200\" height=\"675\"\/><\/source><\/source><\/source><\/source><\/picture><\/div>\n<div class=\"info\">\n<div class=\"caption\">\n<p><span>El primer ministro de Albania, Edi Rama (R), y la viceprimera ministra de Albania y ministra de Infraestructura y Energ\u00eda, Belinda Balluku (R), asisten a una conferencia de prensa en la regi\u00f3n de Shpirag, en la provincia de Berat, Albania, el 23 de agosto de 2023.<\/span> <span>(Primer Ministerio de Albania\/Folleto\/Agencia Anadolu v\u00eda Getty Images)<\/span><\/p>\n<\/div>\n<\/div>\n<\/div>\n<p>Como segundo miembro del gabinete de Rama que se enfrenta a acusaciones de corrupci\u00f3n desde 2023, sus acusaciones han provocado la ira de los opositores de Rama.<\/p>\n<p>Agim Nesho, ex embajador de Albania ante Estados Unidos y las Naciones Unidas, dijo a Fox News Digital que el caso de Balluku demuestra que \u00abel gobierno de Rama no muestra signos de asumir responsabilidad moral ni de permitir a la justicia el espacio para actuar de forma independiente. En cambio, parece decidido a proteger a la se\u00f1ora Balluku, retratando las acciones del poder judicial como un ataque al ejecutivo\u00bb.<\/p>\n<p>El ex embajador de Tirana en Washington argument\u00f3 que \u00abinfluir en el Tribunal Constitucional puede ser un intento de sentar un precedente protector, uno que podr\u00eda resultar \u00fatil si los investigadores alguna vez intentan involucrar al propio Sr. Rama en sus investigaciones\u00bb.<\/p>\n<p>\u00abCada vez est\u00e1 m\u00e1s claro que el emperador est\u00e1 desnudo\u00bb, dijo Nesho, a\u00f1adiendo que el gobierno de Rama ha supuesto una \u00abcaptura del Estado\u00bb ya que la \u00abfalta de controles y equilibrios ha permitido un sistema recurrente de corrupci\u00f3n a lo largo de varios de sus mandatos\u00bb.<\/p>\n<p><strong>EX PRESIDENTE ALBAN\u00c9S ARRESTADO POR CARGOS DE CORRUPCI\u00d3N, LOS CARGOS DE LA OPOSICI\u00d3N TIENEN MOTIVACI\u00d3N POL\u00cdTICA<\/strong><\/p>\n<div class=\"image-ct inline\">\n<div class=\"m\"><picture><source media=\"(max-width: 767px)\" srcset=\"https:\/\/a57.foxnews.com\/static.foxnews.com\/foxnews.com\/content\/uploads\/2025\/04\/343\/192\/albania-protests-scaled.jpg?ve=1&amp;tl=1, https:\/\/a57.foxnews.com\/static.foxnews.com\/foxnews.com\/content\/uploads\/2025\/04\/686\/384\/albania-protests-scaled.jpg?ve=1&amp;tl=1 2x\" height=\"192\" width=\"343\"><source media=\"(min-width: 768px) and (max-width: 1023px)\" srcset=\"https:\/\/a57.foxnews.com\/static.foxnews.com\/foxnews.com\/content\/uploads\/2025\/04\/672\/378\/albania-protests-scaled.jpg?ve=1&amp;tl=1, https:\/\/a57.foxnews.com\/static.foxnews.com\/foxnews.com\/content\/uploads\/2025\/04\/1344\/756\/albania-protests-scaled.jpg?ve=1&amp;tl=1 2x\" height=\"378\" width=\"672\"><source media=\"(min-width: 1024px) and (max-width: 1279px)\" srcset=\"https:\/\/a57.foxnews.com\/static.foxnews.com\/foxnews.com\/content\/uploads\/2025\/04\/931\/523\/albania-protests-scaled.jpg?ve=1&amp;tl=1, https:\/\/a57.foxnews.com\/static.foxnews.com\/foxnews.com\/content\/uploads\/2025\/04\/1862\/1046\/albania-protests-scaled.jpg?ve=1&amp;tl=1 2x\" height=\"523\" width=\"931\"><source media=\"(min-width: 1280px)\" srcset=\"https:\/\/a57.foxnews.com\/static.foxnews.com\/foxnews.com\/content\/uploads\/2025\/04\/720\/405\/albania-protests-scaled.jpg?ve=1&amp;tl=1, https:\/\/a57.foxnews.com\/static.foxnews.com\/foxnews.com\/content\/uploads\/2025\/04\/1440\/810\/albania-protests-scaled.jpg?ve=1&amp;tl=1 2x\" height=\"405\" width=\"720\"><img loading=\"lazy\" decoding=\"async\" src=\"https:\/\/a57.foxnews.com\/static.foxnews.com\/foxnews.com\/content\/uploads\/2025\/04\/1200\/675\/albania-protests-scaled.jpg?ve=1&amp;tl=1\" alt=\"Protestas anticorrupci\u00f3n en Albania\" width=\"1200\" height=\"675\"\/><\/source><\/source><\/source><\/source><\/picture><\/div>\n<div class=\"info\">\n<div class=\"caption\">\n<p><span>TIRANA, ALBANIA 11 DE FEBRERO: Un grupo de manifestantes se re\u00fane frente a la Oficina del Primer Ministro en Tirana, Albania, exigiendo la renuncia del Primer Ministro Edi Rama tras el arresto del alcalde de Tirana, Erion Veliaj, por acusaciones de corrupci\u00f3n el 11 de febrero de 2025. <\/span> <span>(Foto de Olsi Shehu\/Anadolu v\u00eda Getty Images)<\/span><\/p>\n<\/div>\n<\/div>\n<\/div>\n<p>Nesho tambi\u00e9n afirm\u00f3 que Balluku hab\u00eda se\u00f1alado una participaci\u00f3n m\u00e1s amplia del gobierno de Rama en la toma de decisiones. El ex viceprimer ministro Arben Ahmetaj, que se fug\u00f3 tras ser investigado por SPAK, tambi\u00e9n ha alegado que Rama \u00abdirigi\u00f3 todas las decisiones clave sobre licitaciones, finanzas y bienes p\u00fablicos\u00bb, seg\u00fan afirma Nesho.<\/p>\n<p>Las acusaciones de Ahmetaj incluyeron acusaciones de que Rama est\u00e1 involucrado con jefes de la mafia. Rama respondi\u00f3 a estas insinuaciones diciendo que Ahmetaj \u00abno debe ser tomado en serio. La pol\u00edtica albanesa no est\u00e1 contaminada por la mafia\u00bb, inform\u00f3 Balkanweb.<\/p>\n<p>Estados Unidos ha financiado esfuerzos para reformas judiciales en Albania para ayudar en sus esfuerzos por ingresar a la Uni\u00f3n Europea mediante la reducci\u00f3n de la corrupci\u00f3n. Sin embargo, esas reformas han provocado retrasos legales que han provocado frustraci\u00f3n y violencia por parte del p\u00fablico.<\/p>\n<p>Nesho dijo que \u00abes dif\u00edcil ver c\u00f3mo un gobierno que se comporta como una rep\u00fablica bananera pueda acceder a la UE\u00bb. Dijo que \u00abAlbania es una contradicci\u00f3n viviente en t\u00e9rminos de ley y orden\u00bb. Si bien Nesho dice que la oposici\u00f3n de Rama ha sido \u00abdiezmada por la &#8216;guerra legal&#8217; y el compromiso de las instituciones legales\u00bb, Rama permanece en el cargo a pesar de \u00abesc\u00e1ndalos de corrupci\u00f3n multimillonarios documentados, robos electorales documentados a lo largo de m\u00faltiples ciclos electorales y, lo m\u00e1s preocupante, v\u00ednculos documentados con c\u00e1rteles internacionales de la droga como el Cartel de Sinaloa\u00bb.<\/p>\n<p><strong>CONOCE A RAMADURO: EL AUT\u00d3CRATA PROGRESISTA DE EUROPA, ENTRENADO POR SOROS Y ENEMIGO DEL TRUMPISMO<\/strong><\/p>\n<div class=\"image-ct inline\">\n<div class=\"m\"><picture><source media=\"(max-width: 767px)\" srcset=\"https:\/\/a57.foxnews.com\/static.foxnews.com\/foxnews.com\/content\/uploads\/2025\/12\/343\/192\/albania-corruption-rama-protests.jpg?ve=1&amp;tl=1, https:\/\/a57.foxnews.com\/static.foxnews.com\/foxnews.com\/content\/uploads\/2025\/12\/686\/384\/albania-corruption-rama-protests.jpg?ve=1&amp;tl=1 2x\" height=\"192\" width=\"343\"><source media=\"(min-width: 768px) and (max-width: 1023px)\" srcset=\"https:\/\/a57.foxnews.com\/static.foxnews.com\/foxnews.com\/content\/uploads\/2025\/12\/672\/378\/albania-corruption-rama-protests.jpg?ve=1&amp;tl=1, https:\/\/a57.foxnews.com\/static.foxnews.com\/foxnews.com\/content\/uploads\/2025\/12\/1344\/756\/albania-corruption-rama-protests.jpg?ve=1&amp;tl=1 2x\" height=\"378\" width=\"672\"><source media=\"(min-width: 1024px) and (max-width: 1279px)\" srcset=\"https:\/\/a57.foxnews.com\/static.foxnews.com\/foxnews.com\/content\/uploads\/2025\/12\/931\/523\/albania-corruption-rama-protests.jpg?ve=1&amp;tl=1, https:\/\/a57.foxnews.com\/static.foxnews.com\/foxnews.com\/content\/uploads\/2025\/12\/1862\/1046\/albania-corruption-rama-protests.jpg?ve=1&amp;tl=1 2x\" height=\"523\" width=\"931\"><source media=\"(min-width: 1280px)\" srcset=\"https:\/\/a57.foxnews.com\/static.foxnews.com\/foxnews.com\/content\/uploads\/2025\/12\/720\/405\/albania-corruption-rama-protests.jpg?ve=1&amp;tl=1, https:\/\/a57.foxnews.com\/static.foxnews.com\/foxnews.com\/content\/uploads\/2025\/12\/1440\/810\/albania-corruption-rama-protests.jpg?ve=1&amp;tl=1 2x\" height=\"405\" width=\"720\"><img loading=\"lazy\" decoding=\"async\" src=\"https:\/\/a57.foxnews.com\/static.foxnews.com\/foxnews.com\/content\/uploads\/2025\/12\/1200\/675\/albania-corruption-rama-protests.jpg?ve=1&amp;tl=1\" alt=\"Manifestantes anticorrupci\u00f3n en Albania\" width=\"1200\" height=\"675\"\/><\/source><\/source><\/source><\/source><\/picture><\/div>\n<div class=\"info\">\n<div class=\"caption\">\n<p><span>La gente se re\u00fane durante una manifestaci\u00f3n celebrada en Tirana, capital de Albania, en apoyo del ex primer ministro Sali Berisha, que estuvo bajo arresto domiciliario desde diciembre de 2023 hasta noviembre de 2024 por cargos de corrupci\u00f3n y actualmente se encuentra bajo supervisi\u00f3n judicial del Tribunal Especial de Apelaci\u00f3n contra la Corrupci\u00f3n y el Crimen Organizado de Albania (GJPAKKO).<\/span> <span>(Olsi Shehu\/Anadolu v\u00eda Getty Images)<\/span><\/p>\n<\/div>\n<\/div>\n<\/div>\n<p>Las acusaciones de que Rama est\u00e1 vinculado con el Cartel de Sinaloa surgieron despu\u00e9s de que el primer ministro se reuniera con Luftar Hysa, vinculado a Sinaloa y sancionado por el Departamento del Tesoro de Estados Unidos. Rama dijo a un medio de comunicaci\u00f3n alban\u00e9s que se reuni\u00f3 con Hysa s\u00f3lo una vez.<\/p>\n<p>Con la destituci\u00f3n de Balluku, Nesho dice que \u00abla ira p\u00fablica se dirige no s\u00f3lo a [her] pero tambi\u00e9n por la conducta irresponsable de un r\u00e9gimen que gobierna sin rendir cuentas, abusa de la propiedad y las finanzas p\u00fablicas y no enfrenta consecuencias a pesar de la reacci\u00f3n de la sociedad\u00bb. Nesho dijo que muchos en el pa\u00eds le han dado al primer ministro el apodo de \u00abRamaduro\u00bb, diciendo que es \u00abuna comparaci\u00f3n directa con el dictador venezolano Nicol\u00e1s Maduro\u00bb.<\/p>\n<p>La oficina de prensa de Rama dijo a Fox News Digital que se neg\u00f3 a comentar sobre las acusaciones de Nesho contra \u00e9l.<\/p>\n<p>En mayo de 2021, el Departamento de Estado sancion\u00f3 al ex primer ministro Sali Berisha por acusaciones de corrupci\u00f3n, que le prohibieron viajar a Estados Unidos. Fox News Digital pregunt\u00f3 al Departamento de Estado si ten\u00eda planes de imponer sanciones similares contra Balluku.<\/p>\n<p>Un portavoz del Departamento de Estado dijo a Fox News Digital: \u00abNo tenemos comentarios sobre asuntos legales en curso\u00bb.<\/p>\n<p><strong>HAGA CLIC AQU\u00cd PARA DESCARGAR LA APLICACI\u00d3N FOX NEWS<\/strong><\/p>\n<p>La Embajada de Estados Unidos en Tirana emiti\u00f3 la misma respuesta a Fox News Digital cuando se le pregunt\u00f3 si suspender\u00eda la visa de Balluku como resultado de su destituci\u00f3n de su cargo.<\/p>\n<p> <!----> <\/p>\n<div class=\"article-meta\">\n<div class=\"author-bio\">\n<p>Beth Bailey es reportera que cubre Afganist\u00e1n, Medio Oriente, Asia y Centroam\u00e9rica. Anteriormente fue analista de inteligencia civil en el Departamento del Ej\u00e9rcito. Puedes seguir a Beth en Twitter @ BWBailey85<\/p>\n<\/div>\n<\/div>\n<\/div>\n\n","protected":false},"excerpt":{"rendered":"<p>NUEVO\u00a1Ahora puedes escuchar los art\u00edculos de Fox News! Hasta ahora, el Departamento de Estado se niega a comentar sobre la creciente crisis de corrupci\u00f3n que afecta a la naci\u00f3n balc\u00e1nica de Albania, un aliado vital de Estados Unidos en la regi\u00f3n. Tras la decisi\u00f3n de un tribunal alban\u00e9s de destituir a la viceprimera ministra Belinda &hellip;<\/p>\n","protected":false},"author":1,"featured_media":53754,"comment_status":"open","ping_status":"open","sticky":false,"template":"","format":"standard","meta":{"fifu_image_url":"https:\/\/static.foxnews.com\/foxnews.com\/content\/uploads\/2025\/12\/albania-corruption-rama-protests.jpg","fifu_image_alt":"","footnotes":""},"categories":[13],"tags":[],"class_list":["post-53752","post","type-post","status-publish","format-standard","has-post-thumbnail","","category-mundo"],"_links":{"self":[{"href":"https:\/\/noticiasveraces.com\/index.php?rest_route=\/wp\/v2\/posts\/53752","targetHints":{"allow":["GET"]}}],"collection":[{"href":"https:\/\/noticiasveraces.com\/index.php?rest_route=\/wp\/v2\/posts"}],"about":[{"href":"https:\/\/noticiasveraces.com\/index.php?rest_route=\/wp\/v2\/types\/post"}],"author":[{"embeddable":true,"href":"https:\/\/noticiasveraces.com\/index.php?rest_route=\/wp\/v2\/users\/1"}],"replies":[{"embeddable":true,"href":"https:\/\/noticiasveraces.com\/index.php?rest_route=%2Fwp%2Fv2%2Fcomments&post=53752"}],"version-history":[{"count":0,"href":"https:\/\/noticiasveraces.com\/index.php?rest_route=\/wp\/v2\/posts\/53752\/revisions"}],"wp:featuredmedia":[{"embeddable":true,"href":"https:\/\/noticiasveraces.com\/index.php?rest_route=\/wp\/v2\/media\/53754"}],"wp:attachment":[{"href":"https:\/\/noticiasveraces.com\/index.php?rest_route=%2Fwp%2Fv2%2Fmedia&parent=53752"}],"wp:term":[{"taxonomy":"category","embeddable":true,"href":"https:\/\/noticiasveraces.com\/index.php?rest_route=%2Fwp%2Fv2%2Fcategories&post=53752"},{"taxonomy":"post_tag","embeddable":true,"href":"https:\/\/noticiasveraces.com\/index.php?rest_route=%2Fwp%2Fv2%2Ftags&post=53752"}],"curies":[{"name":"wp","href":"https:\/\/api.w.org\/{rel}","templated":true}]}}