{"id":53730,"date":"2025-12-13T07:08:35","date_gmt":"2025-12-13T11:08:35","guid":{"rendered":"https:\/\/noticiasveraces.com\/?p=53730"},"modified":"2025-12-13T07:08:35","modified_gmt":"2025-12-13T11:08:35","slug":"nobel-de-la-paz-y-de-la-democracia","status":"publish","type":"post","link":"https:\/\/noticiasveraces.com\/?p=53730","title":{"rendered":"Nobel de la Paz y de la democracia"},"content":{"rendered":"<p> \n<\/p>\n<div id=\"\">\n<div class=\"image-featured\">\n<img src=\"data:image\/png;base64,iVBORw0KGgoAAAANSUhEUgAABLAAAAMgAQAAAAAbm6avAAAAAnRSTlMAAHaTzTgAAACMSURBVHja7cExAQAAAMKg9U9tB2+gAAAAAAAAAAAAAAAAAAAAAAAAAAAAAAAAAAAAAAAAAAAAAAAAAAAAAAAAAAAAAAAAAAAAAAAAAAAAAAAAAAAAAAAAAAAAAAAAAAAAAAAAAAAAAAAAAAAAAAAAAAAAAAAAAAAAAAAAAAAAAAAAAAAAAAAAAAAAPgPX7wABGnGBnwAAAABJRU5ErkJggg==\" alt=\"Machado exige a democracias del mundo bloquear ingresos del r\u00e9gimen de Maduro\" data-src=\"https:\/\/elnacional-uploads.nyc3.digitaloceanspaces.com\/wp-content\/uploads\/2025\/12\/11090738\/16b2180c8b62bdc17799498e06f168201ea9a820.jpg\" decoding=\"async\" class=\"lazyload\" data-eio-rwidth=\"1200\" data-eio-rheight=\"800\"\/><img decoding=\"async\" src=\"https:\/\/elnacional-uploads.nyc3.digitaloceanspaces.com\/wp-content\/uploads\/2025\/12\/11090738\/16b2180c8b62bdc17799498e06f168201ea9a820.jpg\" alt=\"Machado exige a democracias del mundo bloquear ingresos del r\u00e9gimen de Maduro\" data-eio=\"l\"\/><figcaption>Machado recibi\u00f3 el Nobel de la Paz por su apoyo a la democracia venezolana \/ EFE<\/figcaption><\/div>\n<p>Contra todo pron\u00f3stico, por fin Mar\u00eda Corina\u00a0lleg\u00f3 a Oslo. Ya la \u00a0ceremonia de entrega del Premio Nobel hab\u00eda concluido sin su presencia, siendo ella sustituida para la ocasi\u00f3n por su hija Ana Corina cuyo desempe\u00f1o en el discurso pronunciado en nombre de su madre nos dej\u00f3 la clara convicci\u00f3n de que \u201chija de gata\u2026caza ratones.\u201d<\/p>\n<p>El Premio Nobel de la Paz fue concebido para honrar a quienes con su acci\u00f3n hayan contribuido significativamente a la obtenci\u00f3n o afianzamiento de la misma y as\u00ed fue otorgado desde su primera edici\u00f3n en 1901 a Henry Dunant, cofundador de la Cruz Roja Internacional; tambi\u00e9n varios expresidentes de Estados Unidos\u00a0fueron galardonados: Teodoro Roosevelt, Woodrow Wilson, Barack Obama,\u00a0etc.<\/p>\n<p>Se trata del mayor galard\u00f3n que otorga el Comit\u00e9 del Nobel del parlamento noruego que, como su nombre lo indica, est\u00e1 compuesto por respetables parlamentarios de ese pa\u00eds quienes, naturalmente, reflejan la diversidad de orientaciones pol\u00edticas que\u00a0all\u00e1 conviven muy civilizadamente.<\/p>\n<p>A medida que el mundo moderno ha ido tomando conciencia de la bendici\u00f3n de vivir en paz, el premio ha ido tomando un car\u00e1cter m\u00e1s controversial tal como se refleja en la lista de algunos de sus galardonados. En efecto, a partir de 1975 con Andrei Sakharov,\u00a0ello qued\u00f3\u00a0en evidencia cuando\u00a0el Comit\u00e9 homenajeaba al luchador y activista ruso que ven\u00eda librando una desigual batalla entre el gobierno y la sociedad de la entonces Uni\u00f3n Sovi\u00e9tica. Lo mismo el caso del argentino Adolfo P\u00e9rez Esquivel, justamente premiado en 1980 por su lucha ante la dictadura militar que gobernaba en Argentina y que era percibida como contumaz violadora de los derechos humanos. Tambi\u00e9n puede decirse de Lech Walesa, premiado en 1983 como expresi\u00f3n del decidido\u00a0apoyo a su lucha por la democratizaci\u00f3n y pacificaci\u00f3n de Polonia o el caso del\u00a0Dalai Lama en 1989, cuya expresi\u00f3n de rechazo al r\u00e9gimen chino alcanz\u00f3 relieve mundial; o el caso de 2010, cuando se premi\u00f3 al \u00a0escritor chino\u00a0Liu Zao\u00a0Chi y el gobierno no le permiti\u00f3 viajar para recibirlo.<\/p>\n<p>Entendemos que la selecci\u00f3n de Mar\u00eda Corina Machado es ampliamente merecida por su incansable activismo pro democr\u00e1tico que apoyamos a cabalidad, pero se percibe\u00a0que esa selecci\u00f3n fue una toma de posici\u00f3n justa y moral del parlamento noruego en favor de la causa de la libertad y la paz en Venezuela, en oposici\u00f3n a la dictadura de Maduro y C\u00eda., quienes ins\u00f3litamente\u00a0afirman\u00a0practicar otra versi\u00f3n de la \u00a0realidad venezolana.<\/p>\n<p>Esta toma de posici\u00f3n se evidenci\u00f3 cabalmente en la actitud exhibida por los discursos pronunciados por el\u00a0presidente del Comit\u00e9 del Nobel, J\u00f8rgen Watne Frydnes,\u00a0cuya\u00a0alocuci\u00f3n, que compartimos a cabalidad, dej\u00f3 bien clara cu\u00e1l es la parcialidad que ese comit\u00e9 apoya: la paz y la democracia frente a la arbitrariedad de quienes pretenden aprovechar la coyuntura para implantar\u00a0a su favor un proyecto pol\u00edtico contaminado por el provecho econ\u00f3mico a trav\u00e9s de favorecer el narcotr\u00e1fico internacional.<\/p>\n<p>Aun cuando pudiera parecer extempor\u00e1neo, no est\u00e1 de m\u00e1s evaluar el impacto pol\u00edtico de las peripecias que tuvo que pasar Mar\u00eda Corina Machado para llegar a Oslo .<\/p>\n<p>Este columnista se atreve a opinar que todos los inconvenientes vividos\u00a0por ella\u00a0contribuyen sustancialmente para fortalecer su estatura pol\u00edtica en su eventual proyecto de asumir la primera magistratura de su pa\u00eds, lo cual, al d\u00eda de hoy, no parece descabellado. Los d\u00edas de suspenso a escala planetario sirvieron m\u00e1s que ning\u00fan otro recurso para colocar a Venezuela en el\u00a0 radar mundial, lo cual le dio mucha m\u00e1s visibilidad que la que hubiera tenido en una entrega de premio \u201cnormal\u201d. Suponemos que ella y su equipo sabr\u00e1n c\u00f3mo aprovechar ese viento de cola, adem\u00e1s del impacto que ha ocasionado la presencia de tan notable grupo de jefes de Estado\u00a0extranjeros y otras\u00a0relevantes personalidades. Lamentablemente, tambi\u00e9n vimos el \u201cpescueceo\u201d tan consustancial con nuestra pol\u00edtica.<\/p>\n<p>As\u00ed las cosas, entendemos que los grandes cambios que hacen falta no demorar\u00e1n en ponerse en marcha. En ese momento se entender\u00e1 que el patriotismo no consiste en repetir consignas, sino en mantener -como hizo Mar\u00eda Corina Machado- la fe y la presi\u00f3n necesarias. \u00a1El que se cansa pierde!<\/p>\n<p><span class=\"__cf_email__\" data-cfemail=\"6908191a08050e1c0c001b0658290e04080005470a0604\">[email\u00a0protected]<\/span><\/p>\n<\/div>\n\n","protected":false},"excerpt":{"rendered":"<p>Machado recibi\u00f3 el Nobel de la Paz por su apoyo a la democracia venezolana \/ EFE Contra todo pron\u00f3stico, por fin Mar\u00eda Corina\u00a0lleg\u00f3 a Oslo. Ya la \u00a0ceremonia de entrega del Premio Nobel hab\u00eda concluido sin su presencia, siendo ella sustituida para la ocasi\u00f3n por su hija Ana Corina cuyo desempe\u00f1o en el discurso pronunciado &hellip;<\/p>\n","protected":false},"author":1,"featured_media":53731,"comment_status":"open","ping_status":"open","sticky":false,"template":"","format":"standard","meta":{"fifu_image_url":"https:\/\/elnacional-uploads.nyc3.digitaloceanspaces.com\/wp-content\/uploads\/2025\/12\/11090738\/16b2180c8b62bdc17799498e06f168201ea9a820.jpg","fifu_image_alt":"","footnotes":""},"categories":[4],"tags":[],"class_list":["post-53730","post","type-post","status-publish","format-standard","has-post-thumbnail","","category-historias-destacadas"],"_links":{"self":[{"href":"https:\/\/noticiasveraces.com\/index.php?rest_route=\/wp\/v2\/posts\/53730","targetHints":{"allow":["GET"]}}],"collection":[{"href":"https:\/\/noticiasveraces.com\/index.php?rest_route=\/wp\/v2\/posts"}],"about":[{"href":"https:\/\/noticiasveraces.com\/index.php?rest_route=\/wp\/v2\/types\/post"}],"author":[{"embeddable":true,"href":"https:\/\/noticiasveraces.com\/index.php?rest_route=\/wp\/v2\/users\/1"}],"replies":[{"embeddable":true,"href":"https:\/\/noticiasveraces.com\/index.php?rest_route=%2Fwp%2Fv2%2Fcomments&post=53730"}],"version-history":[{"count":0,"href":"https:\/\/noticiasveraces.com\/index.php?rest_route=\/wp\/v2\/posts\/53730\/revisions"}],"wp:featuredmedia":[{"embeddable":true,"href":"https:\/\/noticiasveraces.com\/index.php?rest_route=\/wp\/v2\/media\/53731"}],"wp:attachment":[{"href":"https:\/\/noticiasveraces.com\/index.php?rest_route=%2Fwp%2Fv2%2Fmedia&parent=53730"}],"wp:term":[{"taxonomy":"category","embeddable":true,"href":"https:\/\/noticiasveraces.com\/index.php?rest_route=%2Fwp%2Fv2%2Fcategories&post=53730"},{"taxonomy":"post_tag","embeddable":true,"href":"https:\/\/noticiasveraces.com\/index.php?rest_route=%2Fwp%2Fv2%2Ftags&post=53730"}],"curies":[{"name":"wp","href":"https:\/\/api.w.org\/{rel}","templated":true}]}}