{"id":53720,"date":"2025-12-13T06:22:47","date_gmt":"2025-12-13T10:22:47","guid":{"rendered":"https:\/\/noticiasveraces.com\/?p=53720"},"modified":"2025-12-13T06:22:47","modified_gmt":"2025-12-13T10:22:47","slug":"la-ia-llego-al-arte-un-encuentro-para-explorar-el-futuro-creativo-impulsado-por-la-inteligencia-artificial","status":"publish","type":"post","link":"https:\/\/noticiasveraces.com\/?p=53720","title":{"rendered":"La IA lleg\u00f3 al arte: Un encuentro para explorar el futuro creativo impulsado por la inteligencia artificial"},"content":{"rendered":"<p> \n<\/p>\n<div>\n<p>La conversaci\u00f3n sobre la IA ha dejado de ser una novedad t\u00e9cnica para convertirse en un est\u00e1ndar operativo en las industrias creativas. En este contexto, <strong>MX MX<\/strong> \u2014la plataforma clave para el dise\u00f1o y la cultura digital en la regi\u00f3n\u2014 se al\u00eda con <em><strong>La revista de arte de IA<\/strong><\/em>  para presentar <strong>Fusi\u00f3n Global_Ciudad de M\u00e9xico<\/strong>un evento dise\u00f1ado para diseccionar, sin filtros, c\u00f3mo estas herramientas est\u00e1n reconfigurando la autor\u00eda y la producci\u00f3n est\u00e9tica.<\/p>\n<p>La cita es el pr\u00f3ximo <strong>s\u00e1bado 13 de diciembre<\/strong> en el <strong>Abierto Human Hub<\/strong>ubicado en San Jos\u00e9 Insurgentes. A diferencia de otros foros que se quedan en la especulaci\u00f3n te\u00f3rica, este encuentro apuesta por la demostraci\u00f3n emp\u00edrica y el di\u00e1logo entre pares. El objetivo es analizar los procesos h\u00edbridos donde la capacidad humana y el procesamiento algor\u00edtmico convergen para generar nuevos lenguajes.<\/p>\n<hr\/>\n<div class=\"ContentCardEmbedWrapper-kFpFGN dpdjmB content-card-embed content-card-embed--stacked\" data-testid=\"ContentCardEmbedWrapper\">\n<div class=\"ContentCardEmbedImage-iBIXcR jiOHKG content-card-embed__image\" data-testid=\"ContentCardEmbedImage\"><span class=\"SpanWrapper-zEXFr koTknX responsive-asset\"><picture class=\"ResponsiveImagePicture-cGZhnX jwYQWO responsive-image\"><img decoding=\"async\" alt=\"Rodrigo Garrido\" loading=\"lazy\" class=\"ResponsiveImageContainer-eNxvmU cfBbTk responsive-image__image\" srcset=\"https:\/\/media.es.wired.com\/photos\/668434e14ba484ca58eef115\/master\/w_120,c_limit\/ProductRecall.jpg 120w, https:\/\/media.es.wired.com\/photos\/668434e14ba484ca58eef115\/master\/w_240,c_limit\/ProductRecall.jpg 240w, https:\/\/media.es.wired.com\/photos\/668434e14ba484ca58eef115\/master\/w_320,c_limit\/ProductRecall.jpg 320w, https:\/\/media.es.wired.com\/photos\/668434e14ba484ca58eef115\/master\/w_640,c_limit\/ProductRecall.jpg 640w\" sizes=\"100vw\" src=\"https:\/\/media.es.wired.com\/photos\/668434e14ba484ca58eef115\/master\/w_775%2Cc_limit\/ProductRecall.jpg\"\/><\/picture><\/span><\/div>\n<div class=\"ContentCardEmbedInfo-bSBhwc IbulD\">\n<div class=\"BaseWrap-sc-gzmcOU BaseText-eqOrNE ContentCardEmbedHed-kuAbUL deqABF jkWAvF fPZrfS content-card-embed__hed\" data-testid=\"ContentCardEmbedHed\">El artista Rodrigo Garrido y sus esculturas <em>sensible<\/em> impulsadas con Inteligencia Artificial<\/div>\n<p>WIRED visita la primera exposici\u00f3n individual del artista mexicano Rodrigo Garrido, donde presenta sus esculturas sensibles, capaces de sentir, percibir y evolucionar mediante inteligencia artificial.<\/p>\n<\/div>\n<\/div>\n<hr\/>\n<p>\u201cOFFFMX y The AI \u200b\u200bArt Magazine te invitan a unirte al primer cap\u00edtulo mexicano de Global Fusion. A medida que la inteligencia artificial se integra al panorama creativo, este evento ofrece un espacio para intercambiar perspectivas y explorar nuevas formas de colaboraci\u00f3n. La exposici\u00f3n, el panel, las charlas y la performance crean un espacio para analizar la tecnolog\u00eda como contexto vivo para el proceso art\u00edstico, la experimentaci\u00f3n est\u00e9tica y el pensamiento cr\u00edtico\u201d, dicen los organizadores en su p\u00e1gina web.<\/p>\n<p>El Lineup: Experimentaci\u00f3n en tiempo real<\/p>\n<p>El programa cura una selecci\u00f3n de perfiles que ya est\u00e1n operando en esta intersecci\u00f3n, alej\u00e1ndose del <em>bombo publicitario<\/em> para centrarse en la t\u00e9cnica y la reflexi\u00f3n cr\u00edtica. Entre los participantes que ofrecer\u00e1n charlas y performances se encuentran:<\/p>\n<p><strong>CNDSD \/ Malitzin Cort\u00e9s:<\/strong> Reconocida por su trabajo en live coding y arquitectura sonora.<\/p>\n<p><strong>Jehosue Ib\u00e1\u00f1ez:<\/strong> Especialista en dise\u00f1o de experiencias y nuevos medios.<\/p>\n<p><strong>PJ Richardson, Marcos Ferreira, Adriana Mora y Andrea Mata:<\/strong> Creativos que desglosar\u00e1n c\u00f3mo la tecnolog\u00eda act\u00faa hoy como un contexto activo y no solo como una herramienta de postproducci\u00f3n.<\/p>\n<p>Adem\u00e1s de las ponencias, el evento servir\u00e1 como vitrina para <strong>22 obras seleccionadas<\/strong> de las primeras ediciones de The AI Art Magazine. Bajo el nombre de \u00abGolden Tickets\u00bb, esta colecci\u00f3n documenta el estado del arte a nivel global, mostrando piezas que desaf\u00edan los l\u00edmites visuales convencionales mediante el uso intensivo de IA generativa.<\/p>\n<hr\/>\n<div class=\"ContentCardEmbedWrapper-kFpFGN dpdjmB content-card-embed content-card-embed--stacked\" data-testid=\"ContentCardEmbedWrapper\">\n<div class=\"ContentCardEmbedImage-iBIXcR jiOHKG content-card-embed__image\" data-testid=\"ContentCardEmbedImage\"><span class=\"SpanWrapper-zEXFr koTknX responsive-asset\"><picture class=\"ResponsiveImagePicture-cGZhnX jwYQWO responsive-image\"><img decoding=\"async\" alt=\"Ilustraci\u00f3n que muestra arte generado por inteligencia artificial de una cara cubierta con textos\" loading=\"lazy\" class=\"ResponsiveImageContainer-eNxvmU cfBbTk responsive-image__image\" srcset=\"https:\/\/media.es.wired.com\/photos\/63c023a8cd65a93ba5b493e5\/master\/w_120,c_limit\/Business_YearEndReview_AI-ART.jpg 120w, https:\/\/media.es.wired.com\/photos\/63c023a8cd65a93ba5b493e5\/master\/w_240,c_limit\/Business_YearEndReview_AI-ART.jpg 240w, https:\/\/media.es.wired.com\/photos\/63c023a8cd65a93ba5b493e5\/master\/w_320,c_limit\/Business_YearEndReview_AI-ART.jpg 320w, https:\/\/media.es.wired.com\/photos\/63c023a8cd65a93ba5b493e5\/master\/w_640,c_limit\/Business_YearEndReview_AI-ART.jpg 640w\" sizes=\"100vw\" src=\"https:\/\/media.es.wired.com\/photos\/63c023a8cd65a93ba5b493e5\/master\/w_775%2Cc_limit\/Business_YearEndReview_AI-ART.jpg\"\/><\/picture><\/span><\/div>\n<div class=\"ContentCardEmbedInfo-bSBhwc IbulD\">\n<div class=\"BaseWrap-sc-gzmcOU BaseText-eqOrNE ContentCardEmbedHed-kuAbUL deqABF jkWAvF fPZrfS content-card-embed__hed\" data-testid=\"ContentCardEmbedHed\">\u00bfDe d\u00f3nde vino el <em>auge<\/em> del arte creado por inteligencia artificial y hacia d\u00f3nde se dirige en el futuro?<\/div>\n<p>El a\u00f1o pasado, los algoritmos mejoraron mucho en la generaci\u00f3n de ilustraciones, arte y escenas fotorrealistas. \u00bfY ahora a d\u00f3nde vamos? \u00bfAl video?<\/p>\n<\/div>\n<\/div>\n<hr\/>\n<p><strong>Datos \u00fatiles para asistir<\/strong><\/p>\n<p>El evento se plantea como una jornada intensiva de networking y aprendizaje para la comunidad digital de la ciudad.<\/p>\n<p><strong>Fecha:<\/strong> S\u00e1bado 13 de diciembre de 2025.<\/p>\n<p><strong>Tiempo:<\/strong> 3:00 PM \u2013 11:00 PM.<\/p>\n<p><strong>Ubicaci\u00f3n:<\/strong> Abierto Human Hub (Damas 129, San Jos\u00e9 Insurgentes, Benito Ju\u00e1rez, CDMX).<\/p>\n<p>Para m\u00e1s detalles sobre la agenda completa, visita el sitio oficial: art-magazine.ai\/global-fusion-mexico-city.<\/p>\n<\/div>\n\n","protected":false},"excerpt":{"rendered":"<p>La conversaci\u00f3n sobre la IA ha dejado de ser una novedad t\u00e9cnica para convertirse en un est\u00e1ndar operativo en las industrias creativas. En este contexto, MX MX \u2014la plataforma clave para el dise\u00f1o y la cultura digital en la regi\u00f3n\u2014 se al\u00eda con La revista de arte de IA para presentar Fusi\u00f3n Global_Ciudad de M\u00e9xicoun &hellip;<\/p>\n","protected":false},"author":1,"featured_media":53722,"comment_status":"open","ping_status":"open","sticky":false,"template":"","format":"standard","meta":{"fifu_image_url":"https:\/\/media.es.wired.com\/photos\/693757953ed7309cdb63561a\/16:9\/w_1280,c_limit\/GLBL_FSN_CDMX_3_1200x630@2x.png","fifu_image_alt":"","footnotes":""},"categories":[763],"tags":[],"class_list":["post-53720","post","type-post","status-publish","format-standard","has-post-thumbnail","","category-estilo-de-vida"],"_links":{"self":[{"href":"https:\/\/noticiasveraces.com\/index.php?rest_route=\/wp\/v2\/posts\/53720","targetHints":{"allow":["GET"]}}],"collection":[{"href":"https:\/\/noticiasveraces.com\/index.php?rest_route=\/wp\/v2\/posts"}],"about":[{"href":"https:\/\/noticiasveraces.com\/index.php?rest_route=\/wp\/v2\/types\/post"}],"author":[{"embeddable":true,"href":"https:\/\/noticiasveraces.com\/index.php?rest_route=\/wp\/v2\/users\/1"}],"replies":[{"embeddable":true,"href":"https:\/\/noticiasveraces.com\/index.php?rest_route=%2Fwp%2Fv2%2Fcomments&post=53720"}],"version-history":[{"count":0,"href":"https:\/\/noticiasveraces.com\/index.php?rest_route=\/wp\/v2\/posts\/53720\/revisions"}],"wp:featuredmedia":[{"embeddable":true,"href":"https:\/\/noticiasveraces.com\/index.php?rest_route=\/wp\/v2\/media\/53722"}],"wp:attachment":[{"href":"https:\/\/noticiasveraces.com\/index.php?rest_route=%2Fwp%2Fv2%2Fmedia&parent=53720"}],"wp:term":[{"taxonomy":"category","embeddable":true,"href":"https:\/\/noticiasveraces.com\/index.php?rest_route=%2Fwp%2Fv2%2Fcategories&post=53720"},{"taxonomy":"post_tag","embeddable":true,"href":"https:\/\/noticiasveraces.com\/index.php?rest_route=%2Fwp%2Fv2%2Ftags&post=53720"}],"curies":[{"name":"wp","href":"https:\/\/api.w.org\/{rel}","templated":true}]}}