{"id":53711,"date":"2025-12-13T04:58:06","date_gmt":"2025-12-13T08:58:06","guid":{"rendered":"https:\/\/noticiasveraces.com\/?p=53711"},"modified":"2025-12-13T04:58:06","modified_gmt":"2025-12-13T08:58:06","slug":"actriz-descubrio-que-tenia-cancer-meses-despues-de-interpretar-a-un-personaje-con-la-misma-enfermedad","status":"publish","type":"post","link":"https:\/\/noticiasveraces.com\/?p=53711","title":{"rendered":"Actriz descubri\u00f3 que ten\u00eda c\u00e1ncer meses despu\u00e9s de interpretar a un personaje con la misma enfermedad"},"content":{"rendered":"<p> \n<\/p>\n<div>\n<p>\n\t\t\t<span rel=\"author\" class=\"fn\">con una esp\u00e1tula<\/span>\n\t\t<\/p>\n<p>\t\t<time class=\"entry-date published updated\" datetime=\"2025-12-12T22:26:54-04:00\">diciembre 12 2025, 10:26 pm<\/time><br \/>\n\t\t<span class=\"spot-im-replies-count\" data-post-id=\"5849212\"\/><\/p>\n<figure id=\"attachment_5849216\" aria-describedby=\"caption-attachment-5849216\" style=\"width: 899px\" class=\"wp-caption alignnone\"><img fetchpriority=\"high\" decoding=\"async\" onerror=\"this.onerror=null;this.src=\" https:=\"\" class=\"size-full wp-image-5849216\" src=\"https:\/\/sandia.datanubex.uk\/wp-content\/uploads\/2025\/12\/Dani-Gondim-Brasil.jpg\" alt=\"\" width=\"899\" height=\"599\"\/><figcaption id=\"caption-attachment-5849216\" class=\"wp-caption-text\">Cortes\u00eda<\/figcaption><\/figure>\n<\/p>\n<p>\u00abLa batalla que retrat\u00e9 en mi arte empez\u00f3 a formar parte de mi vida\u00bb, escribi\u00f3 Dani Gondim en las redes al revelar un problema de salud personal. La actriz brasile\u00f1a descubri\u00f3 que ten\u00eda c\u00e1ncer meses despu\u00e9s de haber interpretado a un personaje con la misma enfermedad, seg\u00fan explic\u00f3.<\/p>\n<p><em><strong>Por: Clar\u00edn<\/strong><\/em><\/p>\n<p><!-- Begin Mailchimp Signup Form --><\/p>\n<div id=\"mc_embed_signup\">\n<p><label for=\"mce-EMAIL\">            \u00a1\u00danete al club ahora! Suscr\u00edbete al bolet\u00edn m\u00e1s importante de Venezuela          <\/label><iframe data-test-id=\"beehiiv-embed\" height=\"52\" frameborder=\"0\" scrolling=\"no\" style=\"margin: 0; border-radius: 0px !important; &#10;&#9;&#9;background-color: transparent;\" data-src=\"https:\/\/embeds.beehiiv.com\/cdab9503-16ae-4689-ad4f-1408c727a83a?slim=true\" class=\"lazyload\"><\/iframe><\/p>\n<\/div>\n<p><!--End mc_embed_signup 2--><\/p>\n<p>En noviembre de 2025, Gondim, reconocida por sus papeles en filmes y series de su pa\u00eds, anunci\u00f3 en su cuenta de Instagram que est\u00e1 recibiendo tratamiento por un tumor maligno. Apenas tiempo atr\u00e1s, la artista de 32 a\u00f1os protagoniz\u00f3 una pel\u00edcula sobre la lucha de una mujer contra el c\u00e1ncer.<\/p>\n<p>\u00abUnos meses m\u00e1s tarde, la batalla que retrat\u00e9 en mi arte empez\u00f3 a formar parte de mi vida. Hoy tengo c\u00e1ncer. \u00bfTe sorprendi\u00f3, verdad? A m\u00ed tambi\u00e9n\u00bb, inform\u00f3 la joven en la plataforma social a trav\u00e9s de un posteo del 29 de noviembre.<\/p>\n<p>El 24 de febrero de 2025 se estren\u00f3 Milagre do Destino, un filme del servicio de streaming brasile\u00f1o Globoplay, protagonizado por Dani Gondim y Rhaisa Batista.<\/p>\n<p>En la pel\u00edcula en cuesti\u00f3n, Gondim encarna a una mujer llamada Mar\u00edlia \u00c1lvarez: seg\u00fan la sinopsis oficial, ella es una periodista que se entera de que tiene un linfoma agresivo y luego empieza a entablar un v\u00ednculo amistoso con una enfermera \u00abcompasiva y resiliente\u00bb. La trama est\u00e1 basada en la historia real de la famosa reportera brasile\u00f1a Marina Alves.<\/p>\n<p>Con respecto al caso de Gondim, ella cont\u00f3 que le detectaron un linfoma mediast\u00ednico. Este linfoma es un tipo de c\u00e1ncer que se desarrolla en el mediastino: de acuerdo con el portal de salud estadounidense MedlinePlus, se trata de la parte del t\u00f3rax que est\u00e1 entre el estern\u00f3n y la columna vertebral, y entre los pulmones.<\/p>\n<p>Puedes leer la nota completa en <em><strong>Clar\u00edn<\/strong><\/em><\/p>\n<p><!-- CONTENT END 2 -->\n\t<\/div>\n\n","protected":false},"excerpt":{"rendered":"<p>con una esp\u00e1tula diciembre 12 2025, 10:26 pm Cortes\u00eda \u00abLa batalla que retrat\u00e9 en mi arte empez\u00f3 a formar parte de mi vida\u00bb, escribi\u00f3 Dani Gondim en las redes al revelar un problema de salud personal. La actriz brasile\u00f1a descubri\u00f3 que ten\u00eda c\u00e1ncer meses despu\u00e9s de haber interpretado a un personaje con la misma enfermedad, &hellip;<\/p>\n","protected":false},"author":1,"featured_media":53713,"comment_status":"open","ping_status":"open","sticky":false,"template":"","format":"standard","meta":{"fifu_image_url":"https:\/\/sandia.datanubex.uk\/wp-content\/uploads\/2025\/12\/Dani-Gondim-Brasil.jpg","fifu_image_alt":"","footnotes":""},"categories":[13],"tags":[],"class_list":["post-53711","post","type-post","status-publish","format-standard","has-post-thumbnail","","category-mundo"],"_links":{"self":[{"href":"https:\/\/noticiasveraces.com\/index.php?rest_route=\/wp\/v2\/posts\/53711","targetHints":{"allow":["GET"]}}],"collection":[{"href":"https:\/\/noticiasveraces.com\/index.php?rest_route=\/wp\/v2\/posts"}],"about":[{"href":"https:\/\/noticiasveraces.com\/index.php?rest_route=\/wp\/v2\/types\/post"}],"author":[{"embeddable":true,"href":"https:\/\/noticiasveraces.com\/index.php?rest_route=\/wp\/v2\/users\/1"}],"replies":[{"embeddable":true,"href":"https:\/\/noticiasveraces.com\/index.php?rest_route=%2Fwp%2Fv2%2Fcomments&post=53711"}],"version-history":[{"count":0,"href":"https:\/\/noticiasveraces.com\/index.php?rest_route=\/wp\/v2\/posts\/53711\/revisions"}],"wp:featuredmedia":[{"embeddable":true,"href":"https:\/\/noticiasveraces.com\/index.php?rest_route=\/wp\/v2\/media\/53713"}],"wp:attachment":[{"href":"https:\/\/noticiasveraces.com\/index.php?rest_route=%2Fwp%2Fv2%2Fmedia&parent=53711"}],"wp:term":[{"taxonomy":"category","embeddable":true,"href":"https:\/\/noticiasveraces.com\/index.php?rest_route=%2Fwp%2Fv2%2Fcategories&post=53711"},{"taxonomy":"post_tag","embeddable":true,"href":"https:\/\/noticiasveraces.com\/index.php?rest_route=%2Fwp%2Fv2%2Ftags&post=53711"}],"curies":[{"name":"wp","href":"https:\/\/api.w.org\/{rel}","templated":true}]}}