{"id":53692,"date":"2025-12-13T00:50:08","date_gmt":"2025-12-13T04:50:08","guid":{"rendered":"https:\/\/noticiasveraces.com\/?p=53692"},"modified":"2025-12-13T00:50:08","modified_gmt":"2025-12-13T04:50:08","slug":"bolivia-el-expresidente-luis-arce-ingresa-en-prision-preventiva-por-presunta-corrupcion","status":"publish","type":"post","link":"https:\/\/noticiasveraces.com\/?p=53692","title":{"rendered":"Bolivia: el expresidente Luis Arce ingresa en prisi\u00f3n preventiva por presunta corrupci\u00f3n"},"content":{"rendered":"<p> \n<br \/><img decoding=\"async\" src=\"https:\/\/s.france24.com\/media\/display\/708df9ac-d601-11f0-b174-005056a97e36\/w:1024\/p:16x9\/AP25311619740599.jpg\" \/><\/p>\n<div>\n<p>En un operativo con fuerte resguardo policial, Arce (2020-2025) dej\u00f3 las oficinas de la Fuerza Especial de Lucha contra el Crimen (Felcc) de La Paz, donde estuvo detenido desde el mi\u00e9rcoles, y fue llevado al penal de San Pedro, situado en el barrio hom\u00f3nimo cerca del centro hist\u00f3rico de La Paz, en un veh\u00edculo con vidrios oscuros.<\/p>\n<p>\u00abNo nos hemos ido, estamos aqu\u00ed, somos inocentes\u00bb, dijo el expresidente escuetamente a los medios al ingresar al centro penitenciario.<\/p>\n<p>Arce compareci\u00f3 esta jornada ante el juez anticorrupci\u00f3n Mario Helmer Laura, quien dispuso que el exmandatario \u00abdeber\u00e1 defenderse con una medida extrema de detenci\u00f3n preventiva\u00bb en San Pedro \u00abpor el tiempo de cinco meses\u00bb.<\/p>\n<p>Laura precis\u00f3 que Arce podr\u00e1 solicitar una salida judicial con motivos m\u00e9dicos \u00aben cualquier momento\u00bb y que la Direcci\u00f3n de R\u00e9gimen Penitenciario tendr\u00e1 que dar las garant\u00edas para resguardar su seguridad f\u00edsica en un sitio \u00abdiferente\u00bb a la poblaci\u00f3n sentenciada en esa c\u00e1rcel.<\/p>\n<p>La decisi\u00f3n judicial, dictada tras m\u00e1s de seis horas de una audiencia cautelar virtual, valor\u00f3 que Arce no pudo desvirtuar del todo el peligro de obstaculizaci\u00f3n en el proceso, pese a haber brindando garant\u00edas laborales y acreditar una residencia estable en La Paz.<\/p>\n<p>Durante la audiencia, Arce se declar\u00f3 \u00ababsolutamente inocente\u00bb y atribuy\u00f3 su aprehensi\u00f3n a motivos \u00abclaramente pol\u00edticos\u00bb al considerar que el Gobierno de Rodrigo Paz \u00abbusca chivos expiatorios\u00bb y cubrir lo que sucede en el pa\u00eds.<\/p>\n<p>El exjefe de Estado tambi\u00e9n sostuvo que su arresto hace dos d\u00edas fue \u00abilegal\u00bb y relat\u00f3 que el d\u00eda de su detenci\u00f3n fue interceptado por \u00abencapuchados\u00bb en un barrio c\u00e9ntrico de La Paz, trasladado en dos veh\u00edculos y que, pese a exigirla, inicialmente no se le mostr\u00f3 la orden de aprehensi\u00f3n en su contra. <\/p>\n<p>El Ministerio P\u00fablico imput\u00f3 a Arce por \u00abincumplimiento de deberes y conducta antiecon\u00f3mica\u00bb porque, seg\u00fan esa entidad, cuando fue ministro de Econom\u00eda autoriz\u00f3 desembolsos de recursos del Fondo de Desarrollo Ind\u00edgena Originario Campesino y Agropecuario (Fondioc) para proyectos que no se ejecutaron o se realizaron de manera parcial. <\/p>\n<p>Seg\u00fan la Fiscal\u00eda, hubo \u00abm\u00e1s de 3.500 proyectos\u00bb financiados por el Ministerio de Econom\u00eda, de los que \u00abni la mitad han sido concluidos\u00bb y tambi\u00e9n se evidenci\u00f3 \u00abque hubo desembolsos a cuentas particulares de dirigentes\u00bb de organizaciones ind\u00edgenas y campesinas.<\/p>\n<p>Al respecto, Arce asegur\u00f3 que, como ministro, no particip\u00f3 en reuniones del directorio del Fondioc, sino que design\u00f3 mediante resoluciones de su cartera a un representante y que esa instancia ten\u00eda tambi\u00e9n delegados de otros ministerios e instituciones.<\/p>\n<p>Desde que dej\u00f3 la Presidencia de Bolivia el pasado 8 de noviembre, Arce se dedic\u00f3 a dar clases de econom\u00eda en la estatal Universidad Mayor de San Andr\u00e9s (UMSA), labor que no dej\u00f3 de realizar mientras estuvo en el Gobierno<\/p>\n<\/p>\n<p>(EFE)<\/p>\n<\/p><\/div>\n\n","protected":false},"excerpt":{"rendered":"<p>En un operativo con fuerte resguardo policial, Arce (2020-2025) dej\u00f3 las oficinas de la Fuerza Especial de Lucha contra el Crimen (Felcc) de La Paz, donde estuvo detenido desde el mi\u00e9rcoles, y fue llevado al penal de San Pedro, situado en el barrio hom\u00f3nimo cerca del centro hist\u00f3rico de La Paz, en un veh\u00edculo con &hellip;<\/p>\n","protected":false},"author":1,"featured_media":53694,"comment_status":"open","ping_status":"open","sticky":false,"template":"","format":"standard","meta":{"fifu_image_url":"https:\/\/s.france24.com\/media\/display\/708df9ac-d601-11f0-b174-005056a97e36\/w:1280\/p:16x9\/AP25311619740599.jpg","fifu_image_alt":"","footnotes":""},"categories":[13],"tags":[],"class_list":["post-53692","post","type-post","status-publish","format-standard","has-post-thumbnail","","category-mundo"],"_links":{"self":[{"href":"https:\/\/noticiasveraces.com\/index.php?rest_route=\/wp\/v2\/posts\/53692","targetHints":{"allow":["GET"]}}],"collection":[{"href":"https:\/\/noticiasveraces.com\/index.php?rest_route=\/wp\/v2\/posts"}],"about":[{"href":"https:\/\/noticiasveraces.com\/index.php?rest_route=\/wp\/v2\/types\/post"}],"author":[{"embeddable":true,"href":"https:\/\/noticiasveraces.com\/index.php?rest_route=\/wp\/v2\/users\/1"}],"replies":[{"embeddable":true,"href":"https:\/\/noticiasveraces.com\/index.php?rest_route=%2Fwp%2Fv2%2Fcomments&post=53692"}],"version-history":[{"count":0,"href":"https:\/\/noticiasveraces.com\/index.php?rest_route=\/wp\/v2\/posts\/53692\/revisions"}],"wp:featuredmedia":[{"embeddable":true,"href":"https:\/\/noticiasveraces.com\/index.php?rest_route=\/wp\/v2\/media\/53694"}],"wp:attachment":[{"href":"https:\/\/noticiasveraces.com\/index.php?rest_route=%2Fwp%2Fv2%2Fmedia&parent=53692"}],"wp:term":[{"taxonomy":"category","embeddable":true,"href":"https:\/\/noticiasveraces.com\/index.php?rest_route=%2Fwp%2Fv2%2Fcategories&post=53692"},{"taxonomy":"post_tag","embeddable":true,"href":"https:\/\/noticiasveraces.com\/index.php?rest_route=%2Fwp%2Fv2%2Ftags&post=53692"}],"curies":[{"name":"wp","href":"https:\/\/api.w.org\/{rel}","templated":true}]}}