{"id":53687,"date":"2025-12-12T22:47:35","date_gmt":"2025-12-13T02:47:35","guid":{"rendered":"https:\/\/noticiasveraces.com\/?p=53687"},"modified":"2025-12-12T22:47:35","modified_gmt":"2025-12-13T02:47:35","slug":"arqueologos-descubren-un-raro-fresco-de-jesus-de-estilo-romano-en-una-tumba-de-turquia","status":"publish","type":"post","link":"https:\/\/noticiasveraces.com\/?p=53687","title":{"rendered":"Arque\u00f3logos descubren un raro fresco de Jes\u00fas de estilo romano en una tumba de Turqu\u00eda"},"content":{"rendered":"<p> \n<\/p>\n<div>\n<div id=\"beyondwords-wrapper\" class=\"beyondwords-wrapper\">\n<p><span class=\"label-bg\">NUEVO<\/span>\u00a1Ahora puedes escuchar los art\u00edculos de Fox News!\n  <\/p>\n<\/div>\n<p class=\"speakable\">Arque\u00f3logos en Turqu\u00eda han descubierto un fresco de un Jes\u00fas de aspecto romano como el \u00abBuen Pastor\u00bb, que est\u00e1 siendo aclamado como uno de los hallazgos m\u00e1s importantes de la era cristiana primitiva de Anatolia.<\/p>\n<p class=\"speakable\">La obra de arte fue encontrada en agosto en una tumba subterr\u00e1nea cerca de la ciudad de Iznik, donde se adopt\u00f3 el Credo de Nicea, una declaraci\u00f3n fundamental de la fe cristiana, en el a\u00f1o 325 d. C.. Se cree que la tumba en s\u00ed data del siglo III, cuando la zona todav\u00eda estaba bajo el Imperio Romano y los cristianos enfrentaban persecuci\u00f3n.<\/p>\n<p><strong>EL PAPA LE\u00d3N XIV ABRE EL PRIMER VIAJE AL EXTRANJERO EN TURQU\u00cdA CON UNA VISITA A LOS PRIMEROS CENTROS DEL CRISTIANISMO<\/strong><\/p>\n<div class=\"image-ct inline\">\n<div class=\"m\"><picture><source media=\"(max-width: 767px)\" srcset=\"https:\/\/a57.foxnews.com\/static.foxnews.com\/foxnews.com\/content\/uploads\/2025\/12\/343\/192\/archaeologists-turkey-fresco-jesus.jpg?ve=1&amp;tl=1, https:\/\/a57.foxnews.com\/static.foxnews.com\/foxnews.com\/content\/uploads\/2025\/12\/686\/384\/archaeologists-turkey-fresco-jesus.jpg?ve=1&amp;tl=1 2x\" height=\"192\" width=\"343\"><source media=\"(min-width: 768px) and (max-width: 1023px)\" srcset=\"https:\/\/a57.foxnews.com\/static.foxnews.com\/foxnews.com\/content\/uploads\/2025\/12\/672\/378\/archaeologists-turkey-fresco-jesus.jpg?ve=1&amp;tl=1, https:\/\/a57.foxnews.com\/static.foxnews.com\/foxnews.com\/content\/uploads\/2025\/12\/1344\/756\/archaeologists-turkey-fresco-jesus.jpg?ve=1&amp;tl=1 2x\" height=\"378\" width=\"672\"><source media=\"(min-width: 1024px) and (max-width: 1279px)\" srcset=\"https:\/\/a57.foxnews.com\/static.foxnews.com\/foxnews.com\/content\/uploads\/2025\/12\/931\/523\/archaeologists-turkey-fresco-jesus.jpg?ve=1&amp;tl=1, https:\/\/a57.foxnews.com\/static.foxnews.com\/foxnews.com\/content\/uploads\/2025\/12\/1862\/1046\/archaeologists-turkey-fresco-jesus.jpg?ve=1&amp;tl=1 2x\" height=\"523\" width=\"931\"><source media=\"(min-width: 1280px)\" srcset=\"https:\/\/a57.foxnews.com\/static.foxnews.com\/foxnews.com\/content\/uploads\/2025\/12\/720\/405\/archaeologists-turkey-fresco-jesus.jpg?ve=1&amp;tl=1, https:\/\/a57.foxnews.com\/static.foxnews.com\/foxnews.com\/content\/uploads\/2025\/12\/1440\/810\/archaeologists-turkey-fresco-jesus.jpg?ve=1&amp;tl=1 2x\" height=\"405\" width=\"720\"><img loading=\"lazy\" decoding=\"async\" src=\"https:\/\/a57.foxnews.com\/static.foxnews.com\/foxnews.com\/content\/uploads\/2025\/12\/1200\/675\/archaeologists-turkey-fresco-jesus.jpg?ve=1&amp;tl=1\" alt=\"Arque\u00f3logos restauran frescos en Turqu\u00eda\" width=\"1200\" height=\"675\"\/><\/source><\/source><\/source><\/source><\/picture><\/div>\n<div class=\"info\">\n<div class=\"caption\">\n<p><span>Arque\u00f3logos limpian y restauran frescos dentro de una tumba del siglo III donde se descubri\u00f3 una rara representaci\u00f3n paleocristiana de Jes\u00fas como el \u00abBuen Pastor\u00bb, en Iznik, Turqu\u00eda, el viernes 12 de diciembre de 2025.<\/span> <span>(Khalil Hamra\/Foto AP)<\/span><\/p>\n<\/div>\n<\/div>\n<\/div>\n<p>El fresco muestra a un Jes\u00fas joven, bien afeitado, vestido con una toga y cargando una cabra sobre sus hombros, seg\u00fan The Associated Press, que fue el primer medio de comunicaci\u00f3n internacional al que se le dio acceso a la tumba. El medio se\u00f1al\u00f3 que los investigadores dicen que el fresco representa uno de los raros casos en Anatolia en los que se representa a Jes\u00fas con atributos romanos.<\/p>\n<p>El arque\u00f3logo principal del proyecto cree que la obra de arte podr\u00eda ser \u00abel \u00fanico ejemplo de este tipo en Anatolia\u00bb, inform\u00f3 AP.<\/p>\n<div class=\"image-ct inline\">\n<div class=\"m\"><picture><source media=\"(max-width: 767px)\" srcset=\"https:\/\/a57.foxnews.com\/static.foxnews.com\/foxnews.com\/content\/uploads\/2025\/12\/343\/192\/jesus-christ-fresco-turkey-tomb.jpg?ve=1&amp;tl=1, https:\/\/a57.foxnews.com\/static.foxnews.com\/foxnews.com\/content\/uploads\/2025\/12\/686\/384\/jesus-christ-fresco-turkey-tomb.jpg?ve=1&amp;tl=1 2x\" height=\"192\" width=\"343\"><source media=\"(min-width: 768px) and (max-width: 1023px)\" srcset=\"https:\/\/a57.foxnews.com\/static.foxnews.com\/foxnews.com\/content\/uploads\/2025\/12\/672\/378\/jesus-christ-fresco-turkey-tomb.jpg?ve=1&amp;tl=1, https:\/\/a57.foxnews.com\/static.foxnews.com\/foxnews.com\/content\/uploads\/2025\/12\/1344\/756\/jesus-christ-fresco-turkey-tomb.jpg?ve=1&amp;tl=1 2x\" height=\"378\" width=\"672\"><source media=\"(min-width: 1024px) and (max-width: 1279px)\" srcset=\"https:\/\/a57.foxnews.com\/static.foxnews.com\/foxnews.com\/content\/uploads\/2025\/12\/931\/523\/jesus-christ-fresco-turkey-tomb.jpg?ve=1&amp;tl=1, https:\/\/a57.foxnews.com\/static.foxnews.com\/foxnews.com\/content\/uploads\/2025\/12\/1862\/1046\/jesus-christ-fresco-turkey-tomb.jpg?ve=1&amp;tl=1 2x\" height=\"523\" width=\"931\"><source media=\"(min-width: 1280px)\" srcset=\"https:\/\/a57.foxnews.com\/static.foxnews.com\/foxnews.com\/content\/uploads\/2025\/12\/720\/405\/jesus-christ-fresco-turkey-tomb.jpg?ve=1&amp;tl=1, https:\/\/a57.foxnews.com\/static.foxnews.com\/foxnews.com\/content\/uploads\/2025\/12\/1440\/810\/jesus-christ-fresco-turkey-tomb.jpg?ve=1&amp;tl=1 2x\" height=\"405\" width=\"720\"><img loading=\"lazy\" decoding=\"async\" src=\"https:\/\/a57.foxnews.com\/static.foxnews.com\/foxnews.com\/content\/uploads\/2025\/12\/1200\/675\/jesus-christ-fresco-turkey-tomb.jpg?ve=1&amp;tl=1\" alt=\"Fresco muestra a Jes\u00fas con una cabra sobre sus hombros.\" width=\"1200\" height=\"675\"\/><\/source><\/source><\/source><\/source><\/picture><\/div>\n<div class=\"info\">\n<div class=\"caption\">\n<p><span>Un fresco que representa a Jes\u00fas como el \u00abBuen Pastor\u00bb adorna la pared de una tumba del siglo III en Hisardere, donde los arque\u00f3logos descubrieron una de las obras de arte paleocristianas mejor conservadas de Anatolia, en Iznik, Turqu\u00eda, el viernes 12 de diciembre de 2025.<\/span> <span>(Khalil Hamra\/Foto AP)<\/span><\/p>\n<\/div>\n<\/div>\n<\/div>\n<p><strong>EL PAPA LE\u00d3N XIV PIDE UN &#8216;DIVINO REGALO DE PAZ&#8217; EN VISITA PRINCIPAL A MEDIO ORIENTE<\/strong><\/p>\n<p>El Papa Le\u00f3n XIV visit\u00f3 recientemente la ciudad como parte de su primer viaje al extranjero desde que asumi\u00f3 el mando del Vaticano. Mientras estuvo en Iznik, el Papa Le\u00f3n XIV conmemor\u00f3 el 1.700 aniversario del Concilio de Nicea, que estableci\u00f3 el Credo Niceno que millones de cristianos todav\u00eda leen hoy.<\/p>\n<div class=\"image-ct inline\">\n<div class=\"m\"><picture><source media=\"(max-width: 767px)\" srcset=\"https:\/\/a57.foxnews.com\/static.foxnews.com\/foxnews.com\/content\/uploads\/2025\/11\/343\/192\/pope-leo-xiv-turkey-erdogan.jpg?ve=1&amp;tl=1, https:\/\/a57.foxnews.com\/static.foxnews.com\/foxnews.com\/content\/uploads\/2025\/11\/686\/384\/pope-leo-xiv-turkey-erdogan.jpg?ve=1&amp;tl=1 2x\" height=\"192\" width=\"343\"><source media=\"(min-width: 768px) and (max-width: 1023px)\" srcset=\"https:\/\/a57.foxnews.com\/static.foxnews.com\/foxnews.com\/content\/uploads\/2025\/11\/672\/378\/pope-leo-xiv-turkey-erdogan.jpg?ve=1&amp;tl=1, https:\/\/a57.foxnews.com\/static.foxnews.com\/foxnews.com\/content\/uploads\/2025\/11\/1344\/756\/pope-leo-xiv-turkey-erdogan.jpg?ve=1&amp;tl=1 2x\" height=\"378\" width=\"672\"><source media=\"(min-width: 1024px) and (max-width: 1279px)\" srcset=\"https:\/\/a57.foxnews.com\/static.foxnews.com\/foxnews.com\/content\/uploads\/2025\/11\/931\/523\/pope-leo-xiv-turkey-erdogan.jpg?ve=1&amp;tl=1, https:\/\/a57.foxnews.com\/static.foxnews.com\/foxnews.com\/content\/uploads\/2025\/11\/1862\/1046\/pope-leo-xiv-turkey-erdogan.jpg?ve=1&amp;tl=1 2x\" height=\"523\" width=\"931\"><source media=\"(min-width: 1280px)\" srcset=\"https:\/\/a57.foxnews.com\/static.foxnews.com\/foxnews.com\/content\/uploads\/2025\/11\/720\/405\/pope-leo-xiv-turkey-erdogan.jpg?ve=1&amp;tl=1, https:\/\/a57.foxnews.com\/static.foxnews.com\/foxnews.com\/content\/uploads\/2025\/11\/1440\/810\/pope-leo-xiv-turkey-erdogan.jpg?ve=1&amp;tl=1 2x\" height=\"405\" width=\"720\"><img loading=\"lazy\" decoding=\"async\" src=\"https:\/\/a57.foxnews.com\/static.foxnews.com\/foxnews.com\/content\/uploads\/2025\/11\/1200\/675\/pope-leo-xiv-turkey-erdogan.jpg?ve=1&amp;tl=1\" alt=\"El Papa Le\u00f3n XIV con el presidente turco Erdogan.\" width=\"1200\" height=\"675\"\/><\/source><\/source><\/source><\/source><\/picture><\/div>\n<div class=\"info\">\n<div class=\"caption\">\n<p><span>El presidente turco, Recep Tayyip Erdogan (izq.), da la bienvenida al Papa Le\u00f3n XIV (dcha.), con una ceremonia oficial de bienvenida en el Complejo Presidencial de Ankara, Turkiye, el 27 de noviembre de 2025. <\/span> <span>(Utku Ucrak\/Anadolu v\u00eda Getty Images)<\/span><\/p>\n<\/div>\n<\/div>\n<\/div>\n<p><strong>HAGA CLIC AQU\u00cd PARA DESCARGAR LA APLICACI\u00d3N FOX NEWS<\/strong><\/p>\n<p>El presidente turco, Recep Tayyip Erdo\u011fan, entreg\u00f3 al Papa un mosaico pintado del descubrimiento del \u00abBuen Pastor\u00bb, seg\u00fan AP.<\/p>\n<p>Mientras estaba en Turqu\u00eda, el Papa Le\u00f3n XIV estuvo acompa\u00f1ado por patriarcas y sacerdotes orientales y occidentales mientras oraban para que alg\u00fan d\u00eda los cristianos volvieran a estar unidos. Oraron juntos sobre el lugar donde el concilio produjo el Credo de Nicea. Los hombres recitaron el credo, que seg\u00fan el Papa era \u00abde importancia fundamental en el camino que los cristianos est\u00e1n haciendo hacia la plena comuni\u00f3n\u00bb, seg\u00fan AP.<\/p>\n<p><i>La Prensa Asociada contribuy\u00f3 a este informe.<\/i><\/p>\n<p> <!----> <\/p>\n<div class=\"article-meta\">\n<div class=\"author-bio\">\n<p>Rachel Wolf es redactora de noticias de \u00faltima hora para Fox News Digital y FOX Business.<\/p>\n<\/div>\n<\/div>\n<\/div>\n\n","protected":false},"excerpt":{"rendered":"<p>NUEVO\u00a1Ahora puedes escuchar los art\u00edculos de Fox News! Arque\u00f3logos en Turqu\u00eda han descubierto un fresco de un Jes\u00fas de aspecto romano como el \u00abBuen Pastor\u00bb, que est\u00e1 siendo aclamado como uno de los hallazgos m\u00e1s importantes de la era cristiana primitiva de Anatolia. La obra de arte fue encontrada en agosto en una tumba subterr\u00e1nea &hellip;<\/p>\n","protected":false},"author":1,"featured_media":53689,"comment_status":"open","ping_status":"open","sticky":false,"template":"","format":"standard","meta":{"fifu_image_url":"https:\/\/static.foxnews.com\/foxnews.com\/content\/uploads\/2025\/12\/archaeologists-turkey-fresco-jesus.jpg","fifu_image_alt":"","footnotes":""},"categories":[13],"tags":[],"class_list":["post-53687","post","type-post","status-publish","format-standard","has-post-thumbnail","","category-mundo"],"_links":{"self":[{"href":"https:\/\/noticiasveraces.com\/index.php?rest_route=\/wp\/v2\/posts\/53687","targetHints":{"allow":["GET"]}}],"collection":[{"href":"https:\/\/noticiasveraces.com\/index.php?rest_route=\/wp\/v2\/posts"}],"about":[{"href":"https:\/\/noticiasveraces.com\/index.php?rest_route=\/wp\/v2\/types\/post"}],"author":[{"embeddable":true,"href":"https:\/\/noticiasveraces.com\/index.php?rest_route=\/wp\/v2\/users\/1"}],"replies":[{"embeddable":true,"href":"https:\/\/noticiasveraces.com\/index.php?rest_route=%2Fwp%2Fv2%2Fcomments&post=53687"}],"version-history":[{"count":0,"href":"https:\/\/noticiasveraces.com\/index.php?rest_route=\/wp\/v2\/posts\/53687\/revisions"}],"wp:featuredmedia":[{"embeddable":true,"href":"https:\/\/noticiasveraces.com\/index.php?rest_route=\/wp\/v2\/media\/53689"}],"wp:attachment":[{"href":"https:\/\/noticiasveraces.com\/index.php?rest_route=%2Fwp%2Fv2%2Fmedia&parent=53687"}],"wp:term":[{"taxonomy":"category","embeddable":true,"href":"https:\/\/noticiasveraces.com\/index.php?rest_route=%2Fwp%2Fv2%2Fcategories&post=53687"},{"taxonomy":"post_tag","embeddable":true,"href":"https:\/\/noticiasveraces.com\/index.php?rest_route=%2Fwp%2Fv2%2Ftags&post=53687"}],"curies":[{"name":"wp","href":"https:\/\/api.w.org\/{rel}","templated":true}]}}