{"id":53684,"date":"2025-12-12T22:08:41","date_gmt":"2025-12-13T02:08:41","guid":{"rendered":"https:\/\/noticiasveraces.com\/?p=53684"},"modified":"2025-12-12T22:08:41","modified_gmt":"2025-12-13T02:08:41","slug":"la-pobreza-y-la-exclusion-social-golpean-mas-a-las-mujeres-66-millones-siguen-en-riesgo-sociedad","status":"publish","type":"post","link":"https:\/\/noticiasveraces.com\/?p=53684","title":{"rendered":"La pobreza y la exclusi\u00f3n social golpean m\u00e1s a las mujeres: 6,6 millones siguen en riesgo | Sociedad"},"content":{"rendered":"<p> \n<\/p>\n<div data-dtm-region=\"articulo_cuerpo\">\n<p class=\"\">Carmen tiene trabajo, pero no es capaz de llegar \u201cni a mitad de mes, ni siquiera con empleos extra\u201d. \u201cMi situaci\u00f3n es como la de muchas mujeres, madre soltera y con dos hijos\u201d, resume, \u201ctodo est\u00e1 mal pagado y no puedes conciliar\u201d. Ella, que usa un nombre ficticio, es limpiadora e ingresa mil euros al mes. Vive en Madrid, con la madre de su exmarido, porque no pod\u00eda permitirse una vivienda. \u201cUn uniforme de mis hijos son 70 euros, s\u00famale comida, zapatillas, ropa, que te salgan dos excursiones de los ni\u00f1os\u2026 entonces se te ha cruzado el mes\u201d. Lidia con el estr\u00e9s de estrujar cada euro. En Espa\u00f1a, 6,6 millones de mujeres viven en riesgo de pobreza o exclusi\u00f3n social, un 26,8% de la poblaci\u00f3n femenina del pa\u00eds (frente al 24,8% de hombres, 5,9 millones). La vulnerabilidad las golpea mucho m\u00e1s a ellas. Y, aunque Espa\u00f1a atraviesa un periodo de recuperaci\u00f3n econ\u00f3mica, los datos mejoran antes para los hombres, seg\u00fan un estudio presentado este viernes por la Red Europea de Lucha contra la Pobreza y la Exclusi\u00f3n Social (EAPN). <\/p>\n<p class=\"\">La brecha es estructural, provocada por peores empleos y m\u00e1s bajos salarios, menor protecci\u00f3n social y algo repetido hasta la saciedad por expertos y las propias familias: son las mujeres las que cuidan. Patricia Dur\u00e1n, representante de la Comisi\u00f3n Permanente de EAPN Espa\u00f1a, destaca que ellas arrastran trayectorias marcadas por interrupciones laborales, por la parcialidad y por los cuidados no remunerados, \u201clo que las deja sistem\u00e1ticamente en desventaja\u201d. <\/p>\n<p class=\"\">As\u00ed que el problema viene de lejos. Si bien en la \u00faltima d\u00e9cada tanto mujeres como hombres han reducido su tasa de riesgo de pobreza o exclusi\u00f3n social (un indicador que se compone de tres dimensiones: bajo nivel de ingresos, privaci\u00f3n material y social severa y baja intensidad laboral en el hogar), ellos lo han hecho un 30% m\u00e1s que ellas. La tasa femenina ha ca\u00eddo en 3,8 puntos entre 2014 y 2024 (del 30,6% al 26,8%), la masculina lo ha hecho en cinco puntos (del 29,8% al 24,8%). <\/p>\n<div class=\"raw_html\">\n<div><link rel=\"stylesheet\" href=\"https:\/\/ep00.epimg.net\/infografias\/css\/infografia\/2.1\/graficos.css\"\/>\n<div class=\"width\">\n<div style=\"min-height:400px\" id=\"datawrapper-vis-4uhhE\"><img decoding=\"async\" src=\"https:\/\/datawrapper.dwcdn.net\/4uhhE\/full.png\" alt=\"Poblaci\u00f3n en riesgo de pobreza o exclusi\u00f3n social en Espa\u00f1a (L\u00edneas)\"\/><\/div>\n<\/div>\n<\/div>\n<\/div>\n<p class=\"\">En 2015, despu\u00e9s de la Gran Recesi\u00f3n, las cifras para mujeres y hombres se asemejaban mucho, pero lo hac\u00edan porque en momentos de crisis la situaci\u00f3n de los hombres empeora. As\u00ed pues, la recuperaci\u00f3n econ\u00f3mica no reduce la brecha de g\u00e9nero, seg\u00fan destaca EAPN. Dur\u00e1n remarca que las cifras de la poblaci\u00f3n femenina no son a\u00fan peores gracias al sistema de protecci\u00f3n social que sostiene a las mujeres mayores, pero ese colch\u00f3n no existe para las j\u00f3venes, entre quienes \u201cest\u00e1n creciendo los riesgos de pobreza\u201d. <\/p>\n<p class=\"\">Carmen, de 42 a\u00f1os, tiene al fin un contrato indefinido, algo que so\u00f1\u00f3 durante mucho tiempo. Pero ni con esas. Cuenta que sus hijos, de ocho y 12 a\u00f1os, no son de mucho pedir, no quieren grandes marcas, son felices jugando al aire libre. Pero saben que hay cosas que muchas veces no pueden hacer. \u201cIr al cine y luego comernos una hamburguesa puede salirnos por 90 o 100 euros\u201d, relata. Ella tiene una enfermedad cr\u00f3nica, y seg\u00fan apunta, puede pagar \u201cunos 500 euros al mes, entre cremas, pastillas y lo que vaya necesitando\u201d. Lo que agrava a\u00fan m\u00e1s la situaci\u00f3n. \u201cHe pedido 50.000 ayudas, pero no me las dan, de comedor tengo 20 d\u00edas para ni\u00f1o por a\u00f1o, porque como tengo una n\u00f3mina de trabajo\u2026\u201d. As\u00ed que vive con \u201cun nivel extremo de estr\u00e9s\u201d. Cruzando dedos para que no llegue ning\u00fan gasto imprevisto.<\/p>\n<p class=\"\">Su familia acude a la Fundaci\u00f3n Balia, que da soporte a 3.200 menores en situaci\u00f3n de vulnerabilidad en Sevilla, Guadalajara y en la Comunidad de Madrid. Julia Fern\u00e1ndez, educadora social, explica que unas 90 familias, la gran mayor\u00eda encabezada por mujeres, participan en el programa Crecer Felices, donde intentan \u201ccrear una tribu de apoyo\u201d. \u201cQue se den cuenta de que no est\u00e1n solas, de que lo que les pasa a una, les pasa a otras\u201d. \u201cAqu\u00ed en Espa\u00f1a la pobreza es invisible\u201d, dice. \u201cNo vemos a ni\u00f1os pidiendo en la calle con sus mam\u00e1s. Pero ellas no pueden poner la calefacci\u00f3n. A la ropa del mayor le arreglan el bajo para el siguiente, se han ido a las seis de la ma\u00f1ana a una organizaci\u00f3n que les d\u00e9 una cesta de la compra y han cargado con ella todo el d\u00eda\u201d, prosigue. Cuenta que muchas tienen que renunciar a trabajos para poder atender a los ni\u00f1os, o aceptar contratos peores. \u201cEn las entrevistas les preguntan si tienen hijos\u201d, se queja. Advierte de que la pobreza se hereda y de que, con las condiciones actuales, salir de este c\u00edrculo es muy dif\u00edcil.<\/p>\n<div class=\"a_gph\">\n<div>\n<div style=\"min-height:425px\" id=\"datawrapper-vis-GFTny\"><img decoding=\"async\" src=\"https:\/\/datawrapper.dwcdn.net\/GFTny\/full.png\" alt=\"Tasa de empleo a tiempo parcial seg\u00fan sexo (L\u00edneas)\"\/><\/div>\n<\/div>\n<\/div>\n<p class=\"\">Las conclusiones de Fern\u00e1ndez coinciden con las de EAPN. El mercado laboral contin\u00faa siendo un motor central de estas desigualdades, especialmente por la alta presencia de jornadas parciales involuntarias que recaen sobre las mujeres. Seg\u00fan el informe, tres de cada cuatro personas con empleo a tiempo parcial son mujeres. Su tasa de parcialidad alcanza el 21,4%, frente al 6,8% de los hombres. Cuando en el hogar hay ni\u00f1os o adolescentes, la cifra aumenta hasta el 23,6%, mientras que en los hombres apenas llega al 5,9%. El principal motivo, tanto para ellos como para ellas, es no haber podido encontrar un empleo a jornada completa. Pero a partir de ah\u00ed se ven grandes diferencias: si bien ellos argumentan motivos como mejorar los estudios, ellas lo atribuyen al cuidado de menores o mayores a cargo. <\/p>\n<p class=\"\">Estas brechas en participaci\u00f3n y tiempo de trabajo se convierten despu\u00e9s en desigualdad salarial, concluye EAPN, que en su informe ha analizado datos de la Encuesta de Condiciones de Vida del INE, de la Encuesta de Poblaci\u00f3n Activa, la Encuesta de Estructura Salarial y las estad\u00edsticas de pensiones del INSS. En todos los componentes analizados, la situaci\u00f3n de las mujeres es m\u00e1s desfavorable. En 2023, los hombres ganaron un salario bruto medio mensual de 2.468 euros, y las mujeres, de 2.063. Una diferencia del 16,4%, equivalente a 405 euros al mes. <\/p>\n<div class=\"a_gph\">\n<div>\n<div style=\"min-height:454px\" id=\"datawrapper-vis-XUIKO\"><img decoding=\"async\" src=\"https:\/\/datawrapper.dwcdn.net\/XUIKO\/full.png\" alt=\"Razones del trabajo a tiempo parcial seg\u00fan sexo (Barras agrupadas)\"\/><\/div>\n<\/div>\n<\/div>\n<p class=\"\">EAPN recalca, adem\u00e1s, que la vulnerabilidad es m\u00e1s profunda en los hogares monoparentales. Seg\u00fan el estudio, la mitad est\u00e1n en riesgo de pobreza o exclusi\u00f3n social. Una tendencia que se replica entre las mujeres migrantes, entre quienes la tasa se eleva al 55,5%. <\/p>\n<p class=\"\">M. tiene 26 a\u00f1os y procede de Guinea Conakry. Lleg\u00f3 aqu\u00ed en 2018, con un visado de estudios, conoci\u00f3 a su marido, se cas\u00f3. Estaba prepar\u00e1ndose para el bachillerato cuando se qued\u00f3 embarazada y tuvo que dejar de estudiar. Ahora vive en una casa para mujeres v\u00edctimas de violencia machista junto a sus hijos peque\u00f1os, de dos y cinco a\u00f1os (tuvo que dejar dos hijos atr\u00e1s antes de emigrar a Espa\u00f1a). Por eso figura solo con una inicial. La principal fuente de ingresos era el sueldo de su marido, y la ayuda familiar que recib\u00edan (que ahora ha cortado, como la relaci\u00f3n con ellos, tras un caso de abusos). As\u00ed que ingresa apenas unos 400 euros al mes, de su trabajo como limpiadora, y a eso suma la ayuda de Cruz Roja, \u201ccon alimentos y tarjetas monedero\u201d, donde trabaja como voluntaria. Aunque dice que sus hijos no se percatan de la situaci\u00f3n econ\u00f3mica. \u201cHago todo lo que puedo para que no se den cuenta. Al final, no tienen la culpa y no deber\u00edan vivir esto\u201d. <\/p>\n<p class=\"\">Su caso es dur\u00edsimo. Escap\u00f3 del maltrato hace ya m\u00e1s de un a\u00f1o. \u201cCuando sales de las manos de tu agresor, est\u00e1s desorientada, no sabes qu\u00e9 hacer y no sabes con qui\u00e9n te vas a encontrar fuera\u201d. Pero ella ve el futuro con optimismo. \u201cEstamos en un hogar seguro y estoy libre, que es lo m\u00e1s importante\u201d. Percibi\u00f3 una ayuda de 570 euros al mes como v\u00edctima de violencia machista. \u201cDeber\u00eda prolongarla\u201d, afirma, pero reconoce que prefiere buscar trabajo. <\/p>\n<p class=\"\">Carmela del Moral, responsable de pol\u00edticas de infancia en Save the Children, alerta de que en Espa\u00f1a el sistema de prestaciones est\u00e1 muy ligado a la actividad laboral. \u201cEl colectivo de mujeres migrantes es especialmente vulnerable, porque adem\u00e1s se cruzan niveles como la dificultad de homologar estudios\u201d. Por ello, las organizaciones sociales llevan a\u00f1os pidiendo, entre otras medidas, una prestaci\u00f3n universal por crianza, como la que existe en la mayor\u00eda de pa\u00edses de la Uni\u00f3n Europea.<\/p>\n<p class=\"\">Pero EAPN no solo se centra en el colectivo de mujeres con hijos. La desigualdad entre mujeres y hombres mayores de 65 a\u00f1os es palmaria: el riesgo de pobreza es del 18,9% para ellas, del 14,4% para ellos. Una diferencia que refleja carreras laborales marcadas por trabajos a tiempo parcial, interrupciones y a\u00f1os dedicados a cuidados no remunerados. En las pensiones contributivas, la brecha es la mayor de la serie hist\u00f3rica: los hombres reciben una media de 1.510 euros al mes y las mujeres, 1.026. Son 484 euros menos.<\/p>\n<p class=\"\">Ruth Caravantes Vidriales, responsable de Investigaci\u00f3n e Incidencia Pol\u00edtica de EAPN, subraya que es crucial que las estad\u00edsticas registren no solo los indicadores econ\u00f3micos de las familias, sino tambi\u00e9n la autonom\u00eda material de hombres y mujeres \u201cdentro de los hogares\u201d. Esto implica tener en cuenta la disponibilidad de tiempo, la capacidad de gasto, la carga de cuidados no remunerados y el peso de las redes de apoyo a lo largo de sus vidas, porque \u201cla pobreza es multidimensional\u201d. Para evitar la perpetuaci\u00f3n de estas desigualdades, esta experta sostiene que es necesario dise\u00f1ar \u201cun sistema p\u00fablico de cuidados\u201d.<\/p>\n<\/div>\n\n","protected":false},"excerpt":{"rendered":"<p>Carmen tiene trabajo, pero no es capaz de llegar \u201cni a mitad de mes, ni siquiera con empleos extra\u201d. \u201cMi situaci\u00f3n es como la de muchas mujeres, madre soltera y con dos hijos\u201d, resume, \u201ctodo est\u00e1 mal pagado y no puedes conciliar\u201d. Ella, que usa un nombre ficticio, es limpiadora e ingresa mil euros al &hellip;<\/p>\n","protected":false},"author":1,"featured_media":53686,"comment_status":"open","ping_status":"open","sticky":false,"template":"","format":"standard","meta":{"fifu_image_url":"https:\/\/imagenes.elpais.com\/resizer\/v2\/NIPYEWJQTVEJPP675ODAVTCPDQ.jpg?auth=0383c52fe44c26f744415c9f355be6346b24dd438c6c171c8fb3497a50575ef3&width=1200","fifu_image_alt":"","footnotes":""},"categories":[11],"tags":[],"class_list":["post-53684","post","type-post","status-publish","format-standard","has-post-thumbnail","","category-viaje"],"_links":{"self":[{"href":"https:\/\/noticiasveraces.com\/index.php?rest_route=\/wp\/v2\/posts\/53684","targetHints":{"allow":["GET"]}}],"collection":[{"href":"https:\/\/noticiasveraces.com\/index.php?rest_route=\/wp\/v2\/posts"}],"about":[{"href":"https:\/\/noticiasveraces.com\/index.php?rest_route=\/wp\/v2\/types\/post"}],"author":[{"embeddable":true,"href":"https:\/\/noticiasveraces.com\/index.php?rest_route=\/wp\/v2\/users\/1"}],"replies":[{"embeddable":true,"href":"https:\/\/noticiasveraces.com\/index.php?rest_route=%2Fwp%2Fv2%2Fcomments&post=53684"}],"version-history":[{"count":0,"href":"https:\/\/noticiasveraces.com\/index.php?rest_route=\/wp\/v2\/posts\/53684\/revisions"}],"wp:featuredmedia":[{"embeddable":true,"href":"https:\/\/noticiasveraces.com\/index.php?rest_route=\/wp\/v2\/media\/53686"}],"wp:attachment":[{"href":"https:\/\/noticiasveraces.com\/index.php?rest_route=%2Fwp%2Fv2%2Fmedia&parent=53684"}],"wp:term":[{"taxonomy":"category","embeddable":true,"href":"https:\/\/noticiasveraces.com\/index.php?rest_route=%2Fwp%2Fv2%2Fcategories&post=53684"},{"taxonomy":"post_tag","embeddable":true,"href":"https:\/\/noticiasveraces.com\/index.php?rest_route=%2Fwp%2Fv2%2Ftags&post=53684"}],"curies":[{"name":"wp","href":"https:\/\/api.w.org\/{rel}","templated":true}]}}