{"id":53673,"date":"2025-12-12T21:46:18","date_gmt":"2025-12-13T01:46:18","guid":{"rendered":"https:\/\/noticiasveraces.com\/?p=53673"},"modified":"2025-12-12T21:46:18","modified_gmt":"2025-12-13T01:46:18","slug":"activan-transporte-gratuito-para-la-expo-ninos-en-el-espacio-en-la-carlota","status":"publish","type":"post","link":"https:\/\/noticiasveraces.com\/?p=53673","title":{"rendered":"Activan Transporte Gratuito para la Expo Ni\u00f1os en el Espacio en La Carlota"},"content":{"rendered":"<p> \n<\/p>\n<div data-td-block-uid=\"tdi_99\">\n<p><h2>En Metro de Los Dos Caminos, en la entrada principal de la Base A\u00e9rea por el CCCT y en el Parque General\u00edsimo Francisco de Miranda, se podr\u00e1 tomar el transporte<\/h2>\n<\/p>\n<\/div>\n<div data-td-block-uid=\"tdi_110\">\n<div class=\"tdb-block-inner td-fix-index\">\n<p>La \u00abExpo Ni\u00f1os en el Espacio, un viaje al Sistema Solar\u00bb, exhibici\u00f3n dise\u00f1ada para transformar el aprendizaje de ni\u00f1os y ni\u00f1as, cuenta ahora con transporte desde puntos estrat\u00e9gicos para facilitar el acceso a los visitantes.<\/p>\n<p>Las unidades de transporte para ingresar al Centro de Convenciones de La Carlota, pueden tomarse en el Metro de Los Dos Caminos, en la entrada principal de la Base A\u00e9rea por el acceso cercano al CCCT y en el Parque General\u00edsimo Francisco de Miranda, por la entrada que baja hacia la autopista.<\/p>\n<p>El horario de funcionamiento de la Expo Espacio, es de 9:00 de la ma\u00f1ana a 4:00 de la tarde, de lunes a lunes.<\/p>\n<p>Para garantizar que la aventura sea segura y divertida para todos, la experiencia interactiva est\u00e1 dise\u00f1ada para ni\u00f1os a partir de 3 a\u00f1os. Adem\u00e1s, es obligatorio que cada ni\u00f1o est\u00e9 acompa\u00f1ado y supervisado en todo momento por un adulto, y no se permite la entrada con mascotas, coches de beb\u00e9 y bolsos grandes, para facilitar el disfrute de la experiencia.<\/p>\n<p>Asimismo, se recomienda cumplir con un c\u00f3digo de vestimenta adecuado para una actividad que se ofrece a toda la familia.<\/p>\n<\/div>\n<\/div>\n\n","protected":false},"excerpt":{"rendered":"<p>En Metro de Los Dos Caminos, en la entrada principal de la Base A\u00e9rea por el CCCT y en el Parque General\u00edsimo Francisco de Miranda, se podr\u00e1 tomar el transporte La \u00abExpo Ni\u00f1os en el Espacio, un viaje al Sistema Solar\u00bb, exhibici\u00f3n dise\u00f1ada para transformar el aprendizaje de ni\u00f1os y ni\u00f1as, cuenta ahora con transporte &hellip;<\/p>\n","protected":false},"author":1,"featured_media":53674,"comment_status":"open","ping_status":"open","sticky":false,"template":"","format":"standard","meta":{"fifu_image_url":"https:\/\/ultimasnoticias.com.ve\/wp-content\/uploads\/2025\/12\/expo.jpg","fifu_image_alt":"","footnotes":""},"categories":[13],"tags":[],"class_list":["post-53673","post","type-post","status-publish","format-standard","has-post-thumbnail","","category-mundo"],"_links":{"self":[{"href":"https:\/\/noticiasveraces.com\/index.php?rest_route=\/wp\/v2\/posts\/53673","targetHints":{"allow":["GET"]}}],"collection":[{"href":"https:\/\/noticiasveraces.com\/index.php?rest_route=\/wp\/v2\/posts"}],"about":[{"href":"https:\/\/noticiasveraces.com\/index.php?rest_route=\/wp\/v2\/types\/post"}],"author":[{"embeddable":true,"href":"https:\/\/noticiasveraces.com\/index.php?rest_route=\/wp\/v2\/users\/1"}],"replies":[{"embeddable":true,"href":"https:\/\/noticiasveraces.com\/index.php?rest_route=%2Fwp%2Fv2%2Fcomments&post=53673"}],"version-history":[{"count":0,"href":"https:\/\/noticiasveraces.com\/index.php?rest_route=\/wp\/v2\/posts\/53673\/revisions"}],"wp:featuredmedia":[{"embeddable":true,"href":"https:\/\/noticiasveraces.com\/index.php?rest_route=\/wp\/v2\/media\/53674"}],"wp:attachment":[{"href":"https:\/\/noticiasveraces.com\/index.php?rest_route=%2Fwp%2Fv2%2Fmedia&parent=53673"}],"wp:term":[{"taxonomy":"category","embeddable":true,"href":"https:\/\/noticiasveraces.com\/index.php?rest_route=%2Fwp%2Fv2%2Fcategories&post=53673"},{"taxonomy":"post_tag","embeddable":true,"href":"https:\/\/noticiasveraces.com\/index.php?rest_route=%2Fwp%2Fv2%2Ftags&post=53673"}],"curies":[{"name":"wp","href":"https:\/\/api.w.org\/{rel}","templated":true}]}}