{"id":53670,"date":"2025-12-12T20:36:22","date_gmt":"2025-12-13T00:36:22","guid":{"rendered":"https:\/\/noticiasveraces.com\/?p=53670"},"modified":"2025-12-12T20:36:22","modified_gmt":"2025-12-13T00:36:22","slug":"alertan-que-el-transporte-publico-en-bolivar-esta-en-paro-tecnico-por-rezago-del-pasaje-el-diario-venezuela","status":"publish","type":"post","link":"https:\/\/noticiasveraces.com\/?p=53670","title":{"rendered":"Alertan que el transporte p\u00fablico en Bol\u00edvar est\u00e1 en \u201cparo t\u00e9cnico\u201d por rezago del pasaje\u00a0 &#8211; El Diario Venezuela"},"content":{"rendered":"<p> \n<\/p>\n<div>\n<p>Fabiola Medina, presidenta de la l\u00ednea de transporte Asociaci\u00f3n Civil Orinoco Caron\u00ed (Orincar), en el estado Bol\u00edvar, afirm\u00f3 que <strong>el sector se encuentra en un \u201cparo t\u00e9cnico\u201d en la regi\u00f3n debido al incremento de los costos operativos<\/strong> y a la falta de ingresos suficientes para mantener las unidades en funcionamiento. <\/p>\n<div class=\"ruby-table-contents rbtoc table-fw\">\n<ul class=\"toc-content h5\">\n<li>Accidentes por falta de mantenimiento<\/li>\n<li>El gremio teme un \u201cparo t\u00e9cnico\u201d por falta de condiciones<\/li>\n<\/ul>\n<\/div>\n<p>\u201cSe nos hace muy complicado seguir manteniendo el gasto operativo de las unidades. <strong>Veh\u00edculo que se accidenta, es un carro que lamentablemente queda paralizado<\/strong>\u201d, manifest\u00f3 en una entrevista para <em>Radio Fe y Alegr\u00eda Noticias.<\/em><\/p>\n<p>Medina record\u00f3 que<strong> la tarifa oficial vigente, establecida en septiembre por el Ministerio de Transporte en 40 bol\u00edvares<\/strong>a su juicio, qued\u00f3 rezagada frente al aumento sostenido del tipo de cambio oficial del Banco Central de Venezuela (BCV). <\/p>\n<p><strong>Agreg\u00f3 que la flota se encuentra deteriorada, con numerosas unidades fuera de servicio y otras operando a medias<\/strong>. \u201cMuchos trabajan un ratico y luego se van a sus casas porque las unidades no est\u00e1n en condiciones de trabajar un d\u00eda completo\u201d, acot\u00f3.<\/p>\n<h2 id=\"accidentes-por-falta-de-mantenimiento\" class=\"rb-heading-index-0-832988 wp-block-heading\"><strong>Accidentes por falta de mantenimiento<\/strong><\/h2>\n<figure class=\"wp-block-image size-large\"><img fetchpriority=\"high\" decoding=\"async\" width=\"1200\" height=\"800\" src=\"https:\/\/eldiario.com\/wp-content\/uploads\/2025\/11\/Caucho-accidente-de-transito-vial-Pixabay-2-1200x800.jpg\" alt=\"37 personas murieron tras la ca\u00edda de un autob\u00fas a un abismo en Per\u00fa\" class=\"wp-image-827391\" srcset=\"https:\/\/eldiario.com\/wp-content\/uploads\/2025\/11\/Caucho-accidente-de-transito-vial-Pixabay-2-1200x800.jpg 1200w, https:\/\/eldiario.com\/wp-content\/uploads\/2025\/11\/Caucho-accidente-de-transito-vial-Pixabay-2-300x200.jpg 300w, https:\/\/eldiario.com\/wp-content\/uploads\/2025\/11\/Caucho-accidente-de-transito-vial-Pixabay-2-768x512.jpg 768w, https:\/\/eldiario.com\/wp-content\/uploads\/2025\/11\/Caucho-accidente-de-transito-vial-Pixabay-2-1536x1023.jpg 1536w, https:\/\/eldiario.com\/wp-content\/uploads\/2025\/11\/Caucho-accidente-de-transito-vial-Pixabay-2-330x220.jpg 330w, https:\/\/eldiario.com\/wp-content\/uploads\/2025\/11\/Caucho-accidente-de-transito-vial-Pixabay-2-420x280.jpg 420w, https:\/\/eldiario.com\/wp-content\/uploads\/2025\/11\/Caucho-accidente-de-transito-vial-Pixabay-2-615x410.jpg 615w, https:\/\/eldiario.com\/wp-content\/uploads\/2025\/11\/Caucho-accidente-de-transito-vial-Pixabay-2-860x573.jpg 860w, https:\/\/eldiario.com\/wp-content\/uploads\/2025\/11\/Caucho-accidente-de-transito-vial-Pixabay-2-150x100.jpg 150w, https:\/\/eldiario.com\/wp-content\/uploads\/2025\/11\/Caucho-accidente-de-transito-vial-Pixabay-2.jpg 1600w\" sizes=\"(max-width: 1200px) 100vw, 1200px\"\/><figcaption class=\"wp-element-caption\">Imagen referencial | Foto: Pixabay<\/figcaption><\/figure>\n<p>La presidenta de Orincar se\u00f1al\u00f3 que el deterioro de los veh\u00edculos tambi\u00e9n ha incrementado los accidentes en el transcurso del a\u00f1o. Considera que,<strong> debido a la falta de recursos, los transportistas recurren a repuestos y cauchos de segunda mano.<\/strong><\/p>\n<p>\u201cHemos tenido varias unidades que se han quemado por fallas el\u00e9ctricas\u201d, lament\u00f3.<\/p>\n<p>A esto se suma la limitaci\u00f3n para surtir combustible y la falta de mantenimiento preventivo. <strong>Medina detall\u00f3 que los veh\u00edculos a gasolina reciben 50 litros por jornada de suministro \u2014una o dos veces por semana\u2014, mientras que las unidades a gasoil disponen de 70 litros<\/strong>que en algunos casos no les alcanza para operar todo d\u00eda y noche. \u201cTambi\u00e9n perdemos casi medio d\u00eda para surtir, bien sea gasolina o gasoil\u201d, acot\u00f3.<\/p>\n<h2 id=\"el-gremio-teme-un-paro-tecnico-por-falta-de-condiciones\" class=\"rb-heading-index-1-832988 wp-block-heading\"><strong>El gremio teme un \u201cparo t\u00e9cnico\u201d por falta de condiciones<\/strong><\/h2>\n<figure class=\"wp-block-image size-large\"><picture loading=\"lazy\" decoding=\"async\" class=\"wp-image-730673\"><source type=\"image\/webp\" srcset=\"https:\/\/eldiario.com\/wp-content\/uploads\/2024\/10\/Transporte-publico-bus-en-Caracas-El-Diario-by-Jose-Daniel-Ramos5-1200x800.jpg.webp 1200w, https:\/\/eldiario.com\/wp-content\/uploads\/2024\/10\/Transporte-publico-bus-en-Caracas-El-Diario-by-Jose-Daniel-Ramos5-300x200.jpg.webp 300w, https:\/\/eldiario.com\/wp-content\/uploads\/2024\/10\/Transporte-publico-bus-en-Caracas-El-Diario-by-Jose-Daniel-Ramos5-768x512.jpg.webp 768w, https:\/\/eldiario.com\/wp-content\/uploads\/2024\/10\/Transporte-publico-bus-en-Caracas-El-Diario-by-Jose-Daniel-Ramos5-1536x1024.jpg.webp 1536w, https:\/\/eldiario.com\/wp-content\/uploads\/2024\/10\/Transporte-publico-bus-en-Caracas-El-Diario-by-Jose-Daniel-Ramos5-150x100.jpg.webp 150w, https:\/\/eldiario.com\/wp-content\/uploads\/2024\/10\/Transporte-publico-bus-en-Caracas-El-Diario-by-Jose-Daniel-Ramos5.jpg.webp 1600w\" sizes=\"(max-width: 1200px) 100vw, 1200px\"\/><img loading=\"lazy\" decoding=\"async\" width=\"1200\" height=\"800\" src=\"https:\/\/eldiario.com\/wp-content\/uploads\/2024\/10\/Transporte-publico-bus-en-Caracas-El-Diario-by-Jose-Daniel-Ramos5-1200x800.jpg\" alt=\"Transporte p\u00fablico Caracas, buses Caracas, bus, buses, encava, movilidad urbana Venezuela, transporte colectivo Caracas, transporte p\u00fablico Caracas, El Diario, Jos\u00e9 Daniel Ramos\" srcset=\"https:\/\/eldiario.com\/wp-content\/uploads\/2024\/10\/Transporte-publico-bus-en-Caracas-El-Diario-by-Jose-Daniel-Ramos5-1200x800.jpg 1200w, https:\/\/eldiario.com\/wp-content\/uploads\/2024\/10\/Transporte-publico-bus-en-Caracas-El-Diario-by-Jose-Daniel-Ramos5-300x200.jpg 300w, https:\/\/eldiario.com\/wp-content\/uploads\/2024\/10\/Transporte-publico-bus-en-Caracas-El-Diario-by-Jose-Daniel-Ramos5-768x512.jpg 768w, https:\/\/eldiario.com\/wp-content\/uploads\/2024\/10\/Transporte-publico-bus-en-Caracas-El-Diario-by-Jose-Daniel-Ramos5-1536x1024.jpg 1536w, https:\/\/eldiario.com\/wp-content\/uploads\/2024\/10\/Transporte-publico-bus-en-Caracas-El-Diario-by-Jose-Daniel-Ramos5-150x100.jpg 150w, https:\/\/eldiario.com\/wp-content\/uploads\/2024\/10\/Transporte-publico-bus-en-Caracas-El-Diario-by-Jose-Daniel-Ramos5.jpg 1600w\" sizes=\"auto, (max-width: 1200px) 100vw, 1200px\"\/>\n<\/picture><figcaption class=\"wp-element-caption\">Foto: Jos\u00e9 Daniel Ramos @danielj2511<\/figcaption><\/figure>\n<p>Medina sostuvo que actualmente el <strong>gremio de transporte en la regi\u00f3n no recibe financiamiento ni apoyo estatal, m\u00e1s all\u00e1 del subsidio al combustible<\/strong>lo que podr\u00eda derivar en un cierre t\u00e9cnico.<\/p>\n<p>Asimismo, record\u00f3 que <strong>los representantes llevan entre 4 y 5 a\u00f1os solicitando que el pasaje urbano sea anclado al d\u00f3lar.<\/strong><\/p>\n<p>La propuesta del sector plantea fijar la tarifa en al menos 0,50 d\u00f3lares, y otorgar un bono de transporte de 30 d\u00f3lares para los usuarios. <\/p>\n<p><!-- CONTENT END 1 -->\n<\/div>\n\n","protected":false},"excerpt":{"rendered":"<p>Fabiola Medina, presidenta de la l\u00ednea de transporte Asociaci\u00f3n Civil Orinoco Caron\u00ed (Orincar), en el estado Bol\u00edvar, afirm\u00f3 que el sector se encuentra en un \u201cparo t\u00e9cnico\u201d en la regi\u00f3n debido al incremento de los costos operativos y a la falta de ingresos suficientes para mantener las unidades en funcionamiento. Accidentes por falta de mantenimiento &hellip;<\/p>\n","protected":false},"author":1,"featured_media":53672,"comment_status":"open","ping_status":"open","sticky":false,"template":"","format":"standard","meta":{"fifu_image_url":"https:\/\/eldiario.com\/wp-content\/uploads\/2025\/05\/Transporte-2.jpg","fifu_image_alt":"","footnotes":""},"categories":[13],"tags":[],"class_list":["post-53670","post","type-post","status-publish","format-standard","has-post-thumbnail","","category-mundo"],"_links":{"self":[{"href":"https:\/\/noticiasveraces.com\/index.php?rest_route=\/wp\/v2\/posts\/53670","targetHints":{"allow":["GET"]}}],"collection":[{"href":"https:\/\/noticiasveraces.com\/index.php?rest_route=\/wp\/v2\/posts"}],"about":[{"href":"https:\/\/noticiasveraces.com\/index.php?rest_route=\/wp\/v2\/types\/post"}],"author":[{"embeddable":true,"href":"https:\/\/noticiasveraces.com\/index.php?rest_route=\/wp\/v2\/users\/1"}],"replies":[{"embeddable":true,"href":"https:\/\/noticiasveraces.com\/index.php?rest_route=%2Fwp%2Fv2%2Fcomments&post=53670"}],"version-history":[{"count":0,"href":"https:\/\/noticiasveraces.com\/index.php?rest_route=\/wp\/v2\/posts\/53670\/revisions"}],"wp:featuredmedia":[{"embeddable":true,"href":"https:\/\/noticiasveraces.com\/index.php?rest_route=\/wp\/v2\/media\/53672"}],"wp:attachment":[{"href":"https:\/\/noticiasveraces.com\/index.php?rest_route=%2Fwp%2Fv2%2Fmedia&parent=53670"}],"wp:term":[{"taxonomy":"category","embeddable":true,"href":"https:\/\/noticiasveraces.com\/index.php?rest_route=%2Fwp%2Fv2%2Fcategories&post=53670"},{"taxonomy":"post_tag","embeddable":true,"href":"https:\/\/noticiasveraces.com\/index.php?rest_route=%2Fwp%2Fv2%2Ftags&post=53670"}],"curies":[{"name":"wp","href":"https:\/\/api.w.org\/{rel}","templated":true}]}}