{"id":53662,"date":"2025-12-12T19:31:09","date_gmt":"2025-12-12T23:31:09","guid":{"rendered":"https:\/\/noticiasveraces.com\/?p=53662"},"modified":"2025-12-12T19:31:09","modified_gmt":"2025-12-12T23:31:09","slug":"figura-que-jugo-con-brasil-tuvo-triste-adios-al-futbol-esto-paso","status":"publish","type":"post","link":"https:\/\/noticiasveraces.com\/?p=53662","title":{"rendered":"Figura que jug\u00f3 con Brasil tuvo triste adi\u00f3s al f\u00fatbol: esto pas\u00f3"},"content":{"rendered":"<p> \n<br \/><img decoding=\"async\" src=\"https:\/\/www.futbolred.com\/files\/article_graphic\/files\/crop\/uploads\/2025\/12\/12\/693c99da202b8.r_1352168.0-11-895-459.jpeg\" \/><\/p>\n<header>\n<h3>Curiosidades de f\u00fatbol<br \/>\n            <\/h3>\n<h1>Figura que jug\u00f3 con Brasil tuvo triste adi\u00f3s al f\u00fatbol: esto pas\u00f3<br \/>\n        <\/h1>\n<address>\n            <a>Andres Julian Abril Gomez<br \/>\n        <\/address>\n<p>        <time datetime=\"2025-12-12T17:40:38-05:00\">12 de diciembre 2025 , 05:40 p.\u00a0m.<br \/>\n        <\/time><br \/>\n    <\/header>\n<p>Un futbolista que milit\u00f3 en la Selecci\u00f3n y en clubes de primer nivel se retir\u00f3 por un duro motivo.<\/p>\n<p>El f\u00fatbol brasile\u00f1o est\u00e1 en total conmoci\u00f3n luego de que este viernes los medios brasile\u00f1os dieran a conocer que <b>\u00d3scar,<\/b> jugador de 34 a\u00f1os que militaba en <b>S\u00e3o Paulo<\/b>le pusiera punto final a su carrera como deportista por un duro motivo.  <\/p>\n<p>Y es que el futbolista que pas\u00f3 por clubes como Internacional, Chelsea y el Shangh\u00e1i Port FC tuvo que acabar su carrera luego de un susto cardiaco durante una pr\u00e1ctica con Sao Paulo, episodio ocurrido hace un mes.  <\/p>\n<p>El jugador se desmay\u00f3 en el campo de entrenamiento y fue llevado de urgencia al Hospital Israelita Albert Einstein donde fue puesto en observaci\u00f3n, pero desde ese entonces ya hab\u00eda dudas con que su carrera continuara.<\/p>\n<p>Con el paso de los d\u00edas se confirm\u00f3 que el jugador tuvo un s\u00edncope vasovagal que provoca que el organismo reaccione ante ciertos est\u00edmulos y provoca una ca\u00edda de presi\u00f3n y frecuencia cardiaca.  <\/p>\n<p>Pese a que al jugador le dijeron que no hab\u00eda riesgo fatal, finalmente Oscar decidi\u00f3 no seguir su carrera y esa decisi\u00f3n fue respaldada por su familia. <\/p>\n<p>Vale se\u00f1alar que se espera una rueda de prensa o un comunicado oficial del jugador en donde confirme su retiro del f\u00fatbol que le deja 17 t\u00edtulos siendo lo m\u00e1s destacado la Europa League y la Premier con Chelsea, el Mundial Sub-20, la Copa Confederaciones y la medalla de plata de los Juegos Ol\u00edmpicos de 2012 con la Selecci\u00f3n de Brasil.<\/p>\n\n","protected":false},"excerpt":{"rendered":"<p>Curiosidades de f\u00fatbol Figura que jug\u00f3 con Brasil tuvo triste adi\u00f3s al f\u00fatbol: esto pas\u00f3 Andres Julian Abril Gomez 12 de diciembre 2025 , 05:40 p.\u00a0m. Un futbolista que milit\u00f3 en la Selecci\u00f3n y en clubes de primer nivel se retir\u00f3 por un duro motivo. El f\u00fatbol brasile\u00f1o est\u00e1 en total conmoci\u00f3n luego de que &hellip;<\/p>\n","protected":false},"author":1,"featured_media":53664,"comment_status":"open","ping_status":"open","sticky":false,"template":"","format":"standard","meta":{"fifu_image_url":"https:\/\/www.futbolred.com\/files\/og_thumbnail\/uploads\/2025\/12\/12\/693c99da202b8.jpeg","fifu_image_alt":"","footnotes":""},"categories":[6],"tags":[],"class_list":["post-53662","post","type-post","status-publish","format-standard","has-post-thumbnail","","category-deportes"],"_links":{"self":[{"href":"https:\/\/noticiasveraces.com\/index.php?rest_route=\/wp\/v2\/posts\/53662","targetHints":{"allow":["GET"]}}],"collection":[{"href":"https:\/\/noticiasveraces.com\/index.php?rest_route=\/wp\/v2\/posts"}],"about":[{"href":"https:\/\/noticiasveraces.com\/index.php?rest_route=\/wp\/v2\/types\/post"}],"author":[{"embeddable":true,"href":"https:\/\/noticiasveraces.com\/index.php?rest_route=\/wp\/v2\/users\/1"}],"replies":[{"embeddable":true,"href":"https:\/\/noticiasveraces.com\/index.php?rest_route=%2Fwp%2Fv2%2Fcomments&post=53662"}],"version-history":[{"count":0,"href":"https:\/\/noticiasveraces.com\/index.php?rest_route=\/wp\/v2\/posts\/53662\/revisions"}],"wp:featuredmedia":[{"embeddable":true,"href":"https:\/\/noticiasveraces.com\/index.php?rest_route=\/wp\/v2\/media\/53664"}],"wp:attachment":[{"href":"https:\/\/noticiasveraces.com\/index.php?rest_route=%2Fwp%2Fv2%2Fmedia&parent=53662"}],"wp:term":[{"taxonomy":"category","embeddable":true,"href":"https:\/\/noticiasveraces.com\/index.php?rest_route=%2Fwp%2Fv2%2Fcategories&post=53662"},{"taxonomy":"post_tag","embeddable":true,"href":"https:\/\/noticiasveraces.com\/index.php?rest_route=%2Fwp%2Fv2%2Ftags&post=53662"}],"curies":[{"name":"wp","href":"https:\/\/api.w.org\/{rel}","templated":true}]}}