{"id":53651,"date":"2025-12-12T15:35:28","date_gmt":"2025-12-12T19:35:28","guid":{"rendered":"https:\/\/noticiasveraces.com\/?p=53651"},"modified":"2025-12-12T15:35:28","modified_gmt":"2025-12-12T19:35:28","slug":"los-bolsonaro-lamentan-la-decision-de-trump-de-retirar-las-sanciones-a-un-juez-brasileno-albertonews","status":"publish","type":"post","link":"https:\/\/noticiasveraces.com\/?p=53651","title":{"rendered":"Los Bolsonaro lamentan la decisi\u00f3n de Trump de retirar las sanciones a un juez brasile\u00f1o &#8211; AlbertoNews"},"content":{"rendered":"<p> \n<\/p>\n<div>\n<p>Eduardo Bolsonaro, hijo del expresidente ultraderechista Jair Bolsonaro, lament\u00f3 este viernes la decisi\u00f3n de EE.UU. de retirar las sanciones financieras que hab\u00eda impuesto a un miembro de la Corte Suprema de Brasil para intentar frenar el juicio por golpismo contra su padre.<\/p>\n<p>El diputado, uno de los principales impulsores de las sanciones, dijo haber recibido \u00abcon pesar\u00bb el anuncio de la retirada del nombre del magistrado Alexandre de Moraes, instructor del caso contra su padre, de la lista de violadores de derechos humanos prevista en la Ley Magnitsky.<\/p>\n<p>La sanci\u00f3n, que la Casa Blanca de Donald Trump anunci\u00f3 en julio pasado, implic\u00f3 el congelamiento de todos los bienes y activos que De Moraes pudiera tener en el pa\u00eds norteamericano.<\/p>\n<p>Eduardo Bolsonaro, sin embargo, evit\u00f3 criticar directamente a Trump y afirm\u00f3 que era el \u00abdeber\u00bb del mandatario defender los \u00abintereses estrat\u00e9gicos\u00bb de EE.UU.<\/p>\n<p>En cambio, el diputado atribuy\u00f3 el fracaso de la campa\u00f1a de presi\u00f3n contra el Supremo brasile\u00f1o a la \u00abfalta de cohesi\u00f3n interna\u00bb y al \u00abinsuficiente apoyo\u00bb a las iniciativas que \u00e9l impuls\u00f3 en el pa\u00eds norteamericano, donde se encuentra desde hace meses y se dice en \u00aben el exilio\u00bb, para librar a su padre de la c\u00e1rcel.<\/p>\n<p>Con todo, dijo que continuar\u00e1 trabajando de forma \u00abfirme y resuelta\u00bb para encontrar un \u00abcamino que permita la liberaci\u00f3n\u00bb de Brasil.<\/p>\n<p>Eduardo Bolsonaro corre el riesgo de perder su mandato de diputado la semana que viene por acumulaci\u00f3n de faltas, ya que reside en EE.UU. desde marzo.<\/p>\n<p>Por otro lado, el Supremo imput\u00f3 al hijo del exmandatario ultra por \u00abcoacci\u00f3n\u00bb, debido a su apoyo a la campa\u00f1a de presi\u00f3n frente a la Casa Blanca para interferir en el proceso judicial.<\/p>\n<p>La maniobra del diputado y las sanciones de EE.UU. no lograron evitar que Jair Bolsonaro fuera condenado en septiembre a 27 a\u00f1os de prisi\u00f3n por planear un golpe de Estado para mantenerse en el poder tras las elecciones de 2022, que perdi\u00f3 frente a Luiz In\u00e1cio Lula da Silva.<\/p>\n<p>Los presidentes Lula y Trump han acercado posiciones en los \u00faltimos meses y han negociado el levantamiento de parte de los aranceles del 50 % que la Casa Blanca impuso a las importaciones brasile\u00f1as, tambi\u00e9n con motivo del juicio contra Bolsonaro.EFE<\/p>\n<\/p>\n<p class=\"p\"><b><span class=\"15\" style=\"font-family: 'Segoe UI';\">Si quieres recibir en tu celular esta y otras informaciones descarga Telegram, ingresa al link <\/span><\/b><b><span class=\"17\" style=\"font-family: 'Segoe UI';\">https:\/\/t.me\/albertorodnews<\/span><\/b><b><span class=\"15\" style=\"font-family: 'Segoe UI';\"> y dale click a +Unirme.  <\/span><\/b><\/p>\n<p class=\"p\"><b><span class=\"17\" style=\"font-family: 'Segoe UI';\">Alberto Noticias<\/span><\/b><\/p>\n<\/p><\/div>\n\n","protected":false},"excerpt":{"rendered":"<p>Eduardo Bolsonaro, hijo del expresidente ultraderechista Jair Bolsonaro, lament\u00f3 este viernes la decisi\u00f3n de EE.UU. de retirar las sanciones financieras que hab\u00eda impuesto a un miembro de la Corte Suprema de Brasil para intentar frenar el juicio por golpismo contra su padre. El diputado, uno de los principales impulsores de las sanciones, dijo haber recibido &hellip;<\/p>\n","protected":false},"author":1,"featured_media":53652,"comment_status":"open","ping_status":"open","sticky":false,"template":"","format":"standard","meta":{"fifu_image_url":"https:\/\/bitlyanews.com\/wp-content\/uploads\/2019\/08\/eduardo-bolsonaro-1565655935547.jpg","fifu_image_alt":"","footnotes":""},"categories":[13],"tags":[],"class_list":["post-53651","post","type-post","status-publish","format-standard","has-post-thumbnail","","category-mundo"],"_links":{"self":[{"href":"https:\/\/noticiasveraces.com\/index.php?rest_route=\/wp\/v2\/posts\/53651","targetHints":{"allow":["GET"]}}],"collection":[{"href":"https:\/\/noticiasveraces.com\/index.php?rest_route=\/wp\/v2\/posts"}],"about":[{"href":"https:\/\/noticiasveraces.com\/index.php?rest_route=\/wp\/v2\/types\/post"}],"author":[{"embeddable":true,"href":"https:\/\/noticiasveraces.com\/index.php?rest_route=\/wp\/v2\/users\/1"}],"replies":[{"embeddable":true,"href":"https:\/\/noticiasveraces.com\/index.php?rest_route=%2Fwp%2Fv2%2Fcomments&post=53651"}],"version-history":[{"count":0,"href":"https:\/\/noticiasveraces.com\/index.php?rest_route=\/wp\/v2\/posts\/53651\/revisions"}],"wp:featuredmedia":[{"embeddable":true,"href":"https:\/\/noticiasveraces.com\/index.php?rest_route=\/wp\/v2\/media\/53652"}],"wp:attachment":[{"href":"https:\/\/noticiasveraces.com\/index.php?rest_route=%2Fwp%2Fv2%2Fmedia&parent=53651"}],"wp:term":[{"taxonomy":"category","embeddable":true,"href":"https:\/\/noticiasveraces.com\/index.php?rest_route=%2Fwp%2Fv2%2Fcategories&post=53651"},{"taxonomy":"post_tag","embeddable":true,"href":"https:\/\/noticiasveraces.com\/index.php?rest_route=%2Fwp%2Fv2%2Ftags&post=53651"}],"curies":[{"name":"wp","href":"https:\/\/api.w.org\/{rel}","templated":true}]}}