{"id":53628,"date":"2025-12-12T13:20:10","date_gmt":"2025-12-12T17:20:10","guid":{"rendered":"https:\/\/noticiasveraces.com\/?p=53628"},"modified":"2025-12-12T13:20:10","modified_gmt":"2025-12-12T17:20:10","slug":"julio-velazquez-revoluciona-bulgaria-y-devuelve-la-ilusion-al-levski-sofia","status":"publish","type":"post","link":"https:\/\/noticiasveraces.com\/?p=53628","title":{"rendered":"Julio Vel\u00e1zquez revoluciona Bulgaria y devuelve la ilusi\u00f3n al Levski Sof\u00eda"},"content":{"rendered":"<p> \n<\/p>\n<div>\n<p data-mrf-recirculation=\"Links P\u00e1rrafos\" class=\"ue-c-article__paragraph paragraph ue-c-article--first-letter-highlighted\">El Levski Sof\u00eda vive un momento hist\u00f3rico y el nombre propio detr\u00e1s de esta transformaci\u00f3n es el del espa\u00f1ol Julio Vel\u00e1zquez, que<strong> ha logrado devolver al club a la cima del f\u00fatbol b\u00falgaro.<\/strong> Aterriz\u00f3 en enero de 2025 y ha irrumpido con fuerza en su regreso a los banquillos, firmando un final de a\u00f1o sobresaliente que ha colocado al<strong> Levski l\u00edder de la Liga tras su \u00faltimo partido antes del par\u00f3n invernal.<\/strong><span\/><\/p>\n<p data-mrf-recirculation=\"Links P\u00e1rrafos\" class=\"ue-c-article__paragraph paragraph\">No es un liderato cualquiera: <strong>el Levski cierra el a\u00f1o en lo m\u00e1s alto por primera vez en 17 a\u00f1os,<\/strong> un hito que refleja el impacto inmediato de Vel\u00e1zquez en el equipo. Sus n\u00fameros en liga impresionan: <strong>14 victorias, dos empates y solo tres derrotas, con 43 goles a favor <\/strong>\u201412 m\u00e1s que el segundo clasificado\u2014 y \u00fanicamente 12 en contra. Estas cifras lo convierten en <strong>el equipo m\u00e1s goleador y el menos goleado de la competici\u00f3n.<\/strong><span\/><\/p>\n<figure class=\"ue-c-article__media ue-c-article__media--image\">\n<div class=\"ue-c-article__media-img-container ue-l-article--expand-edge-right-until-tablet ue-l-article--expand-edge-left-until-tablet\"><picture><source type=\"image\/webp\" sizes=\"(min-width: 1010px) 660px, (min-width: 980px) calc(100vw - 350px), (min-width: 740px) calc(100vw - 320px), 100vw\" srcset=\"https:\/\/objetos-xlk.estaticos-marca.com\/files\/article_360_widen_webp\/uploads\/2025\/12\/11\/693b248bc450a.webp 360w,https:\/\/objetos-xlk.estaticos-marca.com\/files\/article_375_widen_webp\/uploads\/2025\/12\/11\/693b248bc450a.webp 375w,https:\/\/objetos-xlk.estaticos-marca.com\/files\/article_414_widen_webp\/uploads\/2025\/12\/11\/693b248bc450a.webp 414w,https:\/\/objetos-xlk.estaticos-marca.com\/files\/article_660_widen_webp\/uploads\/2025\/12\/11\/693b248bc450a.webp 660w,https:\/\/objetos-xlk.estaticos-marca.com\/files\/article_720_widen_webp\/uploads\/2025\/12\/11\/693b248bc450a.webp 720w,https:\/\/objetos-xlk.estaticos-marca.com\/files\/article_750_widen_webp\/uploads\/2025\/12\/11\/693b248bc450a.webp 750w,https:\/\/objetos-xlk.estaticos-marca.com\/files\/article_828_widen_webp\/uploads\/2025\/12\/11\/693b248bc450a.webp 828w,https:\/\/objetos-xlk.estaticos-marca.com\/files\/article_1320_widen_webp\/uploads\/2025\/12\/11\/693b248bc450a.webp 1320w\"><source type=\"image\/jpeg\" sizes=\"(min-width: 1010px) 660px, (min-width: 980px) calc(100vw - 350px), (min-width: 740px) calc(100vw - 320px), 100vw\" srcset=\"https:\/\/objetos-xlk.estaticos-marca.com\/files\/article_360_widen\/uploads\/2025\/12\/11\/693b248bc450a.jpeg 360w,https:\/\/objetos-xlk.estaticos-marca.com\/files\/article_375_widen\/uploads\/2025\/12\/11\/693b248bc450a.jpeg 375w,https:\/\/objetos-xlk.estaticos-marca.com\/files\/article_414_widen\/uploads\/2025\/12\/11\/693b248bc450a.jpeg 414w,https:\/\/objetos-xlk.estaticos-marca.com\/files\/article_660_widen\/uploads\/2025\/12\/11\/693b248bc450a.jpeg 660w,https:\/\/objetos-xlk.estaticos-marca.com\/files\/article_720_widen\/uploads\/2025\/12\/11\/693b248bc450a.jpeg 720w,https:\/\/objetos-xlk.estaticos-marca.com\/files\/article_750_widen\/uploads\/2025\/12\/11\/693b248bc450a.jpeg 750w,https:\/\/objetos-xlk.estaticos-marca.com\/files\/article_828_widen\/uploads\/2025\/12\/11\/693b248bc450a.jpeg 828w,https:\/\/objetos-xlk.estaticos-marca.com\/files\/article_1320_widen\/uploads\/2025\/12\/11\/693b248bc450a.jpeg 1320w\"><img decoding=\"async\" width=\"1024\" height=\"682\" class=\"ue-c-article__image lazyload\" alt=\"02 12 18 51 144498147\" loading=\"lazy\" src=\"https:\/\/objetos-xlk.estaticos-marca.com\/uploads\/2025\/12\/11\/693b248bc450a.jpeg\"\/><\/source><\/source><\/picture><\/div><figcaption class=\"ue-c-article__media-caption\">\n<p><span class=\"ue-c-article__media-source\"><span class=\"ue-c-article__media-author\">TONI GAL\u00c1N<\/span><\/span><\/p>\n<\/figcaption><\/figure>\n<p data-mrf-recirculation=\"Links P\u00e1rrafos\" class=\"ue-c-article__paragraph paragraph\">El Levski Sofia se ha consolidado como un bloque fiable y reconocible, capaz de ejecutar el estilo que caracteriza al t\u00e9cnico espa\u00f1ol: <strong>un f\u00fatbol proactivo, dominador con bal\u00f3n, asociativo y de alta intensidad en campo rival.<\/strong> Julio Vel\u00e1zquez, pese a su juventud, atesora una dilatada experiencia internacional en<strong> Espa\u00f1a, Portugal, Italia, Holanda y ahora Bulgaria, <\/strong>una trayectoria que se refleja en la personalidad que ha imprimido al equipo.<span\/><\/p>\n<p data-mrf-recirculation=\"Links P\u00e1rrafos\" class=\"ue-c-article__paragraph paragraph\"><strong>El impulso no se limita a la Liga.<\/strong> Este mismo d\u00eda, el Levski disput\u00f3 su \u00faltimo encuentro del a\u00f1o, correspondiente a los octavos de final de la Copa de Bulgaria, y <strong>se impuso con autoridad 3-0, sellando su pase a los cuartos de final.<\/strong> Adem\u00e1s, el calendario de 2025 arrancar\u00e1 con otra cita hist\u00f3rica: <strong>la final de la Supercopa de Bulgaria ante el Ludogorets<\/strong>programada para febrero.<span\/><\/p>\n<h2 class=\"ue-c-article__subheadline\">El Levski, la gran sorpresa<\/h2>\n<p data-mrf-recirculation=\"Links P\u00e1rrafos\" class=\"ue-c-article__paragraph paragraph\">Todo ello adquiere a\u00fan m\u00e1s relevancia si se considera que <strong>el Levski compite con uno de los presupuestos m\u00e1s bajos entre los grandes<\/strong> del pa\u00eds. Aun as\u00ed, <strong>el equipo ha logrado rendir por encima de sus posibilidades,<\/strong> consolid\u00e1ndose como la gran revelaci\u00f3n del curso.<span\/><\/p>\n<p data-mrf-recirculation=\"Links P\u00e1rrafos\" class=\"ue-c-article__paragraph paragraph\">El a\u00f1o termina con el Levski Sof\u00eda lanzado y con Julio Vel\u00e1zquez en el centro de todas las miradas. Su figura no solo ha revitalizado al club, sino que <strong>apunta a convertirlo en un serio candidato a todo en Bulgaria.<\/strong> Tras su salida de Zaragoza en marzo de 2024,\u00a0el entrenador espa\u00f1ol firma<strong> uno de los retornos m\u00e1s destacados del f\u00fatbol europeo reciente.<\/strong><span\/><\/p>\n<\/div>\n\n","protected":false},"excerpt":{"rendered":"<p>El Levski Sof\u00eda vive un momento hist\u00f3rico y el nombre propio detr\u00e1s de esta transformaci\u00f3n es el del espa\u00f1ol Julio Vel\u00e1zquez, que ha logrado devolver al club a la cima del f\u00fatbol b\u00falgaro. Aterriz\u00f3 en enero de 2025 y ha irrumpido con fuerza en su regreso a los banquillos, firmando un final de a\u00f1o sobresaliente &hellip;<\/p>\n","protected":false},"author":1,"featured_media":53630,"comment_status":"open","ping_status":"open","sticky":false,"template":"","format":"standard","meta":{"fifu_image_url":"https:\/\/objetos-xlk.estaticos-marca.com\/files\/article_main_microformat\/\/uploads\/2025\/12\/11\/693b240e803f8.jpeg","fifu_image_alt":"","footnotes":""},"categories":[6],"tags":[],"class_list":["post-53628","post","type-post","status-publish","format-standard","has-post-thumbnail","","category-deportes"],"_links":{"self":[{"href":"https:\/\/noticiasveraces.com\/index.php?rest_route=\/wp\/v2\/posts\/53628","targetHints":{"allow":["GET"]}}],"collection":[{"href":"https:\/\/noticiasveraces.com\/index.php?rest_route=\/wp\/v2\/posts"}],"about":[{"href":"https:\/\/noticiasveraces.com\/index.php?rest_route=\/wp\/v2\/types\/post"}],"author":[{"embeddable":true,"href":"https:\/\/noticiasveraces.com\/index.php?rest_route=\/wp\/v2\/users\/1"}],"replies":[{"embeddable":true,"href":"https:\/\/noticiasveraces.com\/index.php?rest_route=%2Fwp%2Fv2%2Fcomments&post=53628"}],"version-history":[{"count":0,"href":"https:\/\/noticiasveraces.com\/index.php?rest_route=\/wp\/v2\/posts\/53628\/revisions"}],"wp:featuredmedia":[{"embeddable":true,"href":"https:\/\/noticiasveraces.com\/index.php?rest_route=\/wp\/v2\/media\/53630"}],"wp:attachment":[{"href":"https:\/\/noticiasveraces.com\/index.php?rest_route=%2Fwp%2Fv2%2Fmedia&parent=53628"}],"wp:term":[{"taxonomy":"category","embeddable":true,"href":"https:\/\/noticiasveraces.com\/index.php?rest_route=%2Fwp%2Fv2%2Fcategories&post=53628"},{"taxonomy":"post_tag","embeddable":true,"href":"https:\/\/noticiasveraces.com\/index.php?rest_route=%2Fwp%2Fv2%2Ftags&post=53628"}],"curies":[{"name":"wp","href":"https:\/\/api.w.org\/{rel}","templated":true}]}}