{"id":53613,"date":"2025-12-12T10:27:15","date_gmt":"2025-12-12T14:27:15","guid":{"rendered":"https:\/\/noticiasveraces.com\/?p=53613"},"modified":"2025-12-12T10:27:15","modified_gmt":"2025-12-12T14:27:15","slug":"trump-quitamos-algo-del-plan-de-paz-para-el-conflicto-ucraniano","status":"publish","type":"post","link":"https:\/\/noticiasveraces.com\/?p=53613","title":{"rendered":"Trump: \u00abQuitamos algo\u00bb del plan de paz para el conflicto ucraniano"},"content":{"rendered":"<p> \n<\/p>\n<div>\n<p>El presidente de EE.UU., Donald Trump, declar\u00f3 este jueves que Washington <strong>ha quitado algo\u00a0de\u00a0su plan con el que pretende resolver\u00a0el conflicto entre Rusia y Ucrania<\/strong>.<\/p>\n<p>\u00abQuitamos algo [del plan de paz]indic\u00f3 a la prensa en la Casa Blanca, detallando que el proyecto tiene \u00ab<strong>cuatro o cinco partes diferentes<\/strong>\u00ab.<\/p>\n<div class=\"ReadMore-root Section-root Section-is1to3-xs_is1to1\" data-widgets=\"ReadMore\">\n<div class=\"Section-container Section-isRow-isTop-isWrap\">\n<article class=\"Card-root Card-is1to1 Card-default \">\n<div class=\"Card-imageWrap\">\n<div class=\"Card-picture\">\n<picture class=\"Picture-root Picture-default\"><!--[if IE 9]><video style=\"display: none;\"><![endif]--><source media=\"(-webkit-min-device-pixel-ratio: 2) and (min-resolution: 120dpi)\" data-srcset=\"&#10;                                            https:\/\/mfes.b37m.ru\/actualidad\/public_images\/2025.12\/thumbnail\/6939f35ee9ff7123670cfc4e.jpg 850w,&#10;                                    https:\/\/mfes.b37m.ru\/actualidad\/public_images\/2025.12\/article\/6939f35ee9ff7123670cfc4e.jpg 1960w,            \" srcset=\"&#10;                                    data:image\/png;base64,iVBORw0KGgoAAAANSUhEUgAAABAAAAAJCAQAAACRI2S5AAAAEElEQVR42mNkIAAYRxWAAQAG9gAKqv6+AwAAAABJRU5ErkJggg==&#10;                            \"><source data-srcset=\"&#10;                                            https:\/\/mfes.b37m.ru\/actualidad\/public_images\/2025.12\/thumbnail\/6939f35ee9ff7123670cfc4e.jpg 460,&#10;                                  https:\/\/mfes.b37m.ru\/actualidad\/public_images\/2025.12\/article\/6939f35ee9ff7123670cfc4e.jpg 980w,&#10;            \" srcset=\"&#10;                                    data:image\/png;base64,iVBORw0KGgoAAAANSUhEUgAAABAAAAAJCAQAAACRI2S5AAAAEElEQVR42mNkIAAYRxWAAQAG9gAKqv6+AwAAAABJRU5ErkJggg==&#10;                            \"><!--[if IE 9]><\/video><![endif]--><img decoding=\"async\" data-sizes=\"auto\" src=\"&#10;                                    data:image\/png;base64,iVBORw0KGgoAAAANSUhEUgAAABAAAAAJCAQAAACRI2S5AAAAEElEQVR42mNkIAAYRxWAAQAG9gAKqv6+AwAAAABJRU5ErkJggg==&#10;                            \" class=\"Picture-root Picture-default lazyload\" data-src=\"https:\/\/mfes.b37m.ru\/actualidad\/public_images\/2025.12\/thumbnail\/6939f35ee9ff7123670cfc4e.jpg\" alt=\"Trump tiene discusiones &quot;bastante duras&quot; con Europa sobre el conflicto en Ucrania\"\/><\/source><\/source><\/picture><!-- noscript pattern --><img decoding=\"async\" src=\"https:\/\/mfes.b37m.ru\/actualidad\/public_images\/2025.12\/article\/6939f35ee9ff7123670cfc4e.jpg\" alt=\"Trump tiene discusiones &quot;bastante duras&quot; con Europa sobre el conflicto en Ucrania\"\/>    <\/div>\n<\/p><\/div>\n<\/article><\/div>\n<\/p><\/div>\n<p>El mandatario se\u00f1al\u00f3 que se trata de un\u00a0proceso\u00a0\u00abun poco complicado porque <strong>se est\u00e1n dividiendo el territorio de cierta manera<\/strong>\u00ab.\u00a0Adem\u00e1s, compar\u00f3 el proceso con \u00abun negocio inmobiliario complejo multiplicado por mil\u00bb. \u00abNo es lo m\u00e1s f\u00e1cil\u00bb, agreg\u00f3.<\/p>\n<p>Al mismo tiempo, Trump enfatiz\u00f3 que,<strong> exceptuando\u00a0el\u00a0l\u00edder del r\u00e9gimen ucraniano, Vlad\u00edmir Zelenski<\/strong>\u00aba su gente le encant\u00f3 el concepto del acuerdo\u00bb propuesto por Washington. <\/p>\n<h3>Contactos de EE.UU. con Rusia y Ucrania<\/h3>\n<ul>\n<li>Como parte de los esfuerzos de paz, altos representantes de EE.UU. se reunieron el 30 de noviembre con una delegaci\u00f3n ucraniana en Florida y\u00a0despu\u00e9s\u00a0el pasado\u00a0martes en Mosc\u00fa con el presidente ruso, Vlad\u00edmir Putin.<\/li>\n<\/ul>\n<ul>\n<li>La propuesta inicial de paz de EE.UU., que se conoci\u00f3 el mes pasado, fue <strong>parcialmente modificada<\/strong> durante las consultas celebradas con la parte ucraniana el pasado 23 de noviembre en la ciudad suiza de Ginebra y posteriormente en Florida.<em\/><\/li>\n<\/ul>\n<div class=\"ReadMore-root Section-root Section-is1to3-xs_is1to1\" data-widgets=\"ReadMore\">\n<div class=\"Section-container Section-isRow-isTop-isWrap\">\n<article class=\"Card-root Card-is1to1 Card-default \">\n<div class=\"Card-imageWrap\">\n<div class=\"Card-picture\">\n<picture class=\"Picture-root Picture-default\"><!--[if IE 9]><video style=\"display: none;\"><![endif]--><source media=\"(-webkit-min-device-pixel-ratio: 2) and (min-resolution: 120dpi)\" data-srcset=\"&#10;                                            https:\/\/mfes.b37m.ru\/actualidad\/public_images\/2025.12\/thumbnail\/693a964de9ff7139ea0bd967.jpg 850w,&#10;                                    https:\/\/mfes.b37m.ru\/actualidad\/public_images\/2025.12\/article\/693a964be9ff7139ea0bd966.jpg 1960w,            \" srcset=\"&#10;                                    data:image\/png;base64,iVBORw0KGgoAAAANSUhEUgAAABAAAAAJCAQAAACRI2S5AAAAEElEQVR42mNkIAAYRxWAAQAG9gAKqv6+AwAAAABJRU5ErkJggg==&#10;                            \"><source data-srcset=\"&#10;                                            https:\/\/mfes.b37m.ru\/actualidad\/public_images\/2025.12\/thumbnail\/693a964de9ff7139ea0bd967.jpg 460,&#10;                                  https:\/\/mfes.b37m.ru\/actualidad\/public_images\/2025.12\/article\/693a964be9ff7139ea0bd966.jpg 980w,&#10;            \" srcset=\"&#10;                                    data:image\/png;base64,iVBORw0KGgoAAAANSUhEUgAAABAAAAAJCAQAAACRI2S5AAAAEElEQVR42mNkIAAYRxWAAQAG9gAKqv6+AwAAAABJRU5ErkJggg==&#10;                            \"><!--[if IE 9]><\/video><![endif]--><img decoding=\"async\" data-sizes=\"auto\" src=\"&#10;                                    data:image\/png;base64,iVBORw0KGgoAAAANSUhEUgAAABAAAAAJCAQAAACRI2S5AAAAEElEQVR42mNkIAAYRxWAAQAG9gAKqv6+AwAAAABJRU5ErkJggg==&#10;                            \" class=\"Picture-root Picture-default lazyload\" data-src=\"https:\/\/mfes.b37m.ru\/actualidad\/public_images\/2025.12\/thumbnail\/693a964de9ff7139ea0bd967.jpg\" alt=\"Lavrov responde sobre cu\u00e1ndo terminar\u00e1 el conflicto ucraniano\"\/><\/source><\/source><\/picture><!-- noscript pattern --><img decoding=\"async\" src=\"https:\/\/mfes.b37m.ru\/actualidad\/public_images\/2025.12\/article\/693a964be9ff7139ea0bd966.jpg\" alt=\"Lavrov responde sobre cu\u00e1ndo terminar\u00e1 el conflicto ucraniano\"\/>    <\/div>\n<\/p><\/div>\n<\/article><\/div>\n<\/p><\/div>\n<ul>\n<li>Por su parte, el l\u00edder\u00a0ruso\u00a0describi\u00f3\u00a0como \u00fatiles las conversaciones con Washington precisando que, entre las cuestiones debatidas durante el encuentro, se abordaron propuestas estadounidenses sobre el arreglo en el conflicto ucraniano con las que Mosc\u00fa no estaba de acuerdo.<\/li>\n<\/ul>\n<ul>\n<li>\n<p>En junio de 2024,\u00a0Putin enumer\u00f3 las condiciones para iniciar las negociaciones de paz con Ucrania: la retirada completa de las tropas de Kiev de las rep\u00fablicas populares de Donetsk y Lugansk, as\u00ed como de las provincias de Zaporozhie y Jers\u00f3n, reincorporadas a Rusia tras los referendos celebrados en 2022, y el reconocimiento de estos territorios, as\u00ed como de Crimea y Sebastopol, como sujetos de la Federaci\u00f3n de Rusia.\u00a0Adem\u00e1s, el mandatario se\u00f1al\u00f3 que la posici\u00f3n inamovible de Mosc\u00fa consiste en \u00abel <strong>estatus neutral, no alineado, desnuclearizado de Ucrania<\/strong>as\u00ed como su desmilitarizaci\u00f3n y desnazificaci\u00f3n\u00bb.\u00a0La parte rusa\u00a0se adhiere\u00a0a estas cuestiones clave en las negociaciones actuales sobre el plan de paz para el conflicto ucraniano.<\/p>\n<\/li>\n<\/ul>\n<\/div>\n\n","protected":false},"excerpt":{"rendered":"<p>El presidente de EE.UU., Donald Trump, declar\u00f3 este jueves que Washington ha quitado algo\u00a0de\u00a0su plan con el que pretende resolver\u00a0el conflicto entre Rusia y Ucrania. \u00abQuitamos algo [del plan de paz]indic\u00f3 a la prensa en la Casa Blanca, detallando que el proyecto tiene \u00abcuatro o cinco partes diferentes\u00ab. El mandatario se\u00f1al\u00f3 que se trata de &hellip;<\/p>\n","protected":false},"author":1,"featured_media":53615,"comment_status":"open","ping_status":"open","sticky":false,"template":"","format":"standard","meta":{"fifu_image_url":"https:\/\/mfes.b37m.ru\/actualidad\/public_images\/2025.12\/article\/693bd4d759bf5b2da94d3fb9.jpg","fifu_image_alt":"","footnotes":""},"categories":[13],"tags":[],"class_list":["post-53613","post","type-post","status-publish","format-standard","has-post-thumbnail","","category-mundo"],"_links":{"self":[{"href":"https:\/\/noticiasveraces.com\/index.php?rest_route=\/wp\/v2\/posts\/53613","targetHints":{"allow":["GET"]}}],"collection":[{"href":"https:\/\/noticiasveraces.com\/index.php?rest_route=\/wp\/v2\/posts"}],"about":[{"href":"https:\/\/noticiasveraces.com\/index.php?rest_route=\/wp\/v2\/types\/post"}],"author":[{"embeddable":true,"href":"https:\/\/noticiasveraces.com\/index.php?rest_route=\/wp\/v2\/users\/1"}],"replies":[{"embeddable":true,"href":"https:\/\/noticiasveraces.com\/index.php?rest_route=%2Fwp%2Fv2%2Fcomments&post=53613"}],"version-history":[{"count":0,"href":"https:\/\/noticiasveraces.com\/index.php?rest_route=\/wp\/v2\/posts\/53613\/revisions"}],"wp:featuredmedia":[{"embeddable":true,"href":"https:\/\/noticiasveraces.com\/index.php?rest_route=\/wp\/v2\/media\/53615"}],"wp:attachment":[{"href":"https:\/\/noticiasveraces.com\/index.php?rest_route=%2Fwp%2Fv2%2Fmedia&parent=53613"}],"wp:term":[{"taxonomy":"category","embeddable":true,"href":"https:\/\/noticiasveraces.com\/index.php?rest_route=%2Fwp%2Fv2%2Fcategories&post=53613"},{"taxonomy":"post_tag","embeddable":true,"href":"https:\/\/noticiasveraces.com\/index.php?rest_route=%2Fwp%2Fv2%2Ftags&post=53613"}],"curies":[{"name":"wp","href":"https:\/\/api.w.org\/{rel}","templated":true}]}}