{"id":53605,"date":"2025-12-12T08:23:45","date_gmt":"2025-12-12T12:23:45","guid":{"rendered":"https:\/\/noticiasveraces.com\/?p=53605"},"modified":"2025-12-12T08:23:45","modified_gmt":"2025-12-12T12:23:45","slug":"fiscalia-de-peru-pide-ocho-anos-y-medio-de-carcel-para-expresidente-kuczynski-por-colusion","status":"publish","type":"post","link":"https:\/\/noticiasveraces.com\/?p=53605","title":{"rendered":"Fiscal\u00eda de Per\u00fa pide ocho a\u00f1os y medio de c\u00e1rcel para expresidente Kuczynski por colusi\u00f3n"},"content":{"rendered":"<p> \n<\/p>\n<div>\n<p>El Ministerio P\u00fablico de Per\u00fa, a trav\u00e9s del equipo especial Lava Jato de la Fiscal\u00eda, solicit\u00f3 tambi\u00e9n en su acusaci\u00f3n una pena de ocho a\u00f1os y medio de prisi\u00f3n para Jos\u00e9 Ortiz, y de nueve a\u00f1os para otros siete acusados, entre ellos Sergio Bravo, Alberto Pasco-Font, Glodomiro S\u00e1nchez, David Lemor, Ren\u00e9 Cornejo, Aldo Bresani y Vicente Campod\u00f3nico<\/p>\n<p style=\"text-align:justify\">La acusaci\u00f3n de la fiscal Diana Canchihuam\u00e1n, que integra el grupo especial, asegur\u00f3 que el expresidente Kuczynski\u00a0aprovech\u00f3 su condici\u00f3n de ministro de Econom\u00eda y Finanzas y presidente del Consejo Directivo de Proinversi\u00f3n (2004-2005) para sostener reuniones con Jorge Barata, director de Odebrecht\u00a0en Per\u00fa, para presuntamente favorecer a la empresa brasile\u00f1a en esta licitaci\u00f3n.<\/p>\n<div id=\"em-WBMZ356788-F24-ES-20251212\" class=\"m-em-flash\" data-xtwitter-script=\"\"><figcaption class=\"a-figcaption\">\n<\/figcaption><div class=\"o-em-consent \">\n<div class=\"o-em-consent__content\">\n<p class=\"o-em-consent__content__text\">Para mostrar este contenido de X (Twitter), debe autorizar las cookies de medici\u00f3n de audiencia y publicidad.<\/p>\n<p>        <button class=\"a-master-button a-master-button--dark\" data-action=\"accept\">Aceptar<i class=\"a-svg a-svg--icon-check\"\/><\/button><br \/>\n        <button class=\"a-link\" data-action=\"manage\">Gestionar mis opciones<i class=\"a-svg a-svg--icon-edit\"\/><\/button>\n    <\/div>\n<\/div>\n<\/div>\n<p style=\"text-align:justify\">En este concurso p\u00fablico, Odebrecht particip\u00f3 en un consorcio integrado junto a otra constructora brasile\u00f1a, Andrade Guti\u00e9rrez, y a la peruana Gra\u00f1a y Montero.<\/p>\n<p style=\"text-align:justify\">\u00abDicho favorecimiento se habr\u00eda obtenido a trav\u00e9s de la adjudicaci\u00f3n de la buena pro [acto administrativo final en un proceso de licitaci\u00f3n] y el contrato de concesi\u00f3n, en desmedro de los intereses del Estado, lo que represent\u00f3 un perjuicio econ\u00f3mico al pa\u00eds por un equivalente a 108,4 millones de d\u00f3lares\u00bb, asever\u00f3 el Ministerio P\u00fablico.<\/p>\n<h3><strong>Candidatura a pesar de las causas contra PPK<\/strong><\/h3>\n<p style=\"text-align:justify\">Kuczynski, que durante tres a\u00f1os estuvo bajo arresto domiciliario, debe enfrentar tambi\u00e9n a sus 87 a\u00f1os un juicio donde la Fiscal\u00eda pide para \u00e9l una pena de 35 a\u00f1os de c\u00e1rcel por lavado de dinero al, supuestamente, haber recibido sobornos de Odebrecht cuando era ministro del Gobierno del entonces presidente Alejandro Toledo (2001-2006), bajo la presunta apariencia de consultor\u00edas de su empresa Westfield Capital.<\/p>\n<p style=\"text-align:justify\">En junio, Kuczynski fue detenido por las autoridades del pa\u00eds andino cuando intentaba salir del territorio, d\u00edas antes de que el Poder Judicial, a petici\u00f3n de la Fiscal\u00eda, realizara una evaluaci\u00f3n para ordenar su permanencia en Per\u00fa por los procesos judiciales que enfrenta.<\/p>\n<div id=\"em-WBMZ356789-F24-ES-20251212\" class=\"m-em-flash\" data-xtwitter-script=\"\"><figcaption class=\"a-figcaption\">\n<\/figcaption><div class=\"o-em-consent \">\n<div class=\"o-em-consent__content\">\n<p class=\"o-em-consent__content__text\">Para mostrar este contenido de X (Twitter), debe autorizar las cookies de medici\u00f3n de audiencia y publicidad.<\/p>\n<p>        <button class=\"a-master-button a-master-button--dark\" data-action=\"accept\">Aceptar<i class=\"a-svg a-svg--icon-check\"\/><\/button><br \/>\n        <button class=\"a-link\" data-action=\"manage\">Gestionar mis opciones<i class=\"a-svg a-svg--icon-edit\"\/><\/button>\n    <\/div>\n<\/div>\n<\/div>\n<p style=\"text-align:justify\">En medio de los procesos penales en su contra, el expresidente ha anunciado su candidatura para senador en las pr\u00f3ximas elecciones de 2026, lo que le conferir\u00eda nuevamente inmunidad en caso de conseguir ser elegido para esa funci\u00f3n.<\/p>\n<h3><strong>Odebrecht: los esc\u00e1ndalos de la constructora brasile\u00f1a en Per\u00fa<\/strong><\/h3>\n<p style=\"text-align:justify\">El caso Odebrecht salt\u00f3 a la luz a finales de 2016, al descubrirse que la constructora brasile\u00f1a hab\u00eda pagado entre 2005 y 2014 sobornos en m\u00e1s de una decena de pa\u00edses de Am\u00e9rica Latina y tambi\u00e9n hab\u00eda financiado de manera irregular las campa\u00f1as electorales de distintos candidatos.<\/p>\n<p style=\"text-align:justify\">En Per\u00fa ha llevado a que sean condenados a otros expresidentes y Keiko Fujimori, hija y heredera pol\u00edtica de Alberto Fujimori (1990-2000), estuvo casi a\u00f1o y medio en prisi\u00f3n preventiva.<\/p>\n<p style=\"text-align:justify\">En el caso de los exmandatarios se encuentra\u00a0 Alejandro Toledo (2001\u20132006) quien fue condenado en octubre de 2024 a 20 a\u00f1os y 6 meses por colusi\u00f3n y lavado de activos, tras los sobornos de Odebrecht por adjudicaci\u00f3n de tramos de la Carretera Interoce\u00e1nica. Cumple condena en Barbadillo, conocida como la prisi\u00f3n de los expresidentes, tras ser extraditado desde EE.UU. en 2023.<\/p>\n<div class=\"m-em-image\">\n<figure class=\"m-item-image m-item-image--original m-item-image--has-caption\">\n<picture class=\"a-picture a-picture--original\"><source type=\"image\/webp\" srcset=\"https:\/\/s.france24.com\/media\/display\/17a17c70-c638-11eb-97c9-005056a917b9\/w:246\/3730b1a659f8b4fe62ba1993332102f449abba0c.webp 246w,https:\/\/s.france24.com\/media\/display\/17a17c70-c638-11eb-97c9-005056a917b9\/w:388\/3730b1a659f8b4fe62ba1993332102f449abba0c.webp 388w,https:\/\/s.france24.com\/media\/display\/17a17c70-c638-11eb-97c9-005056a917b9\/w:720\/3730b1a659f8b4fe62ba1993332102f449abba0c.webp 720w,https:\/\/s.france24.com\/media\/display\/17a17c70-c638-11eb-97c9-005056a917b9\/w:980\/3730b1a659f8b4fe62ba1993332102f449abba0c.webp 980w\" sizes=\"(max-width: 1023px) calc(100vw - 32px), (min-width: 1024px) 850px\"><img decoding=\"async\" fetchpriority=\"low\" src=\"https:\/\/s.france24.com\/media\/display\/17a17c70-c638-11eb-97c9-005056a917b9\/w:980\/3730b1a659f8b4fe62ba1993332102f449abba0c.jpg\" srcset=\"https:\/\/s.france24.com\/media\/display\/17a17c70-c638-11eb-97c9-005056a917b9\/w:246\/3730b1a659f8b4fe62ba1993332102f449abba0c.jpg 246w,https:\/\/s.france24.com\/media\/display\/17a17c70-c638-11eb-97c9-005056a917b9\/w:388\/3730b1a659f8b4fe62ba1993332102f449abba0c.jpg 388w,https:\/\/s.france24.com\/media\/display\/17a17c70-c638-11eb-97c9-005056a917b9\/w:720\/3730b1a659f8b4fe62ba1993332102f449abba0c.jpg 720w,https:\/\/s.france24.com\/media\/display\/17a17c70-c638-11eb-97c9-005056a917b9\/w:980\/3730b1a659f8b4fe62ba1993332102f449abba0c.jpg 980w\" sizes=\"(max-width: 1023px) calc(100vw - 32px), (min-width: 1024px) 850px\" alt=\"Expresidentes peruanos:&#10;(arriba, I a D) Alberto Fujimori (1990-2000), Alejandro Toledo (2001-2006), Alan Garc\u00eda (1985-1990 y 2006-2011)&#10;(abajo, I a D) Ollanta Humala (2011-2016), Pedro Pablo Kuczynski (2016-2018), Mart\u00edn Vizcarra (2018-2020)\" style=\"max-height:767px\" loading=\"lazy\" class=\"a-img \"\/><\/source><\/picture><figcaption class=\"a-figcaption\">\n                <span>Expresidentes peruanos:<br \/>\n(arriba, I a D) Alberto Fujimori (1990-2000), Alejandro Toledo (2001-2006), Alan Garc\u00eda (1985-1990 y 2006-2011)<br \/>\n(abajo, I a D) Ollanta Humala (2011-2016), Pedro Pablo Kuczynski (2016-2018), Mart\u00edn Vizcarra (2018-2020)<\/span>                <span>  AFP\/Archivos<\/span>            <\/figcaption><\/figure>\n<\/p><\/div>\n<p style=\"text-align:justify\">En tanto, Ollanta Humala (2011\u20132016) el 15 de abril de 2025 fue sentenciado a 15 a\u00f1os de prisi\u00f3n por lavado de activos por la recepci\u00f3n de dinero ilegal de Odebrecht y del Gobierno de Venezuela para sus campa\u00f1as. Cumple condena en Barbadillo.<\/p>\n<p style=\"text-align:justify\">Mart\u00edn Vizcarra (2018\u20132020) fue condenado el 26 de noviembre a 14 a\u00f1os de prisi\u00f3n por el delito de cohecho pasivo propio al considerar el tribunal a cargo del juicio que recibi\u00f3 m\u00e1s de 2,3 millones de soles (unos 700.000 d\u00f3lares) cuando fue gobernador de la sure\u00f1a regi\u00f3n de Moquegua (2011-2014), antes de ser jefe de Estado.<\/p>\n<p style=\"text-align:justify\">Mientras que Alan Garc\u00eda (1985-1990 y 2006-2011) se suicid\u00f3 antes de ser detenido.<\/p>\n<p><em>Con EFE y medios locales<\/em><\/p>\n<\/p><\/div>\n\n","protected":false},"excerpt":{"rendered":"<p>El Ministerio P\u00fablico de Per\u00fa, a trav\u00e9s del equipo especial Lava Jato de la Fiscal\u00eda, solicit\u00f3 tambi\u00e9n en su acusaci\u00f3n una pena de ocho a\u00f1os y medio de prisi\u00f3n para Jos\u00e9 Ortiz, y de nueve a\u00f1os para otros siete acusados, entre ellos Sergio Bravo, Alberto Pasco-Font, Glodomiro S\u00e1nchez, David Lemor, Ren\u00e9 Cornejo, Aldo Bresani y &hellip;<\/p>\n","protected":false},"author":1,"featured_media":53607,"comment_status":"open","ping_status":"open","sticky":false,"template":"","format":"standard","meta":{"fifu_image_url":"https:\/\/s.france24.com\/media\/display\/f843c00a-f10e-11ed-bd4d-005056a90284\/w:1280\/p:16x9\/51b0280f931fcffa9214131bf9a9c3eb86b5ced4.jpg","fifu_image_alt":"","footnotes":""},"categories":[13],"tags":[],"class_list":["post-53605","post","type-post","status-publish","format-standard","has-post-thumbnail","","category-mundo"],"_links":{"self":[{"href":"https:\/\/noticiasveraces.com\/index.php?rest_route=\/wp\/v2\/posts\/53605","targetHints":{"allow":["GET"]}}],"collection":[{"href":"https:\/\/noticiasveraces.com\/index.php?rest_route=\/wp\/v2\/posts"}],"about":[{"href":"https:\/\/noticiasveraces.com\/index.php?rest_route=\/wp\/v2\/types\/post"}],"author":[{"embeddable":true,"href":"https:\/\/noticiasveraces.com\/index.php?rest_route=\/wp\/v2\/users\/1"}],"replies":[{"embeddable":true,"href":"https:\/\/noticiasveraces.com\/index.php?rest_route=%2Fwp%2Fv2%2Fcomments&post=53605"}],"version-history":[{"count":0,"href":"https:\/\/noticiasveraces.com\/index.php?rest_route=\/wp\/v2\/posts\/53605\/revisions"}],"wp:featuredmedia":[{"embeddable":true,"href":"https:\/\/noticiasveraces.com\/index.php?rest_route=\/wp\/v2\/media\/53607"}],"wp:attachment":[{"href":"https:\/\/noticiasveraces.com\/index.php?rest_route=%2Fwp%2Fv2%2Fmedia&parent=53605"}],"wp:term":[{"taxonomy":"category","embeddable":true,"href":"https:\/\/noticiasveraces.com\/index.php?rest_route=%2Fwp%2Fv2%2Fcategories&post=53605"},{"taxonomy":"post_tag","embeddable":true,"href":"https:\/\/noticiasveraces.com\/index.php?rest_route=%2Fwp%2Fv2%2Ftags&post=53605"}],"curies":[{"name":"wp","href":"https:\/\/api.w.org\/{rel}","templated":true}]}}