{"id":53600,"date":"2025-12-12T07:19:30","date_gmt":"2025-12-12T11:19:30","guid":{"rendered":"https:\/\/noticiasveraces.com\/?p=53600"},"modified":"2025-12-12T07:19:30","modified_gmt":"2025-12-12T11:19:30","slug":"a-julian-creo-que-le-paso-lo-mismo","status":"publish","type":"post","link":"https:\/\/noticiasveraces.com\/?p=53600","title":{"rendered":"\u00abA Juli\u00e1n creo que le pas\u00f3 lo mismo\u00bb"},"content":{"rendered":"<p> \n<\/p>\n<div>\n<p data-mrf-recirculation=\"Links P\u00e1rrafos\" class=\"ue-c-article__paragraph paragraph xai-icon-container ue-c-article--first-letter-highlighted\">Es una de las figuras hist\u00f3ricas del f\u00fatbol espa\u00f1ol, y quiz\u00e1s, como podr\u00eda estar ocurri\u00e9ndole a un nombre actual de la Selecci\u00f3n <strong>(Fabi\u00e1n Ruiz)<\/strong> en Espa\u00f1a no se le haya dado el reconocimiento que, sin duda, se ha merecido a lo largo de su carrera. <span class=\"xai-icon\"\/><\/p>\n<p data-mrf-recirculation=\"Links P\u00e1rrafos\" class=\"ue-c-article__paragraph paragraph xai-icon-container\">David Silva se granje\u00f3 una carrera importante en Espa\u00f1a, en equipos como el <strong>Celta, el Eibar, y sobre el Valencia,<\/strong> pero por el hecho de no haber recalado en uno de los grandes del f\u00fatbol nacional, su nombre no dio el salto hasta que se fue a la Premier League.  <span\/><span class=\"xai-icon\"\/><\/p>\n<p data-mrf-recirculation=\"Links P\u00e1rrafos\" class=\"ue-c-article__paragraph paragraph xai-icon-container\"><strong>\u00abAl final si no juegas en el Real Madrid o en el Barcelona, tienes menos repercusi\u00f3n a nivel medi\u00e1tico\u00bb<\/strong>confirma el exfutbolista canario en El Camino de Mario, el podcast de Mario Su\u00e1rez.<span class=\"xai-icon\"\/><\/p>\n<p data-mrf-recirculation=\"Links P\u00e1rrafos\" class=\"ue-c-article__paragraph paragraph xai-icon-container\">Sin embargo, en su caso, tuvo esa oportunidad que muchos jugadores a corta edad optaron a fichar por un grande.<span\/><span class=\"xai-icon\"\/><\/p>\n<p data-mrf-recirculation=\"Links P\u00e1rrafos\" class=\"ue-c-article__paragraph paragraph xai-icon-container\">\u00abCon 12 a\u00f1os lleg\u00f3 a Madrid a hacer una prueba como una semana. Me dijeron que me llamar\u00edan al a\u00f1o siguiente.<strong> A Juli\u00e1n \u00c1lvarez creo que tambi\u00e9n le pas\u00f3 algo parecido.<\/strong> Son cosas que en su momento no son f\u00e1ciles de ver cuando eres joven\u00bb, confirma el canario.<span\/><span class=\"xai-icon\"\/><\/p>\n<p data-mrf-recirculation=\"Links P\u00e1rrafos\" class=\"ue-c-article__paragraph paragraph xai-icon-container\">Con 14 a\u00f1os llega el Valencia y ah\u00ed s\u00ed se va, en el a\u00f1o 2000. Los primeros a\u00f1os fueron duros. Se supera aguantando. \u00ab<strong>Al final sirvi\u00f3 para madurar m\u00e1s r\u00e1pido. A m\u00ed me fue bien, pero gracias al apoyo de la familia\u00bb. <\/strong><span\/><span class=\"xai-icon\"\/><\/p>\n<figure class=\"ue-c-article__media ue-c-article__media--image\">\n<div class=\"ue-c-article__media-img-container ue-l-article--expand-edge-right-until-tablet ue-l-article--expand-edge-left-until-tablet\"><picture><source type=\"image\/webp\" sizes=\"(min-width: 1010px) 660px, (min-width: 980px) calc(100vw - 350px), (min-width: 740px) calc(100vw - 320px), 100vw\" srcset=\"https:\/\/objetos-xlk.estaticos-marca.com\/files\/article_360_widen_webp\/uploads\/2025\/12\/12\/693bf03010d9e.webp 360w,https:\/\/objetos-xlk.estaticos-marca.com\/files\/article_375_widen_webp\/uploads\/2025\/12\/12\/693bf03010d9e.webp 375w,https:\/\/objetos-xlk.estaticos-marca.com\/files\/article_414_widen_webp\/uploads\/2025\/12\/12\/693bf03010d9e.webp 414w,https:\/\/objetos-xlk.estaticos-marca.com\/files\/article_660_widen_webp\/uploads\/2025\/12\/12\/693bf03010d9e.webp 660w,https:\/\/objetos-xlk.estaticos-marca.com\/files\/article_720_widen_webp\/uploads\/2025\/12\/12\/693bf03010d9e.webp 720w,https:\/\/objetos-xlk.estaticos-marca.com\/files\/article_750_widen_webp\/uploads\/2025\/12\/12\/693bf03010d9e.webp 750w,https:\/\/objetos-xlk.estaticos-marca.com\/files\/article_828_widen_webp\/uploads\/2025\/12\/12\/693bf03010d9e.webp 828w,https:\/\/objetos-xlk.estaticos-marca.com\/files\/article_1320_widen_webp\/uploads\/2025\/12\/12\/693bf03010d9e.webp 1320w\"><source type=\"image\/jpeg\" sizes=\"(min-width: 1010px) 660px, (min-width: 980px) calc(100vw - 350px), (min-width: 740px) calc(100vw - 320px), 100vw\" srcset=\"https:\/\/objetos-xlk.estaticos-marca.com\/files\/article_360_widen\/uploads\/2025\/12\/12\/693bf03010d9e.jpeg 360w,https:\/\/objetos-xlk.estaticos-marca.com\/files\/article_375_widen\/uploads\/2025\/12\/12\/693bf03010d9e.jpeg 375w,https:\/\/objetos-xlk.estaticos-marca.com\/files\/article_414_widen\/uploads\/2025\/12\/12\/693bf03010d9e.jpeg 414w,https:\/\/objetos-xlk.estaticos-marca.com\/files\/article_660_widen\/uploads\/2025\/12\/12\/693bf03010d9e.jpeg 660w,https:\/\/objetos-xlk.estaticos-marca.com\/files\/article_720_widen\/uploads\/2025\/12\/12\/693bf03010d9e.jpeg 720w,https:\/\/objetos-xlk.estaticos-marca.com\/files\/article_750_widen\/uploads\/2025\/12\/12\/693bf03010d9e.jpeg 750w,https:\/\/objetos-xlk.estaticos-marca.com\/files\/article_828_widen\/uploads\/2025\/12\/12\/693bf03010d9e.jpeg 828w,https:\/\/objetos-xlk.estaticos-marca.com\/files\/article_1320_widen\/uploads\/2025\/12\/12\/693bf03010d9e.jpeg 1320w\"><img decoding=\"async\" width=\"1980\" height=\"1292\" class=\"ue-c-article__image lazyload\" alt=\"David Silva y Mario Su\u00e1rez, durante la entrevista\" loading=\"lazy\" src=\"https:\/\/objetos-xlk.estaticos-marca.com\/uploads\/2025\/12\/12\/693bf03010d9e.jpeg\"\/><\/source><\/source><\/picture><\/div><figcaption class=\"ue-c-article__media-caption\">\n<p><span class=\"ue-c-article__media-description\">David Silva y Mario Su\u00e1rez, durante la entrevista<\/span><\/p>\n<\/figcaption><\/figure>\n<h2 class=\"ue-c-article__subheadline\">Espa\u00f1a<\/h2>\n<p data-mrf-recirculation=\"Links P\u00e1rrafos\" class=\"ue-c-article__paragraph paragraph xai-icon-container\">David Silva debuta con Espa\u00f1a ante Ruman\u00eda, partido que se perdi\u00f3 0-1. Confirma que fue una \u00e9poca complicada, durante la primera Eurocopa, la de Luis Aragon\u00e9s. <strong>\u00abEra desagradable las cosas que se dec\u00edan. Parec\u00eda que entrenando en casa, est\u00e1bamos en el extranjero\u00bb<\/strong>recuerda, aunque asegura que Luis Aragon\u00e9s fue como un padre para \u00e9l. \u00abMe dec\u00eda que yo era vasco, que no era canario\u00bb.<span\/><span class=\"xai-icon\"\/><\/p>\n<blockquote class=\"ue-c-article__blockquote\">\n<p>\u00abLa clave fue el buen ambiente que ten\u00edamos, pero Luis dio confianza tambi\u00e9n a los que no jugaban<\/p>\n<p><span class=\"ue-c-article__blockquote-author\">David Silva<\/span><\/p><\/blockquote>\n<p data-mrf-recirculation=\"Links P\u00e1rrafos\" class=\"ue-c-article__paragraph paragraph xai-icon-container\">\u00abLa clave fue el buen ambiente que ten\u00edamos, pero Luis dio confianza tambi\u00e9n a los que no jugaban. <strong>Nos sent\u00edamos todos parte de \u00e9l. Nosotros est\u00e1bamos muy tranquilos.<\/strong> Dar una alegr\u00eda as\u00ed en 2008, que est\u00e1bamos en crisis. A m\u00ed me cambi\u00f3 por la magnitud de lo conseguido. De poder salir a la calle a no poder salir\u00bb, asume el exfutbolista, para quien<strong> su trofeo con la Selecci\u00f3n m\u00e1s importante fue el conquistado en 2008.<\/strong><span\/><span class=\"xai-icon\"\/><\/p>\n<h2 class=\"ue-c-article__subheadline\">El City<\/h2>\n<p data-mrf-recirculation=\"Links P\u00e1rrafos\" class=\"ue-c-article__paragraph paragraph xai-icon-container\"><strong>Roberto Mancini<\/strong> me ficha para el City y, antes del Mundial, quer\u00eda dejarlo ya atado.<strong> El Madrid tambi\u00e9n estaba por ah\u00ed en esa \u00e9poca. E incluso en la primera Eurocopa tambi\u00e9n habl\u00e9 con Txiki Beguiristain pero en aquella \u00e9poca el Valencia no vend\u00eda.<\/strong> \u00bfA qui\u00e9n no le gustar\u00eda jugar en el Real Madrid y en el Barcelona? Pero al final, tom\u00e9 la mejor decisi\u00f3n, que fue irme al Manchester City. Estuve 10 a\u00f1os all\u00ed maravillosos. <span class=\"xai-icon\"\/><\/p>\n<blockquote class=\"ue-c-article__blockquote\">\n<p>La mejor decisi\u00f3n de mi carrera fue irme al Manchester City<\/p>\n<p><span class=\"ue-c-article__blockquote-author\">David Silva<\/span><\/p><\/blockquote>\n<p data-mrf-recirculation=\"Links P\u00e1rrafos\" class=\"ue-c-article__paragraph paragraph xai-icon-container\">\u00abInglaterra tiene algo diferente. La gente con el f\u00fatbol es una pasada. Es una religi\u00f3n. <strong>Me cost\u00f3 un par de meses adaptarme<\/strong>. O me pongo bien f\u00edsicamente o estoy muerto\u00bb, confirma David Silva, de qui\u00e9n habla maravillas de Carlos T\u00e9vez. <span class=\"xai-icon\"\/><\/p>\n<p data-mrf-recirculation=\"Links P\u00e1rrafos\" class=\"ue-c-article__paragraph paragraph xai-icon-container\">Un recuerdo sin duda imborrable fue compartir vestuario con Pep Guardiola. \u00abCon \u00e9l empiezo a jugar en el medio. Trabajar con \u00e9l es otro nivel. Lo ten\u00eda todo preparado. Lo peor es que muy mani\u00e1tico. <strong>No te da mucha libertad para hacerlo a tu manera.<\/strong> No me pude despedir por el Covid, porque cuando haces 10 a\u00f1os en el club, te hacen un partido homenaje. Pero tengo mi estatua\u00bb, celebra Silva, quien se convirti\u00f3 en algo as\u00ed como un padrino para una de las actuales estrellas del City, <strong>Pie de Phil.<\/strong><span class=\"xai-icon\"\/><\/p>\n<\/div>\n\n","protected":false},"excerpt":{"rendered":"<p>Es una de las figuras hist\u00f3ricas del f\u00fatbol espa\u00f1ol, y quiz\u00e1s, como podr\u00eda estar ocurri\u00e9ndole a un nombre actual de la Selecci\u00f3n (Fabi\u00e1n Ruiz) en Espa\u00f1a no se le haya dado el reconocimiento que, sin duda, se ha merecido a lo largo de su carrera. David Silva se granje\u00f3 una carrera importante en Espa\u00f1a, en &hellip;<\/p>\n","protected":false},"author":1,"featured_media":53602,"comment_status":"open","ping_status":"open","sticky":false,"template":"","format":"standard","meta":{"fifu_image_url":"https:\/\/objetos-xlk.estaticos-marca.com\/files\/article_main_microformat\/\/uploads\/2025\/12\/12\/693bf0be62827.jpeg","fifu_image_alt":"","footnotes":""},"categories":[6],"tags":[],"class_list":["post-53600","post","type-post","status-publish","format-standard","has-post-thumbnail","","category-deportes"],"_links":{"self":[{"href":"https:\/\/noticiasveraces.com\/index.php?rest_route=\/wp\/v2\/posts\/53600","targetHints":{"allow":["GET"]}}],"collection":[{"href":"https:\/\/noticiasveraces.com\/index.php?rest_route=\/wp\/v2\/posts"}],"about":[{"href":"https:\/\/noticiasveraces.com\/index.php?rest_route=\/wp\/v2\/types\/post"}],"author":[{"embeddable":true,"href":"https:\/\/noticiasveraces.com\/index.php?rest_route=\/wp\/v2\/users\/1"}],"replies":[{"embeddable":true,"href":"https:\/\/noticiasveraces.com\/index.php?rest_route=%2Fwp%2Fv2%2Fcomments&post=53600"}],"version-history":[{"count":0,"href":"https:\/\/noticiasveraces.com\/index.php?rest_route=\/wp\/v2\/posts\/53600\/revisions"}],"wp:featuredmedia":[{"embeddable":true,"href":"https:\/\/noticiasveraces.com\/index.php?rest_route=\/wp\/v2\/media\/53602"}],"wp:attachment":[{"href":"https:\/\/noticiasveraces.com\/index.php?rest_route=%2Fwp%2Fv2%2Fmedia&parent=53600"}],"wp:term":[{"taxonomy":"category","embeddable":true,"href":"https:\/\/noticiasveraces.com\/index.php?rest_route=%2Fwp%2Fv2%2Fcategories&post=53600"},{"taxonomy":"post_tag","embeddable":true,"href":"https:\/\/noticiasveraces.com\/index.php?rest_route=%2Fwp%2Fv2%2Ftags&post=53600"}],"curies":[{"name":"wp","href":"https:\/\/api.w.org\/{rel}","templated":true}]}}