{"id":53573,"date":"2025-12-12T03:34:30","date_gmt":"2025-12-12T07:34:30","guid":{"rendered":"https:\/\/noticiasveraces.com\/?p=53573"},"modified":"2025-12-12T03:34:30","modified_gmt":"2025-12-12T07:34:30","slug":"reportaron-que-valencia-lidera-el-crecimiento-inmobiliario-con-un-alza-del-27-en-los-precios-el-diario-venezuela","status":"publish","type":"post","link":"https:\/\/noticiasveraces.com\/?p=53573","title":{"rendered":"Reportaron que Valencia lidera el crecimiento inmobiliario con un alza del 27 % en los precios &#8211; El Diario Venezuela"},"content":{"rendered":"<p> \n<\/p>\n<div>\n<p>El gremio inmobiliario realiz\u00f3 recientemente una encuesta en la que revel\u00f3 que en <strong>Valencia<\/strong>estado <strong>Carabobo<\/strong>los precios de los inmuebles han aumentado 27 % este a\u00f1o. La ciudad, adem\u00e1s, fue la que <strong>m\u00e1s crecimiento tuvo en este sector<\/strong>.<\/p>\n<p>De acuerdo con <strong>Adriana de Oliveira<\/strong>presidenta de la <strong>C\u00e1mara Inmobiliaria de Carabobo<\/strong>el incremento del negocio inmobiliario estuvo liderado por los mercados residenciales y comerciales, aunque el sector de oficinas y el industrial no registraron el mismo dinamismo.<\/p>\n<p>\u201cEn inmuebles residenciales, que para el tercer trimestre de este a\u00f1o estaban en 14,6 % aproximadamente, tiene perspectivas de cierre para el \u00faltimo trimestre del a\u00f1o en un 16 %. El comercial tambi\u00e9n, para el cierre de este trimestre tenemos un crecimiento de un 2,81 %; sin embargo, tenemos un decrecimiento en oficinas e inmuebles industriales\u201d, precis\u00f3 Oliveira en una entrevista para <em>Uni\u00f3n Radio.<\/em><\/p>\n<figure class=\"wp-block-image size-large\"><picture fetchpriority=\"high\" decoding=\"async\" class=\"wp-image-389347\"><source type=\"image\/webp\" srcset=\"https:\/\/eldiario.com\/wp-content\/uploads\/2022\/08\/04-Inmuebles-en-Caracas-El-Diario-Jose-Daniel-Ramos-760x507.jpg.webp 760w, https:\/\/eldiario.com\/wp-content\/uploads\/2022\/08\/04-Inmuebles-en-Caracas-El-Diario-Jose-Daniel-Ramos-300x200.jpg.webp 300w, https:\/\/eldiario.com\/wp-content\/uploads\/2022\/08\/04-Inmuebles-en-Caracas-El-Diario-Jose-Daniel-Ramos-768x512.jpg.webp 768w, https:\/\/eldiario.com\/wp-content\/uploads\/2022\/08\/04-Inmuebles-en-Caracas-El-Diario-Jose-Daniel-Ramos-1536x1024.jpg.webp 1536w, https:\/\/eldiario.com\/wp-content\/uploads\/2022\/08\/04-Inmuebles-en-Caracas-El-Diario-Jose-Daniel-Ramos-150x100.jpg.webp 150w, https:\/\/eldiario.com\/wp-content\/uploads\/2022\/08\/04-Inmuebles-en-Caracas-El-Diario-Jose-Daniel-Ramos.jpg.webp 1600w\" sizes=\"(max-width: 760px) 100vw, 760px\"\/><img fetchpriority=\"high\" decoding=\"async\" width=\"760\" height=\"507\" src=\"https:\/\/eldiario.com\/wp-content\/uploads\/2022\/08\/04-Inmuebles-en-Caracas-El-Diario-Jose-Daniel-Ramos-760x507.jpg\" alt=\"Inmuebles en Caracas costo precios apartamentos apartamento casa venezuela mercado inmobiliario Venezuela alquiler bienes ra\u00edces inmobiliaria edificios El Diario Jose Daniel Ramos\" srcset=\"https:\/\/eldiario.com\/wp-content\/uploads\/2022\/08\/04-Inmuebles-en-Caracas-El-Diario-Jose-Daniel-Ramos-760x507.jpg 760w, https:\/\/eldiario.com\/wp-content\/uploads\/2022\/08\/04-Inmuebles-en-Caracas-El-Diario-Jose-Daniel-Ramos-300x200.jpg 300w, https:\/\/eldiario.com\/wp-content\/uploads\/2022\/08\/04-Inmuebles-en-Caracas-El-Diario-Jose-Daniel-Ramos-768x512.jpg 768w, https:\/\/eldiario.com\/wp-content\/uploads\/2022\/08\/04-Inmuebles-en-Caracas-El-Diario-Jose-Daniel-Ramos-1536x1024.jpg 1536w, https:\/\/eldiario.com\/wp-content\/uploads\/2022\/08\/04-Inmuebles-en-Caracas-El-Diario-Jose-Daniel-Ramos-150x100.jpg 150w, https:\/\/eldiario.com\/wp-content\/uploads\/2022\/08\/04-Inmuebles-en-Caracas-El-Diario-Jose-Daniel-Ramos.jpg 1600w\" sizes=\"(max-width: 760px) 100vw, 760px\"\/>\n<\/picture><figcaption class=\"wp-element-caption\">Foto: Jos\u00e9 Daniel Ramos @danielj2511<\/figcaption><\/figure>\n<p>Por su parte, <strong>Pablo Gonz\u00e1lez<\/strong>presidente de la C\u00e1mara Inmobiliaria de Venezuela, se\u00f1al\u00f3 que <strong>otras ciudades del pa\u00eds<\/strong> tambi\u00e9n est\u00e1n experimentando una <strong>mejora en la demanda<\/strong>especialmente en cuanto a locales comerciales.<\/p>\n<p>\u201cCaracas, Maracaibo, Barquisimeto, Lecher\u00eda, Nueva Esparta se est\u00e1 viendo un interesante movimiento de demanda de metros cuadrados que, sin duda alguna, va a impactar de manera positiva en esas regiones. En las principales ciudades estimamos que debe existir un incremento de precios entre un 5 a 10 %\u201d, dijo el jefe gremial.<\/p>\n<h2 class=\"wp-block-heading\" id=\"h-reporte-del-crecimiento-del-negocio-inmobiliario-nbsp\"><strong>Reporte del crecimiento del negocio inmobiliario <\/strong><\/h2>\n<p>En abril de 2025, <strong>Fernando Di Ger\u00f3nimo<\/strong>presidente de la C\u00e1mara Inmobiliaria Metropolitana de Caracas, inform\u00f3 que entre 2024 y 2025 el sector tuvo un <strong>buen rendimiento<\/strong> en todo el pa\u00eds. <\/p>\n<p>\u201cHa aumentado un poco el alquiler y, sobre las ventas, todav\u00eda tenemos <strong>precios que se hacen asequibles para las personas de clase media<\/strong>. Est\u00e1n comprando y hay una cantidad de cr\u00e9dito\u201d, se\u00f1al\u00f3 Di Geronimo en entrevista para <strong>El Diario<\/strong> durante el evento del XXV aniversario de Century 21 Venezuela, que se celebr\u00f3 en Caracas.<\/p>\n<p>Asimismo, precis\u00f3 que el promedio de los precios de los alquileres en Caracas se ubica entre <strong>150 y 300 d\u00f3lares<\/strong>. Sin embargo, en algunas zonas, principalmente del este, los alquileres pueden alcanzar <strong>700 y 800<\/strong> d\u00f3lares.<\/p>\n<figure class=\"wp-block-image size-large\"><picture decoding=\"async\" class=\"wp-image-389353\"><source type=\"image\/webp\" srcset=\"https:\/\/eldiario.com\/wp-content\/uploads\/2022\/08\/10-Inmuebles-en-Caracas-El-Diario-Jose-Daniel-Ramos-760x507.jpg.webp 760w, https:\/\/eldiario.com\/wp-content\/uploads\/2022\/08\/10-Inmuebles-en-Caracas-El-Diario-Jose-Daniel-Ramos-300x200.jpg.webp 300w, https:\/\/eldiario.com\/wp-content\/uploads\/2022\/08\/10-Inmuebles-en-Caracas-El-Diario-Jose-Daniel-Ramos-768x512.jpg.webp 768w, https:\/\/eldiario.com\/wp-content\/uploads\/2022\/08\/10-Inmuebles-en-Caracas-El-Diario-Jose-Daniel-Ramos-1536x1024.jpg.webp 1536w, https:\/\/eldiario.com\/wp-content\/uploads\/2022\/08\/10-Inmuebles-en-Caracas-El-Diario-Jose-Daniel-Ramos-150x100.jpg.webp 150w, https:\/\/eldiario.com\/wp-content\/uploads\/2022\/08\/10-Inmuebles-en-Caracas-El-Diario-Jose-Daniel-Ramos.jpg.webp 1600w\" sizes=\"(max-width: 760px) 100vw, 760px\"\/><img loading=\"lazy\" decoding=\"async\" width=\"760\" height=\"507\" src=\"https:\/\/eldiario.com\/wp-content\/uploads\/2022\/08\/10-Inmuebles-en-Caracas-El-Diario-Jose-Daniel-Ramos-760x507.jpg\" alt=\"Inmuebles en Caracas costo precios apartamentos apartamento casa venezuela mercado inmobiliario Venezuela alquiler bienes ra\u00edces inmobiliaria edificios El Diario Jose Daniel Ramos\" srcset=\"https:\/\/eldiario.com\/wp-content\/uploads\/2022\/08\/10-Inmuebles-en-Caracas-El-Diario-Jose-Daniel-Ramos-760x507.jpg 760w, https:\/\/eldiario.com\/wp-content\/uploads\/2022\/08\/10-Inmuebles-en-Caracas-El-Diario-Jose-Daniel-Ramos-300x200.jpg 300w, https:\/\/eldiario.com\/wp-content\/uploads\/2022\/08\/10-Inmuebles-en-Caracas-El-Diario-Jose-Daniel-Ramos-768x512.jpg 768w, https:\/\/eldiario.com\/wp-content\/uploads\/2022\/08\/10-Inmuebles-en-Caracas-El-Diario-Jose-Daniel-Ramos-1536x1024.jpg 1536w, https:\/\/eldiario.com\/wp-content\/uploads\/2022\/08\/10-Inmuebles-en-Caracas-El-Diario-Jose-Daniel-Ramos-150x100.jpg 150w, https:\/\/eldiario.com\/wp-content\/uploads\/2022\/08\/10-Inmuebles-en-Caracas-El-Diario-Jose-Daniel-Ramos.jpg 1600w\" sizes=\"auto, (max-width: 760px) 100vw, 760px\"\/>\n<\/picture><figcaption class=\"wp-element-caption\">Foto: Jos\u00e9 Daniel Ramos @danielj2511<\/figcaption><\/figure>\n<p>Agreg\u00f3 que uno de los factores que contribuyeron al aumento de los alquileres en Venezuela es que hay <strong>m\u00e1s confianza<\/strong> para realizar estas operaciones.<\/p>\n<p>\u201cHay m\u00e1s confianza, no solo en el pa\u00eds, sino en las personas que est\u00e1n alquilando porque se hace ahora una investigaci\u00f3n exhaustiva de los futuros inquilinos: se estudia la posici\u00f3n econ\u00f3mica y las verdaderas cartas de trabajo. Esto hace que haya m\u00e1s confianza entre propietarios e inquilinos\u201d, apunt\u00f3. <\/p>\n<p><!-- CONTENT END 1 -->\n<\/div>\n\n","protected":false},"excerpt":{"rendered":"<p>El gremio inmobiliario realiz\u00f3 recientemente una encuesta en la que revel\u00f3 que en Valenciaestado Carabobolos precios de los inmuebles han aumentado 27 % este a\u00f1o. La ciudad, adem\u00e1s, fue la que m\u00e1s crecimiento tuvo en este sector. De acuerdo con Adriana de Oliveirapresidenta de la C\u00e1mara Inmobiliaria de Caraboboel incremento del negocio inmobiliario estuvo liderado &hellip;<\/p>\n","protected":false},"author":1,"featured_media":53575,"comment_status":"open","ping_status":"open","sticky":false,"template":"","format":"standard","meta":{"fifu_image_url":"https:\/\/eldiario.com\/wp-content\/uploads\/2023\/02\/Alquileres-venezuela-760x570.jpg","fifu_image_alt":"","footnotes":""},"categories":[13],"tags":[],"class_list":["post-53573","post","type-post","status-publish","format-standard","has-post-thumbnail","","category-mundo"],"_links":{"self":[{"href":"https:\/\/noticiasveraces.com\/index.php?rest_route=\/wp\/v2\/posts\/53573","targetHints":{"allow":["GET"]}}],"collection":[{"href":"https:\/\/noticiasveraces.com\/index.php?rest_route=\/wp\/v2\/posts"}],"about":[{"href":"https:\/\/noticiasveraces.com\/index.php?rest_route=\/wp\/v2\/types\/post"}],"author":[{"embeddable":true,"href":"https:\/\/noticiasveraces.com\/index.php?rest_route=\/wp\/v2\/users\/1"}],"replies":[{"embeddable":true,"href":"https:\/\/noticiasveraces.com\/index.php?rest_route=%2Fwp%2Fv2%2Fcomments&post=53573"}],"version-history":[{"count":0,"href":"https:\/\/noticiasveraces.com\/index.php?rest_route=\/wp\/v2\/posts\/53573\/revisions"}],"wp:featuredmedia":[{"embeddable":true,"href":"https:\/\/noticiasveraces.com\/index.php?rest_route=\/wp\/v2\/media\/53575"}],"wp:attachment":[{"href":"https:\/\/noticiasveraces.com\/index.php?rest_route=%2Fwp%2Fv2%2Fmedia&parent=53573"}],"wp:term":[{"taxonomy":"category","embeddable":true,"href":"https:\/\/noticiasveraces.com\/index.php?rest_route=%2Fwp%2Fv2%2Fcategories&post=53573"},{"taxonomy":"post_tag","embeddable":true,"href":"https:\/\/noticiasveraces.com\/index.php?rest_route=%2Fwp%2Fv2%2Ftags&post=53573"}],"curies":[{"name":"wp","href":"https:\/\/api.w.org\/{rel}","templated":true}]}}