{"id":53568,"date":"2025-12-12T02:33:03","date_gmt":"2025-12-12T06:33:03","guid":{"rendered":"https:\/\/noticiasveraces.com\/?p=53568"},"modified":"2025-12-12T02:33:03","modified_gmt":"2025-12-12T06:33:03","slug":"machado-agradece-al-presidente-de-panama-por-custodiar-las-actas","status":"publish","type":"post","link":"https:\/\/noticiasveraces.com\/?p=53568","title":{"rendered":"Machado agradece al presidente de Panam\u00e1 por custodiar las actas"},"content":{"rendered":"<p> \n<\/p>\n<div>\n<article>\n<div class=\"image-featured\">\n<img src=\"data:image\/png;base64,iVBORw0KGgoAAAANSUhEUgAABLAAAAMhAQAAAADQx3UKAAAAAnRSTlMAAHaTzTgAAACMSURBVHja7cEBDQAAAMKg909tDwcUAAAAAAAAAAAAAAAAAAAAAAAAAAAAAAAAAAAAAAAAAAAAAAAAAAAAAAAAAAAAAAAAAAAAAAAAAAAAAAAAAAAAAAAAAAAAAAAAAAAAAAAAAAAAAAAAAAAAAAAAAAAAAAAAAAAAAAAAAAAAAAAAAAAAAAAAAADAlQHYhgABTaP7\/QAAAABJRU5ErkJggg==\" alt=\"Mar\u00eda Corina Machado agradece a Panam\u00e1 por su &quot;apoyo extraordinario&quot;\" data-src=\"https:\/\/elnacional-uploads.nyc3.digitaloceanspaces.com\/wp-content\/uploads\/2025\/12\/11145354\/355cdc85d1aa4f40084e3e6e267f9ee26212b292.jpg\" decoding=\"async\" class=\"lazyload\" data-eio-rwidth=\"1200\" data-eio-rheight=\"801\"\/><img decoding=\"async\" src=\"https:\/\/elnacional-uploads.nyc3.digitaloceanspaces.com\/wp-content\/uploads\/2025\/12\/11145354\/355cdc85d1aa4f40084e3e6e267f9ee26212b292.jpg\" alt=\"Mar\u00eda Corina Machado agradece a Panam\u00e1 por su &quot;apoyo extraordinario&quot;\" data-eio=\"l\"\/><figcaption>Fotograf\u00eda cedida por la Presidencia de Panam\u00e1 de su mandatario, Jos\u00e9 Ra\u00fal Mulino, saludando a la l\u00edder opositora venezolana Mar\u00eda Corina Machado durante un encuentro este jueves, en Oslo (Noruega). Foto: EFE\/ Presidencia de Panam\u00e1<\/figcaption><\/div>\n<p>La l\u00edder opositora venezolana Mar\u00eda Corina Machado expres\u00f3 su agradecimiento al presidente de Panam\u00e1, Jos\u00e9 Ra\u00fal Mulino, por el \u00abapoyo extraordinario\u00bb de su pa\u00eds, destacando especialmente el resguardo de las actas que seg\u00fan la oposici\u00f3n confirman la victoria de Edmundo Gonz\u00e1lez Urrutia en las elecciones presidenciales de 2024.<\/p>\n<p>\u00abGracias a todo Panam\u00e1. El apoyo ha sido extraordinario para todos los venezolanos. Empezando porque nuestras actas est\u00e1n en Panam\u00e1 resguardadas\u00bb, se\u00f1al\u00f3 Machado en Oslo durante un encuentro con Mulino, seg\u00fan comunicado de la presidencia paname\u00f1a.<\/p>\n<p>La ganadora del Premio Nobel de la Paz 2025 calific\u00f3 el gesto de una \u00abdemostraci\u00f3n de la confianza profunda\u00bb entre ambas naciones y reiter\u00f3 que Mulino ha sido uno de sus primeros y m\u00e1s importantes apoyos.<\/p>\n<p>\u00abY ahora, cuando nos est\u00e1 apoyando el mundo entero, imag\u00ednense lo que esto significa. Estamos muy agradecidos a todo el pueblo de Panam\u00e1 y por supuesto al presidente Mulino\u00bb, agreg\u00f3.<\/p>\n<p>En el encuentro, Machado recibi\u00f3 de manos del mandatario paname\u00f1o y la primera dama el vestido que usar\u00eda en la ceremonia del Nobel, a la que no pudo llegar a tiempo tras salir de Venezuela con apoyo de Estados Unidos.<\/p>\n<h2 class=\"wp-block-heading\" id=\"h-el-presidente-de-panama-resalta-la-democracia\">El presidente de Panam\u00e1 resalta la democracia<\/h2>\n<p>El presidente de Panam\u00e1 manifest\u00f3: \u00abAquellos pa\u00edses que tenemos democracia estamos haciendo un esfuerzo tremendo siempre para reforzarla y tenemos esperanza siempre de vida mejor. En dictadura no hay para donde coger, es dictadura o dictadura. Represi\u00f3n y represi\u00f3n&#8230; Y ahora lo de Mar\u00eda Corina es un reconocimiento a todo ello\u00bb.<\/p>\n<p>El gobierno paname\u00f1o ha mantenido su apoyo a Machado y a Gonz\u00e1lez Urrutia, cuyo triunfo es reclamado por la oposici\u00f3n frente al anuncio oficial de victoria de Nicol\u00e1s Maduro por el ente electoral.<\/p>\n<\/article>\n<\/div>\n\n","protected":false},"excerpt":{"rendered":"<p>Fotograf\u00eda cedida por la Presidencia de Panam\u00e1 de su mandatario, Jos\u00e9 Ra\u00fal Mulino, saludando a la l\u00edder opositora venezolana Mar\u00eda Corina Machado durante un encuentro este jueves, en Oslo (Noruega). Foto: EFE\/ Presidencia de Panam\u00e1 La l\u00edder opositora venezolana Mar\u00eda Corina Machado expres\u00f3 su agradecimiento al presidente de Panam\u00e1, Jos\u00e9 Ra\u00fal Mulino, por el \u00abapoyo &hellip;<\/p>\n","protected":false},"author":1,"featured_media":53570,"comment_status":"open","ping_status":"open","sticky":false,"template":"","format":"standard","meta":{"fifu_image_url":"https:\/\/elnacional-uploads.nyc3.digitaloceanspaces.com\/wp-content\/uploads\/2025\/12\/11145354\/355cdc85d1aa4f40084e3e6e267f9ee26212b292.jpg","fifu_image_alt":"","footnotes":""},"categories":[13],"tags":[],"class_list":["post-53568","post","type-post","status-publish","format-standard","has-post-thumbnail","","category-mundo"],"_links":{"self":[{"href":"https:\/\/noticiasveraces.com\/index.php?rest_route=\/wp\/v2\/posts\/53568","targetHints":{"allow":["GET"]}}],"collection":[{"href":"https:\/\/noticiasveraces.com\/index.php?rest_route=\/wp\/v2\/posts"}],"about":[{"href":"https:\/\/noticiasveraces.com\/index.php?rest_route=\/wp\/v2\/types\/post"}],"author":[{"embeddable":true,"href":"https:\/\/noticiasveraces.com\/index.php?rest_route=\/wp\/v2\/users\/1"}],"replies":[{"embeddable":true,"href":"https:\/\/noticiasveraces.com\/index.php?rest_route=%2Fwp%2Fv2%2Fcomments&post=53568"}],"version-history":[{"count":0,"href":"https:\/\/noticiasveraces.com\/index.php?rest_route=\/wp\/v2\/posts\/53568\/revisions"}],"wp:featuredmedia":[{"embeddable":true,"href":"https:\/\/noticiasveraces.com\/index.php?rest_route=\/wp\/v2\/media\/53570"}],"wp:attachment":[{"href":"https:\/\/noticiasveraces.com\/index.php?rest_route=%2Fwp%2Fv2%2Fmedia&parent=53568"}],"wp:term":[{"taxonomy":"category","embeddable":true,"href":"https:\/\/noticiasveraces.com\/index.php?rest_route=%2Fwp%2Fv2%2Fcategories&post=53568"},{"taxonomy":"post_tag","embeddable":true,"href":"https:\/\/noticiasveraces.com\/index.php?rest_route=%2Fwp%2Fv2%2Ftags&post=53568"}],"curies":[{"name":"wp","href":"https:\/\/api.w.org\/{rel}","templated":true}]}}