{"id":53564,"date":"2025-12-12T00:31:03","date_gmt":"2025-12-12T04:31:03","guid":{"rendered":"https:\/\/noticiasveraces.com\/?p=53564"},"modified":"2025-12-12T00:31:03","modified_gmt":"2025-12-12T04:31:03","slug":"gobernadora-anuncia-nuevo-modelo-para-recoleccion-de-desechos-y-desbloquean-portal-para-declarar-impuestos-municipales-en-caroni","status":"publish","type":"post","link":"https:\/\/noticiasveraces.com\/?p=53564","title":{"rendered":"Gobernadora anuncia nuevo modelo para recolecci\u00f3n de desechos y desbloquean portal para declarar impuestos municipales en Caron\u00ed"},"content":{"rendered":"<p> \n<\/p>\n<div>\n<p>Solo 24 horas han transcurrido desde un <strong><mark style=\"background-color:rgba(0, 0, 0, 0)\" class=\"has-inline-color has-luminous-vivid-amber-color\"><span style=\"text-decoration: underline;\">anuncio<\/span><\/mark><\/strong>  que Guayana esper\u00f3 por a\u00f1os: Fospuca sali\u00f3 del municipio Caron\u00ed. Ante la incertidumbre que esto ha generado en la ciudadan\u00eda, este jueves la gobernadora del estado Bol\u00edvar, Yulisbeth Garc\u00eda, anunci\u00f3 en su programa radial un nuevo sistema para la recolecci\u00f3n de desechos y el desbloqueo del portal fiscal para declarar impuestos que permanec\u00eda cerrado para quienes no pod\u00edan cumplir con el pago del servicio de aseo urbano.<\/p>\n<p>\u201cEl plan para la transformaci\u00f3n del sistema de recolecci\u00f3n de desechos s\u00f3lidos ya inici\u00f3 Supraguayana y la empresa EcoBol\u00edvar, que se encargar\u00e1 de la disposici\u00f3n final de los desechos s\u00f3lidos, anclado a un m\u00e9todo de cobro; vamos a evaluar algunos montos y a estabilizar otros, adapt\u00e1ndonos a la realidad de cada contribuyente\u201d, afianz\u00f3 la mandataria regional, quien ya hab\u00eda anunciado la creaci\u00f3n de un departamento llamado EcoBol\u00edvar, dirigido por Jessiel Gasc\u00f3n, el cual se encargar\u00e1 de la recolecci\u00f3n desechos.<\/p>\n<p>En entrevista con <strong>Correo del Caron\u00ed, <\/strong>el abogado que acompa\u00f1\u00f3 a los propietarios de las empresas que recibieron medidas de embargo por parte de Fospuca, Jos\u00e9 Gregorio Meignen, confirm\u00f3 que en horas de la tarde de este jueves el portal fue desbloqueado.<\/p>\n<p>Asimismo, el alcalde de Caron\u00ed, Yanny Alonzo, asegur\u00f3 que estas medidas dejaron \u201ccallados\u201d a todos lo que aseguraban que hab\u00eda un nexo entre la gesti\u00f3n madurista y la empresa Fospuca.<\/p>\n<p class=\"has-medium-font-size\"><strong>Jurista asegura que debe haber resarcimiento de da\u00f1os<\/strong><\/p>\n<p>A pesar de que la decisi\u00f3n de finiquitar relaciones con Fospuca ha sido tomada de buena manera por la colectividad, los m\u00e1s acuciosos aseguran que la medida fue extempor\u00e1nea, toda vez, que la recolectora de desechos logr\u00f3 interponer al menos 139 medidas de embargo y ejecutar 7 embargos afectando gravemente al empresariado guayan\u00e9s.<\/p>\n<p>Es por ello que uno de los cuestionamientos ciudadanos es c\u00f3mo se va a resarcir a aquellas personas que ya fueron embargadas y, de una forma u otra, orilladas a aceptar convenios con Fospuca para proteger su patrimonio. Sobre, esto el jurista asegur\u00f3 que se espera alguna iniciativa por parte de las autoridades regionales.<\/p>\n<p><strong>\u2013 \u00bfQu\u00e9 pasar\u00e1 con estos casos que ya est\u00e1n abiertos en tribunales tras la salida de Fospuca?<\/strong><\/p>\n<p>\u2013 Hay distintos tipos de caso y varias situaciones. Hay que distinguir aquellos que est\u00e1n en curso, los que fueron desistidos por Fospuca tras llegar a acuerdos privados y los que llegaron a acuerdos en los tribunales. Estamos esperando por alg\u00fan lado si hay un comunicado oficial de Fospuca, ya que la decisi\u00f3n fue unilateral. Eso era un contrato firmado por 10 a\u00f1os y de repente hasta aqu\u00ed llegamos. \u00bfCu\u00e1l ser\u00e1 la reacci\u00f3n ahora? Hay un silencio. Cerraron las oficinas y, aparentemente, los trabajadores tambi\u00e9n est\u00e1n en inc\u00f3gnita. Tendremos que ver cu\u00e1l es la situaci\u00f3n dentro de los tribunales y ver si el Poder Ejecutivo, representado por la gobernadora y el alcalde, tiene previsto oficiar algo a la juez rectora para conocer el futuro de esos procedimientos.<\/p>\n<p>Asimismo, Meignen afirm\u00f3 que tambi\u00e9n se est\u00e1 a la expectativa sobre qu\u00e9 pasar\u00e1 con el pago que, a trav\u00e9s de la factura de Corpoelec, hacen los ciudadanos por concepto de relleno sanitario -una figura que realmente no existe en la entidad-.<\/p>\n<p>Rememor\u00f3 c\u00f3mo un grupo de empresarios denunci\u00f3 esta situaci\u00f3n ante las autoridades competentes y se declar\u00f3 \u201csin lugar\u201d, a pesar de que los comerciantes lo calificaron como un delito en flagrancia por cobrarse algo que no exist\u00eda en la ciudad.<\/p>\n<p class=\"has-medium-font-size\"><strong>Trabajadores de Fospuca \u201cest\u00e1n en el limbo\u201d<\/strong><\/p>\n<p>Como segunda cara de la moneda, desde el d\u00eda mi\u00e9rcoles, cuando se anunci\u00f3 la salida de la recolectora propiedad del empresario Jos\u00e9 Sim\u00f3n Elarba, los m\u00e1s de 800 trabajadores que conformaban la plantilla de la compa\u00f1\u00eda est\u00e1n \u201cen el limbo\u201d y desconocen qu\u00e9 pasar\u00e1 con sus puestos laborales.<\/p>\n<p>El aparente cierre de operaciones, deja a centenares de familias guayanesas sin sustento y, hasta la fecha, Fospuca no habr\u00eda dado respuesta.<\/p>\n<p>En su alocuci\u00f3n, la mandataria regional tambi\u00e9n abord\u00f3 este tema y asegur\u00f3 que en los pr\u00f3ximos d\u00edas se instalar\u00e1n mesas de propuestas con <strong><mark style=\"background-color:rgba(0, 0, 0, 0)\" class=\"has-inline-color has-luminous-vivid-amber-color\"><span style=\"text-decoration: underline;\">empresarios<\/span><\/mark><\/strong>  y gremios locales, con el fin de dibujar lo que ser\u00e1 el nuevo modelo de recolecci\u00f3n de desechos e invit\u00f3 a estos trabajadores a unirse para trabajar bajo el \u201crespeto y el reconocimiento\u201d.<\/p>\n<p>\u201cAqu\u00ed no es un tribunal de qui\u00e9n es el bueno y qui\u00e9n es el malo. Siempre va a prevalecer el pueblo. Los trabajadores de Fospuca, les abro mis brazos, les abro mi coraz\u00f3n (\u2026), yo les mand\u00e9 un mensaje con una persona que tiene conexi\u00f3n con ustedes. Ustedes estaban era trabajando en una empresa que ustedes ingresaron. Si ustedes quieren conmigo, yo quiero con ustedes. Todo el personal que est\u00e1 all\u00ed: bienvenido\u201d, afirm\u00f3.<\/p>\n<p class=\"has-medium-font-size\"><strong>Empresarios deben sacar la basura a las 6:00 de la tarde<\/strong><\/p>\n<p>Ante los miedos de regresar a la Ciudad Guayana llena de zamuros, Garc\u00eda exhort\u00f3 a los empresarios locales a sacar su basura a las 6:00 de la tarde en el \u00e1rea correspondiente. Adem\u00e1s confirm\u00f3 que avanzar\u00e1n con la adquisici\u00f3n de compactadoras.<\/p>\n<p>Como \u00faltimo mensaje, invit\u00f3 a quienes tengan camiones que puedan recolectar desechos a incorporarse a las rutas registr\u00e1ndose en las oficinas de Supraguayana, prometiendo un pago de 8 d\u00f3lares por tonelada de basura recolectada.<\/p>\n<\/p><\/div>\n\n","protected":false},"excerpt":{"rendered":"<p>Solo 24 horas han transcurrido desde un anuncio que Guayana esper\u00f3 por a\u00f1os: Fospuca sali\u00f3 del municipio Caron\u00ed. Ante la incertidumbre que esto ha generado en la ciudadan\u00eda, este jueves la gobernadora del estado Bol\u00edvar, Yulisbeth Garc\u00eda, anunci\u00f3 en su programa radial un nuevo sistema para la recolecci\u00f3n de desechos y el desbloqueo del portal &hellip;<\/p>\n","protected":false},"author":1,"featured_media":53565,"comment_status":"open","ping_status":"open","sticky":false,"template":"","format":"standard","meta":{"fifu_image_url":"https:\/\/correodelcaroni.com\/wp-content\/uploads\/2025\/12\/GOBERNADORA_Fospuca_WEB-2.jpg","fifu_image_alt":"","footnotes":""},"categories":[13],"tags":[],"class_list":["post-53564","post","type-post","status-publish","format-standard","has-post-thumbnail","","category-mundo"],"_links":{"self":[{"href":"https:\/\/noticiasveraces.com\/index.php?rest_route=\/wp\/v2\/posts\/53564","targetHints":{"allow":["GET"]}}],"collection":[{"href":"https:\/\/noticiasveraces.com\/index.php?rest_route=\/wp\/v2\/posts"}],"about":[{"href":"https:\/\/noticiasveraces.com\/index.php?rest_route=\/wp\/v2\/types\/post"}],"author":[{"embeddable":true,"href":"https:\/\/noticiasveraces.com\/index.php?rest_route=\/wp\/v2\/users\/1"}],"replies":[{"embeddable":true,"href":"https:\/\/noticiasveraces.com\/index.php?rest_route=%2Fwp%2Fv2%2Fcomments&post=53564"}],"version-history":[{"count":0,"href":"https:\/\/noticiasveraces.com\/index.php?rest_route=\/wp\/v2\/posts\/53564\/revisions"}],"wp:featuredmedia":[{"embeddable":true,"href":"https:\/\/noticiasveraces.com\/index.php?rest_route=\/wp\/v2\/media\/53565"}],"wp:attachment":[{"href":"https:\/\/noticiasveraces.com\/index.php?rest_route=%2Fwp%2Fv2%2Fmedia&parent=53564"}],"wp:term":[{"taxonomy":"category","embeddable":true,"href":"https:\/\/noticiasveraces.com\/index.php?rest_route=%2Fwp%2Fv2%2Fcategories&post=53564"},{"taxonomy":"post_tag","embeddable":true,"href":"https:\/\/noticiasveraces.com\/index.php?rest_route=%2Fwp%2Fv2%2Ftags&post=53564"}],"curies":[{"name":"wp","href":"https:\/\/api.w.org\/{rel}","templated":true}]}}