{"id":53530,"date":"2025-12-11T21:22:05","date_gmt":"2025-12-12T01:22:05","guid":{"rendered":"https:\/\/noticiasveraces.com\/?p=53530"},"modified":"2025-12-11T21:22:05","modified_gmt":"2025-12-12T01:22:05","slug":"ganadores-y-perdedores-del-viaje-de-la-oposicion-a-noruega","status":"publish","type":"post","link":"https:\/\/noticiasveraces.com\/?p=53530","title":{"rendered":"Ganadores y perdedores del viaje de la oposici\u00f3n a Noruega"},"content":{"rendered":"<p> \n<\/p>\n<div>\n<h2 class=\"wp-block-heading\"><strong>Ganadores<\/strong><\/h2>\n<p><strong>El primer gran ganador del discurso de Frydnes es todo el espectro de v\u00edctimas del r\u00e9gimen de Maduro.<\/strong> Las historias contadas por el presidente del Comit\u00e9 del Nobel, J\u00f8rgen W. Frydnes, pueden ser horribles, pero reflejan la realidad del d\u00eda a d\u00eda. Que un extranjero hable sobre las oscuras instituciones de la brutalidad policial y las desapariciones forzadas es m\u00e1s que un toque especial: es un reconocimiento necesario de lo que el pa\u00eds est\u00e1 soportando. En un a\u00f1o en el que la cobertura de la prensa internacional sobre Venezuela se ha centrado m\u00e1s en la pol\u00edtica estadounidense (aunque, para ser justos, esto ha arrojado luz sobre el maltrato a los inmigrantes venezolanos) y menos en el estado de las c\u00e1rceles nacionales o el secuestro rutinario de disidentes y sus familias, miles de hogares seguramente percibieron las palabras de Frydnes como una validaci\u00f3n de su verdad.<\/p>\n<p>El pol\u00edtico noruego convertido en sensaci\u00f3n venezolana estaba bien aconsejado. El inicio de su discurso dej\u00f3 helado a todo el Ayuntamiento de Oslo mientras contaba c\u00f3mo agentes de la DGCIM irrumpieron en la casa de los abuelos de Samantha Hern\u00e1ndez en Caracas y se la llevaron \u00fanicamente por ser hermana de un soldado disidente en el exilio. A continuaci\u00f3n, Frydnes abord\u00f3 las torturas sufridas por el exlegislador Juan Requesens y la reciente muerte bajo custodia del exgobernador de Nueva Esparta Alfredo D\u00edaz. Estos casos son notables porque no est\u00e1n directamente relacionados con el estilo de liderazgo inflexible de Mar\u00eda Corina; Ambas figuras han enfrentado cr\u00edticas anteriormente por \u201cdoblar la rodilla\u201d ante Maduro. D\u00edaz, en 2017, jur\u00f3 ante un parlamento paralelo establecido por el chavismo como condici\u00f3n para asumir el cargo en Nueva Esparta, a diferencia del preso pol\u00edtico Juan Pablo Guanipa, quien se neg\u00f3 a obedecer a Maduro y no pudo asumir su mandato en Zulia.<\/p>\n<p>Requesens enfrent\u00f3 reacciones negativas este a\u00f1o por presentarse a una elecci\u00f3n de gobierno local que Machado boicote\u00f3 (luego se supo que su candidatura era una condici\u00f3n previa del r\u00e9gimen para permitirle viajar a Estados Unidos para reunirse con su familia). La inclusi\u00f3n de estas dos figuras ilustra c\u00f3mo las t\u00e1cticas de divide y vencer\u00e1s de Maduro, a menudo efectivas para chantajear a los miembros de la oposici\u00f3n, fomentaron la percepci\u00f3n simplista de que el antichavismo es una coalici\u00f3n fracturada de cobardes y de l\u00ednea dura por igual. En realidad, Alfredo D\u00edaz no fue un cobarde, y Juan Requesens tampoco lo es.<\/p>\n<blockquote class=\"wp-block-quote is-layout-flow wp-block-quote-is-layout-flow\">\n<p>La salida de Machado se produce en un momento en el que la indecisi\u00f3n de Trump es notable y donde intermediarios paracaidistas pueden estar intentando dejarla de lado.<\/p>\n<\/blockquote>\n<p><strong>Millennials y Zoomers venezolanos, representados por Ana Corina Sosa Machado.<\/strong> La hija de Mar\u00eda Corina est\u00e1 construyendo una carrera en el extranjero que enorgullecer\u00eda a muchos de sus compatriotas. Ella pertenece a una generaci\u00f3n de personas que abandonaron el pa\u00eds creyendo que Venezuela era en gran medida una causa perdida, algo que dejar atr\u00e1s en busca de estabilidad y \u00e9xito en otros lugares. Este desplazamiento mental y f\u00edsico de los j\u00f3venes venezolanos tambi\u00e9n refleja un grado de despolitizaci\u00f3n (o al menos apat\u00eda y desilusi\u00f3n pol\u00edtica) entre decenas de personas que trabajan y estudian en el extranjero. Estas son las mismas generaciones que idealmente liderar\u00edan la recuperaci\u00f3n de Venezuela, pero su regreso depende de garant\u00edas de un \u201chorizonte econ\u00f3mico s\u00f3lido\u201d.<\/p>\n<p>La impecable presentaci\u00f3n de Ana Corina y las emociones que transmiti\u00f3 pueden no s\u00f3lo ayudar a generar confianza en el liderazgo de Machado entre este grupo demogr\u00e1fico que a menudo se pasa por alto, sino tambi\u00e9n inspirarlos a involucrarse con el movimiento prodemocracia en formas que se adapten a sus circunstancias, ya sea desde Madrid, Sydney, Bogot\u00e1 o Nueva York.<\/p>\n<p><strong>El liderazgo de Mar\u00eda Corina Machado en semanas complicadas.<\/strong> La ceremonia gir\u00f3 en torno a los logros individuales de Machado, la oposici\u00f3n y el movimiento que derrot\u00f3 a Nicol\u00e1s Maduro en las elecciones presidenciales de julio de 2024. <em> <\/em>En los discursos notablemente ausentes estuvieron las menciones a Donald Trump, a Estados Unidos o a la llamada \u201ccomunidad internacional\u201d, que a menudo puede actuar como un factor de divisi\u00f3n en el conflicto. Luego lleg\u00f3 la noche con la noticia de que Estados Unidos se apoder\u00f3 de un petrolero frente a la costa de Venezuela destinado a transportar crudo de PDVSA, lo que es una medida sin precedentes en el manual de Trump. La salida de Machado del pa\u00eds se produce en momentos en que la indecisi\u00f3n del presidente sobre <em>que hacer<\/em> con Maduro es notable, y donde intermediarios paraca\u00eddas como el magnate brasile\u00f1o de la carne vacuna Joesley Batista pueden estar intentando marginar a Machado de la ecuaci\u00f3n del cambio pol\u00edtico.<\/p>\n<p>Adem\u00e1s, el esc\u00e1ndalo del doble toque de Pete Hegseth y las recientes derrotas del Partido Republicano en las urnas podr\u00edan complicar las pr\u00f3ximas iniciativas. En las pr\u00f3ximas semanas, el activismo personal de Mar\u00eda Corina en el escenario global podr\u00eda ser crucial para mejorar la reputaci\u00f3n internacional de la oposici\u00f3n (y la suya propia) y ejercer presi\u00f3n sobre los actores internacionales que desconf\u00edan de ella o la ven como una amenaza a sus intereses. Esta ser\u00e1 su primera gran oportunidad para conectarse con l\u00edderes mundiales despu\u00e9s de una d\u00e9cada sin poder viajar. Entonces s\u00ed, ser\u00e1 interesante ver c\u00f3mo se desarrolla eso.<\/p>\n<blockquote class=\"wp-block-quote is-layout-flow wp-block-quote-is-layout-flow\">\n<p>El discurso de Ana Corina fue una clara historia de \u201cc\u00f3mo llegamos aqu\u00ed\u201d que los venezolanos podr\u00edan adoptar como modelo para la pol\u00edtica de la memoria de una nueva era.<\/p>\n<\/blockquote>\n<p>El viaje a Oslo tambi\u00e9n ayuda a cimentar la imagen del Equipo Machado como un gobierno en ciernes deseoso de transformar a Venezuela. El <em>guacamayas <\/em>Pueden ser los guardianes de un peque\u00f1o c\u00edrculo de tomadores de decisiones, pero ese c\u00edrculo se ha mantenido muy unido, sin deserciones o incluso desacuerdos ventilados en p\u00fablico, y no ha permitido ninguna filtraci\u00f3n. Fueron funcionarios estadounidenses quienes revelaron detalles de la muerte de Mar\u00eda Corina. <em>T\u00fa <\/em>escapar al Wall Street Journal, aparentemente para mostrar su inteligencia y alcance log\u00edstico en lo profundo del territorio venezolano.<\/p>\n<p>El discurso de Ana Corina tambi\u00e9n proporcion\u00f3 un fuerte relato de las causas y consecuencias de la tragedia nacional de Venezuela. La narrativa de la historia moderna del pa\u00eds no rehuy\u00f3 las sombras del Estado rentista (\u201cun inmenso poder\u2026 que se convirti\u00f3 en privilegio, clientelismo y corrupci\u00f3n\u201d), los peligros de una ciudadan\u00eda pasiva y el populismo de clase que ha alimentado los conflictos internos desde la independencia. Es una historia clara de \u201cc\u00f3mo llegamos aqu\u00ed\u201d que los venezolanos podr\u00edan adoptar como modelo para la pol\u00edtica de la memoria de una nueva era.<\/p>\n<h2 class=\"wp-block-heading\"><strong>Perdedores<\/strong><\/h2>\n<p><strong>Diosdado Cabello.<\/strong> El Ministro del Interior puede estar lamentando su decisi\u00f3n de no encarcelar a Mar\u00eda Corina cuando tuvo la oportunidad el 9 de enero. Ahora el r\u00e9gimen <em>pistolero en jefe<\/em> Ha sido avergonzado dos veces por el equipo Machado. Primero vino el <em>guacamayas<\/em>&#8216; escapar de la embajada argentina, despu\u00e9s de que Claudia Macero abandonara silenciosamente la embajada d\u00edas antes, allanando el camino para que otros siguieran su rastro. Incluso si Machado usara una peluca convincente como parte de su disfraz, el hecho de que los estadounidenses la ayudaran a pasar diez puestos de control militares y llegar a la costa es una clara humillaci\u00f3n para Cabello.<\/p>\n<p>La fuga a\u00f1ade otra capa de dramatismo a su saga clandestina y s\u00f3lo aumentar\u00e1 el inter\u00e9s p\u00fablico en la historia de su desaparici\u00f3n. en su <em>Con el Mazo Dando<\/em> En un programa de televisi\u00f3n, un Diosdado visiblemente amargado afirm\u00f3 anoche que el \u201cmisterio\u201d de la fuga de Mar\u00eda Corina no era m\u00e1s que una operaci\u00f3n de marketing pol\u00edtico dise\u00f1ada para \u201cmonopolizar la atenci\u00f3n de los medios\u201d (\u201cse \u200b\u200bfue sin los dramas de esa supuesta epopeya\u201d). Sin embargo, incluso si todo el episodio fuera un truco de relaciones p\u00fablicas, es innegablemente efectivo, uno que deber\u00eda avergonzar profundamente al asediado capit\u00e1n del ej\u00e9rcito.<\/p>\n<p><strong>La transici\u00f3n \u201cdirigida por Delcy\u201d. <\/strong>El discurso de Frydnes no solo elogi\u00f3 la trayectoria personal de Mar\u00eda Corina (desde sus d\u00edas en S\u00famate hasta la victoria electoral del 28 de julio) sino los m\u00faltiples caminos institucionales que la oposici\u00f3n ha seguido para enfrentar al r\u00e9gimen de Maduro. Tambi\u00e9n cuestion\u00f3 la utilidad de procesos de di\u00e1logo anteriores en los que su propio Estado, el Reino de Noruega, desempe\u00f1\u00f3 un papel central de mediaci\u00f3n. Sus comentarios se hacen eco de cr\u00edticas anteriores del propio gobierno noruego, que concluy\u00f3 a principios de este a\u00f1o que sus esfuerzos \u201cpara ayudar a las partes venezolanas a encontrar una soluci\u00f3n al conflicto\u201d no lograron producir un resultado democr\u00e1tico.<\/p>\n<blockquote class=\"wp-block-quote is-layout-flow wp-block-quote-is-layout-flow\">\n<p>Esto puede leerse como otra se\u00f1al de que los mediadores occidentales han perdido la confianza en una soluci\u00f3n pactada entre la elite gobernante de Venezuela y una oposici\u00f3n ilegal.<\/p>\n<\/blockquote>\n<p>\u00abEn los sistemas autoritarios, el di\u00e1logo puede conducir a mejoras, pero tambi\u00e9n puede ser una trampa. El di\u00e1logo se utiliza a menudo para ganar tiempo, crear divisi\u00f3n y controlar la agenda\u00bb, afirm\u00f3 Frydnes. \u00abMar\u00eda Corina Machado ha participado en procesos de di\u00e1logo durante a\u00f1os. Nunca ha rechazado el principio de hablar con la otra parte, pero ha descartado los procesos vac\u00edos. La paz sin justicia no es paz. El di\u00e1logo sin verdad no es reconciliaci\u00f3n\u00bb.<\/p>\n<p>Esto puede leerse como otra se\u00f1al de que los mediadores occidentales han perdido la confianza en una soluci\u00f3n pactada entre la elite gobernante de Venezuela y una oposici\u00f3n ilegal. Y con su \u00e9nfasis en establecer la verdad sobre las elecciones de 2024, el mensaje de Frydnes rechaza la idea de que otra ronda de conversaciones de alto nivel ignorando el mandato de Gonz\u00e1lez Urrutia podr\u00eda generar un \u201cchavismo reformado\u201d desde arriba, uno dispuesto a hacer concesiones democr\u00e1ticas a largo plazo. B\u00e1sicamente, la idea que parecen promover quienes impulsan una transici\u00f3n liderada por Delcy Rodr\u00edguez.<\/p>\n<p>En cuanto a la Teor\u00eda Democr\u00e1tica de los Hermanos Rodr\u00edguez, de eso hablaremos otro d\u00eda, y con todo detalle.<\/p>\n<\/p><\/div>\n\n","protected":false},"excerpt":{"rendered":"<p>Ganadores El primer gran ganador del discurso de Frydnes es todo el espectro de v\u00edctimas del r\u00e9gimen de Maduro. Las historias contadas por el presidente del Comit\u00e9 del Nobel, J\u00f8rgen W. Frydnes, pueden ser horribles, pero reflejan la realidad del d\u00eda a d\u00eda. Que un extranjero hable sobre las oscuras instituciones de la brutalidad policial &hellip;<\/p>\n","protected":false},"author":1,"featured_media":53531,"comment_status":"open","ping_status":"open","sticky":false,"template":"","format":"standard","meta":{"fifu_image_url":"https:\/\/www.caracaschronicles.com\/wp-content\/uploads\/2025\/12\/ACSMOslo.jpg","fifu_image_alt":"","footnotes":""},"categories":[13],"tags":[],"class_list":["post-53530","post","type-post","status-publish","format-standard","has-post-thumbnail","","category-mundo"],"_links":{"self":[{"href":"https:\/\/noticiasveraces.com\/index.php?rest_route=\/wp\/v2\/posts\/53530","targetHints":{"allow":["GET"]}}],"collection":[{"href":"https:\/\/noticiasveraces.com\/index.php?rest_route=\/wp\/v2\/posts"}],"about":[{"href":"https:\/\/noticiasveraces.com\/index.php?rest_route=\/wp\/v2\/types\/post"}],"author":[{"embeddable":true,"href":"https:\/\/noticiasveraces.com\/index.php?rest_route=\/wp\/v2\/users\/1"}],"replies":[{"embeddable":true,"href":"https:\/\/noticiasveraces.com\/index.php?rest_route=%2Fwp%2Fv2%2Fcomments&post=53530"}],"version-history":[{"count":0,"href":"https:\/\/noticiasveraces.com\/index.php?rest_route=\/wp\/v2\/posts\/53530\/revisions"}],"wp:featuredmedia":[{"embeddable":true,"href":"https:\/\/noticiasveraces.com\/index.php?rest_route=\/wp\/v2\/media\/53531"}],"wp:attachment":[{"href":"https:\/\/noticiasveraces.com\/index.php?rest_route=%2Fwp%2Fv2%2Fmedia&parent=53530"}],"wp:term":[{"taxonomy":"category","embeddable":true,"href":"https:\/\/noticiasveraces.com\/index.php?rest_route=%2Fwp%2Fv2%2Fcategories&post=53530"},{"taxonomy":"post_tag","embeddable":true,"href":"https:\/\/noticiasveraces.com\/index.php?rest_route=%2Fwp%2Fv2%2Ftags&post=53530"}],"curies":[{"name":"wp","href":"https:\/\/api.w.org\/{rel}","templated":true}]}}