{"id":53518,"date":"2025-12-11T18:06:04","date_gmt":"2025-12-11T22:06:04","guid":{"rendered":"https:\/\/noticiasveraces.com\/?p=53518"},"modified":"2025-12-11T18:06:04","modified_gmt":"2025-12-11T22:06:04","slug":"renovacion-historica-de-abel-ferreira-con-palmeiras","status":"publish","type":"post","link":"https:\/\/noticiasveraces.com\/?p=53518","title":{"rendered":"Renovaci\u00f3n hist\u00f3rica de Abel Ferreira con Palmeiras"},"content":{"rendered":"<p> \n<\/p>\n<div>\n<p data-mrf-recirculation=\"Links P\u00e1rrafos\" class=\"ue-c-article__paragraph paragraph xai-icon-container ue-c-article--first-letter-highlighted\"><strong>Palmeiras ha anunciado esta ma\u00f1ana la renovaci\u00f3n de su t\u00e9cnico, Abel Ferreira, que lo ligar\u00e1 al club &#8216;Verd\u00e3o&#8217; hasta diciembre de 2027.<\/strong> La noticia lleg\u00f3 por sorpresa tras las cr\u00edticas recibidas por la afici\u00f3n, tras perder la final de la Copa Libertadores ante Flamengo (0-1) y el subcampeonato en el\u00a0Brasileir\u00e3o.<span class=\"xai-icon\"\/><\/p>\n<p data-mrf-recirculation=\"Links P\u00e1rrafos\" class=\"ue-c-article__paragraph paragraph xai-icon-container\"><strong>El equipo de San Pablo lo hizo oficial mediante un comunicado, que extendi\u00f3 el v\u00ednculo \u201chasta el fin de 2027\u201d y destac\u00f3 \u201cla relaci\u00f3n de confianza construida por el club y el entrenador a lo largo de los \u00faltimos cinco a\u00f1os\u201d<\/strong>.\u00a0Ferreira, lleg\u00f3 al equipo paulista en 2020. Y desde entonces gan\u00f3 diez t\u00edtulos con &#8216;O Porco&#8217;, entre los cuales destacan dos campeonatos del Brasileir\u00e3o en 2022 y 2023 y dos Copas Libertadores en 2020 y 2021.<span class=\"xai-icon\"\/><\/p>\n<p data-mrf-recirculation=\"Links P\u00e1rrafos\" class=\"ue-c-article__paragraph paragraph xai-icon-container\">Asimismo, con esta renovaci\u00f3n, el t\u00e9cnico de 43 a\u00f1os, hace historia, entrando en un grupo selecto de longevidad, junto a grandes figuras como Simeone, Guardiola, Klopp, proyectando siete a\u00f1os de v\u00ednculo con el Palmeiras en 2027. <strong>Este hito convertir\u00e1 a Abel en el entrenador con mayor longevidad en Brasil en los \u00faltimos 30 a\u00f1os. <\/strong><span class=\"xai-icon\"\/><\/p>\n<h2 class=\"ue-c-article__subheadline\">Los logros de Abel Ferreira<\/h2>\n<p data-mrf-recirculation=\"Links P\u00e1rrafos\" class=\"ue-c-article__paragraph paragraph xai-icon-container\">Entre los logros m\u00e1s destacados de su trayectoria sobresalen los <strong>10 t\u00edtulos conquistados a lo largo de su carrera<\/strong>as\u00ed como <strong>19 premios individuales<\/strong>que incluyen reconocimientos como <strong>mejor entrenador de Am\u00e9rica<\/strong>varias condecoraciones en Portugal y galardones de la Federaci\u00f3n Portuguesa de F\u00fatbol. Adem\u00e1s, <strong>la afici\u00f3n brasile\u00f1a lleg\u00f3 a elegirlo \u201centrenador del siglo\u201d<\/strong>un reflejo del impacto que ha dejado en el pa\u00eds. <strong>Tambi\u00e9n, es el t\u00e9cnico con mayor longevidad al frente del Palmeiras y tambi\u00e9n el m\u00e1s laureado en la historia del club, un doble r\u00e9cord dif\u00edcil de igualar y que explica la gran confianza de la directiva de Palmeiras sobre su figura.<\/strong><span class=\"xai-icon\"\/><\/p>\n<\/div>\n\n","protected":false},"excerpt":{"rendered":"<p>Palmeiras ha anunciado esta ma\u00f1ana la renovaci\u00f3n de su t\u00e9cnico, Abel Ferreira, que lo ligar\u00e1 al club &#8216;Verd\u00e3o&#8217; hasta diciembre de 2027. La noticia lleg\u00f3 por sorpresa tras las cr\u00edticas recibidas por la afici\u00f3n, tras perder la final de la Copa Libertadores ante Flamengo (0-1) y el subcampeonato en el\u00a0Brasileir\u00e3o. El equipo de San Pablo &hellip;<\/p>\n","protected":false},"author":1,"featured_media":53519,"comment_status":"open","ping_status":"open","sticky":false,"template":"","format":"standard","meta":{"fifu_image_url":"https:\/\/objetos-xlk.estaticos-marca.com\/files\/article_main_microformat\/\/uploads\/2025\/12\/11\/693af8ce08e8e.jpeg","fifu_image_alt":"","footnotes":""},"categories":[6],"tags":[],"class_list":["post-53518","post","type-post","status-publish","format-standard","has-post-thumbnail","","category-deportes"],"_links":{"self":[{"href":"https:\/\/noticiasveraces.com\/index.php?rest_route=\/wp\/v2\/posts\/53518","targetHints":{"allow":["GET"]}}],"collection":[{"href":"https:\/\/noticiasveraces.com\/index.php?rest_route=\/wp\/v2\/posts"}],"about":[{"href":"https:\/\/noticiasveraces.com\/index.php?rest_route=\/wp\/v2\/types\/post"}],"author":[{"embeddable":true,"href":"https:\/\/noticiasveraces.com\/index.php?rest_route=\/wp\/v2\/users\/1"}],"replies":[{"embeddable":true,"href":"https:\/\/noticiasveraces.com\/index.php?rest_route=%2Fwp%2Fv2%2Fcomments&post=53518"}],"version-history":[{"count":0,"href":"https:\/\/noticiasveraces.com\/index.php?rest_route=\/wp\/v2\/posts\/53518\/revisions"}],"wp:featuredmedia":[{"embeddable":true,"href":"https:\/\/noticiasveraces.com\/index.php?rest_route=\/wp\/v2\/media\/53519"}],"wp:attachment":[{"href":"https:\/\/noticiasveraces.com\/index.php?rest_route=%2Fwp%2Fv2%2Fmedia&parent=53518"}],"wp:term":[{"taxonomy":"category","embeddable":true,"href":"https:\/\/noticiasveraces.com\/index.php?rest_route=%2Fwp%2Fv2%2Fcategories&post=53518"},{"taxonomy":"post_tag","embeddable":true,"href":"https:\/\/noticiasveraces.com\/index.php?rest_route=%2Fwp%2Fv2%2Ftags&post=53518"}],"curies":[{"name":"wp","href":"https:\/\/api.w.org\/{rel}","templated":true}]}}