{"id":53513,"date":"2025-12-11T17:51:01","date_gmt":"2025-12-11T21:51:01","guid":{"rendered":"https:\/\/noticiasveraces.com\/?p=53513"},"modified":"2025-12-11T17:51:01","modified_gmt":"2025-12-11T21:51:01","slug":"trova-fest-2025-despide-su-ruta-en-el-23-de-enero","status":"publish","type":"post","link":"https:\/\/noticiasveraces.com\/?p=53513","title":{"rendered":"Trova Fest 2025 despide su ruta en el 23 de Enero"},"content":{"rendered":"<p> \n<\/p>\n<div data-td-block-uid=\"tdi_110\">\n<div class=\"tdb-block-inner td-fix-index\">\n<p>Con m\u00fasica tradicional y contempor\u00e1nea de ra\u00edz popular, el Trova Fest 2025 se consolid\u00f3 como un espacio de amor, disfrute y conciencia. Este viernes 12 de diciembre, la fiesta cultural cierra esta etapa en la parroquia 23 de Enero, calle Real de Sierra Maestra, en la plaza \u00c1rbol de los Peluches de la comuna Sierra Maestra eje 5, en Caracas.<\/p>\n<p>El abrazo musical contar\u00e1 con Oriana Cantora, Al\u00ed Alejandro Primera, Sandino Primera, El Colibr\u00ed del Chiquero y Dame Pa\u2019 Matala, junto a agrupaciones locales como La Gaita Suena con E y la Parranda Canto y Tradici\u00f3n. Tras un recorrido nacional iniciado el 27 de febrero, esta ruta culmina celebrando la Navidad.<\/p>\n<blockquote class=\"instagram-media\" data-instgrm-captioned=\"\" data-instgrm-permalink=\"https:\/\/www.instagram.com\/reel\/DSIFztMjsU3\/?utm_source=ig_embed&amp;utm_campaign=loading\" data-instgrm-version=\"14\" style=\" background:#FFF; border:0; border-radius:3px; box-shadow:0 0 1px 0 rgba(0,0,0,0.5),0 1px 10px 0 rgba(0,0,0,0.15); margin: 1px; max-width:540px; min-width:326px; padding:0; width:99.375%; width:-webkit-calc(100% - 2px); width:calc(100% - 2px);\"\/><\/div>\n<\/div>\n<p><script async src=\"\/\/www.instagram.com\/embed.js\"><\/script><br \/>\n<br \/>\n","protected":false},"excerpt":{"rendered":"<p>Con m\u00fasica tradicional y contempor\u00e1nea de ra\u00edz popular, el Trova Fest 2025 se consolid\u00f3 como un espacio de amor, disfrute y conciencia. Este viernes 12 de diciembre, la fiesta cultural cierra esta etapa en la parroquia 23 de Enero, calle Real de Sierra Maestra, en la plaza \u00c1rbol de los Peluches de la comuna Sierra &hellip;<\/p>\n","protected":false},"author":1,"featured_media":53514,"comment_status":"open","ping_status":"open","sticky":false,"template":"","format":"standard","meta":{"fifu_image_url":"https:\/\/ultimasnoticias.com.ve\/wp-content\/uploads\/2025\/12\/Cuentan-con-un-repertorio-bastante-variado-696x522-1.jpg","fifu_image_alt":"","footnotes":""},"categories":[4],"tags":[],"class_list":["post-53513","post","type-post","status-publish","format-standard","has-post-thumbnail","","category-historias-destacadas"],"_links":{"self":[{"href":"https:\/\/noticiasveraces.com\/index.php?rest_route=\/wp\/v2\/posts\/53513","targetHints":{"allow":["GET"]}}],"collection":[{"href":"https:\/\/noticiasveraces.com\/index.php?rest_route=\/wp\/v2\/posts"}],"about":[{"href":"https:\/\/noticiasveraces.com\/index.php?rest_route=\/wp\/v2\/types\/post"}],"author":[{"embeddable":true,"href":"https:\/\/noticiasveraces.com\/index.php?rest_route=\/wp\/v2\/users\/1"}],"replies":[{"embeddable":true,"href":"https:\/\/noticiasveraces.com\/index.php?rest_route=%2Fwp%2Fv2%2Fcomments&post=53513"}],"version-history":[{"count":0,"href":"https:\/\/noticiasveraces.com\/index.php?rest_route=\/wp\/v2\/posts\/53513\/revisions"}],"wp:featuredmedia":[{"embeddable":true,"href":"https:\/\/noticiasveraces.com\/index.php?rest_route=\/wp\/v2\/media\/53514"}],"wp:attachment":[{"href":"https:\/\/noticiasveraces.com\/index.php?rest_route=%2Fwp%2Fv2%2Fmedia&parent=53513"}],"wp:term":[{"taxonomy":"category","embeddable":true,"href":"https:\/\/noticiasveraces.com\/index.php?rest_route=%2Fwp%2Fv2%2Fcategories&post=53513"},{"taxonomy":"post_tag","embeddable":true,"href":"https:\/\/noticiasveraces.com\/index.php?rest_route=%2Fwp%2Fv2%2Ftags&post=53513"}],"curies":[{"name":"wp","href":"https:\/\/api.w.org\/{rel}","templated":true}]}}