{"id":53510,"date":"2025-12-11T17:17:02","date_gmt":"2025-12-11T21:17:02","guid":{"rendered":"https:\/\/noticiasveraces.com\/?p=53510"},"modified":"2025-12-11T17:17:02","modified_gmt":"2025-12-11T21:17:02","slug":"sera-el-siguiente-trump-pone-en-la-mira-a-petro-y-escala-las-tensiones-en-la-region","status":"publish","type":"post","link":"https:\/\/noticiasveraces.com\/?p=53510","title":{"rendered":"\u201cSer\u00e1 el siguiente\u201d: Trump pone en la mira a Petro y escala las tensiones en la regi\u00f3n"},"content":{"rendered":"<p> \n<\/p>\n<div>\n<p>Del \u00abdesinformado\u00bb Trump al \u00abnarcotraficante\u00bb Petro. El cruce de acusaciones pone en jaque la relaci\u00f3n de dos aliados de larga data: Colombia y Estados Unidos.<\/p>\n<p>La nueva escalada de las tensiones entre los dos mandatarios se produjo el mi\u00e9rcoles 10 de diciembre, cuando el l\u00edder de la Casa Blanca sostuvo que el mandatario colombiano \u00abser\u00e1 el siguiente\u00bb, en alusi\u00f3n a la presi\u00f3n que Washington ejerce en la regi\u00f3n. Desde el pasado agosto, EE. UU. inici\u00f3 su mayor despliegue naval en d\u00e9cadas en el Caribe, seguido de ataques contra supuestas narcolanchas, que justifica bajo una pol\u00edtica de lucha contra las drogas, con la que, hasta el momento, ha apuntado directamente al presidente de Venezuela, Nicol\u00e1s Maduro.<\/p>\n<p>\u00ab\u00c9l (Petro) ha sido bastante hostil con Estados Unidos, no le he dado mucha importancia. \u00c9l va a tener pronto serios problemas si no se da cuenta. Colombia produce mucha droga; tienen f\u00e1bricas de coca\u00edna que producen coca\u00edna, \u00bfsabes?, y la env\u00edan a Estados Unidos. As\u00ed que m\u00e1s le vale que se d\u00e9 cuenta o ser\u00e1 el siguiente. Ser\u00e1 el siguiente pronto. Espero que me est\u00e9 escuchando, \u00e9l ser\u00e1 el siguiente\u00bb, remarc\u00f3 Trump ante la prensa en la Casa Blanca.<\/p>\n<div id=\"em-WBMZ356753-F24-ES-20251211\" class=\"m-em-flash\" data-xtwitter-script=\"\"><figcaption class=\"a-figcaption\">\n<\/figcaption><div class=\"o-em-consent \">\n<div class=\"o-em-consent__content\">\n<p class=\"o-em-consent__content__text\">Para mostrar este contenido de X (Twitter), debe autorizar las cookies de medici\u00f3n de audiencia y publicidad.<\/p>\n<p>        <button class=\"a-master-button a-master-button--dark\" data-action=\"accept\">Aceptar<i class=\"a-svg a-svg--icon-check\"\/><\/button><br \/>\n        <button class=\"a-link\" data-action=\"manage\">Gestionar mis opciones<i class=\"a-svg a-svg--icon-edit\"\/><\/button>\n    <\/div>\n<\/div>\n<\/div>\n<blockquote class=\"quote\">\n<p>\u00abTrump es un hombre\u00a0muy desinformado de Colombia\u00bb<\/p>\n<\/blockquote>\n<p>Si bien los dos l\u00edderes han protagonizado varios cruces de acusaciones, esta es la primera vez\u2013en medio del mayor despliegue militar estadounidense en la regi\u00f3n en d\u00e9cadas\u2013que Trump apunta directamente a Petro.<\/p>\n<p>La respuesta del presidente latinoamericano lleg\u00f3 poco despu\u00e9s, cuando contest\u00f3 que \u00abTrump es un hombre\u00a0muy desinformado de Colombia\u00bb.<\/p>\n<p>\u00abEs una l\u00e1stima, porque deshecha el pa\u00eds que m\u00e1s sabe de tr\u00e1fico de coca\u00edna\u00bb, agreg\u00f3.<\/p>\n<p>En un comunicado extenso, fraccionado en tres publicaciones fijadas en su perfil de X, el primer mandatario de izquierda en la historia de Colombia insisti\u00f3 en la idea de que \u00abmafiosos\u00bb que \u00e9l mismo ha combatido \u00abpor d\u00e9cadas\u00bb ahora est\u00e1n mintiendo a Trump sobre la realidad de la lucha antidrogas en la naci\u00f3n latinoamericana.<\/p>\n<div id=\"em-WBMZ356737-F24-ES-20251211\" class=\"m-em-flash\" data-xtwitter-script=\"\"><figcaption class=\"a-figcaption\">\n<\/figcaption><div class=\"o-em-consent \">\n<div class=\"o-em-consent__content\">\n<p class=\"o-em-consent__content__text\">Para mostrar este contenido de X (Twitter), debe autorizar las cookies de medici\u00f3n de audiencia y publicidad.<\/p>\n<p>        <button class=\"a-master-button a-master-button--dark\" data-action=\"accept\">Aceptar<i class=\"a-svg a-svg--icon-check\"\/><\/button><br \/>\n        <button class=\"a-link\" data-action=\"manage\">Gestionar mis opciones<i class=\"a-svg a-svg--icon-edit\"\/><\/button>\n    <\/div>\n<\/div>\n<\/div>\n<p>\u00abEsa desinformaci\u00f3n terrible hacia el presidente de los EE.\u00a0UU., lo lleva a frases y acciones que no se pueden hacer sobre un presidente elegido democr\u00e1ticamente por la mayor\u00eda de la sociedad colombiana. As\u00ed se irrespeta es a Colombia\u00bb, contin\u00fao Petro, antes de confesar sus diferencias con la Casa Blanca \u00absobre Palestina, Caribe, Venezuela y la eficacia de la lucha contra las mafias\u00bb.<\/p>\n<p>\u00abLos due\u00f1os de las mafias de la coca\u00edna viven en yates cerca a Dubai y en Madrid y han negociado con la justicia de EE. UU.\u00bb remarc\u00f3 Petro.<\/p>\n<p>Las declaraciones de Trump sobre la posibilidad de una mayor implicaci\u00f3n militar en Colombia, en el marco del despliegue en el Caribe, llega como una confirmaci\u00f3n de lo que coment\u00f3 el republicano al medio estadounidense\u00a0&#8216;Pol\u00edtico&#8217;, en una entrevista publicada el martes, en la que asegur\u00f3 que podr\u00eda ampliar las operaciones militares antidroga a M\u00e9xico y Colombia.<\/p>\n<p class=\"a-read-more\"><span class=\"a-read-more__label\">Leer tambi\u00e9n<\/span>Trump afirma que podr\u00eda extender acciones militares a Colombia y M\u00e9xico<\/p>\n<h2><strong>Pol\u00edticas antidrogas antag\u00f3nicas<\/strong><\/h2>\n<p>La estrategia contra el\u00a0narcotr\u00e1fico ha sido uno de los puntos m\u00e1s conflictivos en la relaci\u00f3n entre Donald Trump y Gustavo Petro, desde que el republicano regres\u00f3 a la Casa Blanca en enero de 2025. No se trata simplemente de desacuerdos t\u00e1cticos, sino de <strong>concepciones filos\u00f3ficas opuestas sobre la naturaleza del narcotr\u00e1fico, sus causas profundas y las soluciones v\u00e1lidas para enfrentarlo.<\/strong><\/p>\n<p>Si Trump autoriza ejecutar, sin juicio previo, a traficantes de droga en el mar, Petro defiende su estrategia fallida de \u00abpaz total\u00bb para desarmar pac\u00edficamente a los carteles del pa\u00eds.<\/p>\n<p>En ese sentido, mientras Washington se muestra partidario de m\u00e9todos como la erradicaci\u00f3n forzada de los cultivos de coca, Petro apuesta por la sustituci\u00f3n voluntaria de cultivos.<\/p>\n<p>\u00abLos cultivos de hoja de coca no se reducen tirando glifosato desde avionetas, sino disminuyendo la demanda de coca\u00edna fundamentalmente de EE.UU. y Europa\u00bb, expres\u00f3 la Presidencia de Colombia en un comunicado del pasado 15 de septiembre.\u00a0Washington, en cambio, centra sus esfuerzos en responsabilizar a los pa\u00edses productores, mientras omite la demanda creciente al interior de sus fronteras.<\/p>\n<p>La confrontaci\u00f3n entre Donald Trump y Gustavo Petro representa el choque frontal entre dos paradigmas radicalmente incompatibles en la pol\u00edtica antidrogas hemisf\u00e9rica.<\/p>\n<p>En septiembre de 2025,\u00a0Washington excluy\u00f3\u00a0a Colombia,\u00a0por primera vez en casi tres d\u00e9cadas, de los pa\u00edses colaboradores de su pol\u00edtica antidroga\u200b\u200b\u200b\u200b\u200b\u200b, al considerar que el Gobierno de Petro \u00abno ha conseguido cumplir sus obligaciones\u201d. Esta decisi\u00f3n que condenada por ministra de Relaciones Exteriores colombiana, <a href=\"https:\/\/twitter.com\/ryvillavicencio\/status\/1967783734721093827?ref_src=twsrc^tfw|twcamp^tweetembed|twterm^1967783734721093827|twgr^082fc01383d9d9fb993e219256624c50737bf2a8|twcon^s1_&amp;ref_url=https:\/\/www.radionacional.co\/actualidad\/politica\/gustavo-petro-culpo-al-gobierno-duque-del-crecimiento-de-cultivos-de-coca-en\" target=\"_blank\">Yolanda Villavicencio, quien la defini\u00f3 como \u00abpol\u00edtica y sesgada\u201d<\/a>.<\/p>\n<div class=\"m-em-image\">\n<figure class=\"m-item-image m-item-image--original m-item-image--has-caption\">\n<picture class=\"a-picture a-picture--original\"><source type=\"image\/webp\" srcset=\"https:\/\/s.france24.com\/media\/display\/f6ca6dba-c275-11f0-a6d6-005056a97e36\/w:246\/AP16215730377042.webp 246w,https:\/\/s.france24.com\/media\/display\/f6ca6dba-c275-11f0-a6d6-005056a97e36\/w:388\/AP16215730377042.webp 388w,https:\/\/s.france24.com\/media\/display\/f6ca6dba-c275-11f0-a6d6-005056a97e36\/w:720\/AP16215730377042.webp 720w,https:\/\/s.france24.com\/media\/display\/f6ca6dba-c275-11f0-a6d6-005056a97e36\/w:980\/AP16215730377042.webp 980w\" sizes=\"(max-width: 1023px) calc(100vw - 32px), (min-width: 1024px) 850px\"><img decoding=\"async\" fetchpriority=\"low\" src=\"https:\/\/s.france24.com\/media\/display\/f6ca6dba-c275-11f0-a6d6-005056a97e36\/w:980\/AP16215730377042.jpg\" srcset=\"https:\/\/s.france24.com\/media\/display\/f6ca6dba-c275-11f0-a6d6-005056a97e36\/w:246\/AP16215730377042.jpg 246w,https:\/\/s.france24.com\/media\/display\/f6ca6dba-c275-11f0-a6d6-005056a97e36\/w:388\/AP16215730377042.jpg 388w,https:\/\/s.france24.com\/media\/display\/f6ca6dba-c275-11f0-a6d6-005056a97e36\/w:720\/AP16215730377042.jpg 720w,https:\/\/s.france24.com\/media\/display\/f6ca6dba-c275-11f0-a6d6-005056a97e36\/w:980\/AP16215730377042.jpg 980w\" sizes=\"(max-width: 1023px) calc(100vw - 32px), (min-width: 1024px) 850px\" alt=\"Imagen de archivo. Un agente de la polic\u00eda antinarc\u00f3ticos camina frente a un laboratorio de coca\u00edna en llamas en Calamar, departamento del Guaviare, Colombia, el martes 2 de agosto de 2016.\" style=\"max-height:548px\" loading=\"lazy\" class=\"a-img \"\/><\/source><\/picture><figcaption class=\"a-figcaption\">\n                <span>Imagen de archivo. Un agente de la polic\u00eda antinarc\u00f3ticos camina frente a un laboratorio de coca\u00edna en llamas en Calamar, departamento del Guaviare, Colombia, el martes 2 de agosto de 2016.<\/span>                <span>AP-Fernando Vergara<\/span>            <\/figcaption><\/figure>\n<\/p><\/div>\n<p>Petro tambi\u00e9n defendi\u00f3 su estrategia contra el narcotr\u00e1fico: \u00abNos descertifican despu\u00e9s de que somos los que m\u00e1s incautamos coca\u00edna de toda la historia, los que hemos desmantelado miles de laboratorios\u00bb. <\/p>\n<p>La batalla discursiva sobre los n\u00fameros revela un abismo interpretativo. <strong>Petro afirma haber decomisado m\u00e1s de\u00a0700 toneladas de clorhidrato de coca\u00edna en 2025, un 8% m\u00e1s que en 2024, <\/strong>seg\u00fan del Ministerio de Defensa. Asimismo, reclama haber destruido el equivalente a un laboratorio de coca\u00edna cada 40 minutos.<\/p>\n<p>\u00abTrump habla de f\u00e1bricas de coca\u00edna, las f\u00e1bricas son rudimentarios invernaderos en medio de la selva. No se destruyen con misiles\u00bb, afirm\u00f3 Petro el mi\u00e9rcoles, antes de reivindicar la destrucci\u00f3n de \u00ab18.000 laboratorios (&#8230;) Sin matar una sola persona\u00bb.<\/p>\n<p>Semanas despu\u00e9s de la descertificaci\u00f3n, el Departamento del Tesoro incluy\u00f3 al presidente Petro y miembros de su c\u00edrculo cercano en la denominada &#8216;Lista Clinton&#8217;, reservada a personas y empresas vinculadas al narcotr\u00e1fico y al lavado de dinero.<\/p>\n<p>\u00abLa producci\u00f3n de coca\u00edna en Colombia ha alcanzado niveles r\u00e9cord\u00bb, se\u00f1al\u00f3 el comunicado oficial del Tesoro, que culp\u00f3 a Petro de brindar \u00abbeneficios a organizaciones narco-terroristas\u00bb. El secretario del la instituci\u00f3n, Scott Bessent, a\u00f1adi\u00f3 que el mandatario colombiano\u00a0\u00abha permitido que los carteles de droga florezcan y se ha negado a frenar su actividad\u00bb.<\/p>\n<p>Esa semana, Trump asegur\u00f3 en la plataforma Truth que Petro \u00abes un l\u00edder del narcotr\u00e1fico que fomenta fuertemente la producci\u00f3n masiva de drogas, tanto en campos grandes como peque\u00f1os, a lo largo de Colombia\u00bb.\u200b\u200b<\/p>\n<p>Las sanciones alcanzaron a la primera dama, Ver\u00f3nica Alcocer, el hijo mayor del presidente, Nicol\u00e1s Petro Burgos, y el ministro del Interior,\u00a0Armando Benedetti,\u00a0quienes ingresaron en la lista de la Oficina de Control de Activos Extranjeros (OFAC).<\/p>\n<p>Con este escenario hostil como tel\u00f3n de fondo, el despliegue militar ordenado por Trump en el Caribe, bajo el argumento de cazar a los traficantes de droga, ha actuado como un catalizador de la enemistad entre ambos presidentes.<\/p>\n<p class=\"a-read-more\"><span class=\"a-read-more__label\">Leer tambi\u00e9n<\/span>Amonestada, pero financiada: \u00bfqu\u00e9 implica la descertificaci\u00f3n condicionada de EE. UU. a Colombia?<\/p>\n<h2><strong>Roces en el Caribe<\/strong><\/h2>\n<p>Estados Unidos\u00a0mantiene el mayor despliegue militar en d\u00e9cadas en la regi\u00f3n con el argumento de perseguir a los c\u00e1rteles de narcotr\u00e1fico. Inicialmente, cuatro buques de guerra, un submarino y 4.000 hombres se sumaron desplazaron al sur.<\/p>\n<p>El despliegue fue sumando efectivos y equipamiento militar hasta convertirse en el m\u00e1s intenso desde el derrocamiento del general paname\u00f1o Manuel Noriega en 1989.<\/p>\n<p>A inicios de noviembre, la llegada al Caribe del portaaviones m\u00e1s avanzado y letal del planeta, el Gerald R. Ford, evidenci\u00f3 el deseo de Washington de proyectar una operaci\u00f3n de gran envergadura. El r\u00e9gimen chavista de Venezuela denunci\u00f3 un plan de Trump para facilitar \u00abun cambio de r\u00e9gimen\u00bb, en palabras del propio Nicol\u00e1s Maduro.<\/p>\n<div class=\"m-em-image\">\n<figure class=\"m-item-image m-item-image--original m-item-image--has-caption\">\n<picture class=\"a-picture a-picture--original\"><source type=\"image\/webp\" srcset=\"https:\/\/s.france24.com\/media\/display\/6925fad8-cfb3-11f0-9c91-005056a90284\/w:246\/2025-11-16T214231Z-848259457-RC2VVHAJ8HVY-RTRMADP-3-USA-VENEZUELA-MILITARY.webp 246w,https:\/\/s.france24.com\/media\/display\/6925fad8-cfb3-11f0-9c91-005056a90284\/w:388\/2025-11-16T214231Z-848259457-RC2VVHAJ8HVY-RTRMADP-3-USA-VENEZUELA-MILITARY.webp 388w,https:\/\/s.france24.com\/media\/display\/6925fad8-cfb3-11f0-9c91-005056a90284\/w:720\/2025-11-16T214231Z-848259457-RC2VVHAJ8HVY-RTRMADP-3-USA-VENEZUELA-MILITARY.webp 720w,https:\/\/s.france24.com\/media\/display\/6925fad8-cfb3-11f0-9c91-005056a90284\/w:980\/2025-11-16T214231Z-848259457-RC2VVHAJ8HVY-RTRMADP-3-USA-VENEZUELA-MILITARY.webp 980w\" sizes=\"(max-width: 1023px) calc(100vw - 32px), (min-width: 1024px) 850px\"><img decoding=\"async\" fetchpriority=\"low\" src=\"https:\/\/s.france24.com\/media\/display\/6925fad8-cfb3-11f0-9c91-005056a90284\/w:980\/2025-11-16T214231Z-848259457-RC2VVHAJ8HVY-RTRMADP-3-USA-VENEZUELA-MILITARY.jpg\" srcset=\"https:\/\/s.france24.com\/media\/display\/6925fad8-cfb3-11f0-9c91-005056a90284\/w:246\/2025-11-16T214231Z-848259457-RC2VVHAJ8HVY-RTRMADP-3-USA-VENEZUELA-MILITARY.jpg 246w,https:\/\/s.france24.com\/media\/display\/6925fad8-cfb3-11f0-9c91-005056a90284\/w:388\/2025-11-16T214231Z-848259457-RC2VVHAJ8HVY-RTRMADP-3-USA-VENEZUELA-MILITARY.jpg 388w,https:\/\/s.france24.com\/media\/display\/6925fad8-cfb3-11f0-9c91-005056a90284\/w:720\/2025-11-16T214231Z-848259457-RC2VVHAJ8HVY-RTRMADP-3-USA-VENEZUELA-MILITARY.jpg 720w,https:\/\/s.france24.com\/media\/display\/6925fad8-cfb3-11f0-9c91-005056a90284\/w:980\/2025-11-16T214231Z-848259457-RC2VVHAJ8HVY-RTRMADP-3-USA-VENEZUELA-MILITARY.jpg 980w\" sizes=\"(max-width: 1023px) calc(100vw - 32px), (min-width: 1024px) 850px\" alt=\"El Grupo de Ataque del Portaaviones Gerald R. Ford de la Armada de los EE. UU. navega hacia el mar Caribe, el 13 de noviembre de 2025.\" style=\"max-height:567px\" loading=\"lazy\" class=\"a-img \"\/><\/source><\/picture><figcaption class=\"a-figcaption\">\n                <span>El Grupo de Ataque del Portaaviones Gerald R. Ford de la Armada de los EE. UU. navega hacia el mar Caribe, el 13 de noviembre de 2025.<\/span>                <span>v\u00eda REUTERS &#8211; Marina de los EE. UU.<\/span>            <\/figcaption><\/figure>\n<\/p><\/div>\n<p>Estados Unidos ha\u00a0ampliado los ejercicios militares a la isla de Puerto Rico y Trinidad y Tobago.<\/p>\n<p>En paralelo, Washington ha ordenado bombardear m\u00e1s de una veintena de lanchas en el Caribe, a las que acus\u00f3, sin pruebas, de transportar drogas hacia EE. UU. Cerca de 80 personas han muerto durante los operativos, cuya legalidad ha sido cuestionada por Naciones Unidas, Human Rights Watch y Amnist\u00eda Internacional.<\/p>\n<p>Antes de estos organismos, Petro fue uno de los primeros l\u00edderes regionales en condenar los bombardeos, a los que se refiri\u00f3 como \u00abejecuciones extrajudiciales\u00bb.<\/p>\n<p>Este martes, el presidente colombiano insisti\u00f3 en que \u00abno es cierto que con misiles sobre lancheros se est\u00e1 luchando contra narcoterroristas\u00bb. Y agreg\u00f3: \u00abLa coca\u00edna sale m\u00e1s por el Pac\u00edfico que por el Caribe, sale m\u00e1s en flota mercante que en lancha, las lanchas solo son transportadoras a los barcos\u00bb.<\/p>\n<div class=\"em-video-wrapper m-em-video\" data-media-video-wbmz356740-f24-es-20251211=\"\" data-wrapper-video-player=\"\" data-show-hidden-video-player=\"WBMZ356740-F24-ES-20251211\" data-youtube-script=\"\">\n<div class=\"m-em-video__video\">\n<div class=\"o-em-consent \">\n<div class=\"o-em-consent__content\">\n<p class=\"o-em-consent__content__text\">Para mostrar este contenido de YouTube, debe autorizar las cookies de medici\u00f3n de audiencia y publicidad.<\/p>\n<p>        <button class=\"a-master-button a-master-button--dark\" data-action=\"accept\">Aceptar<i class=\"a-svg a-svg--icon-check\"\/><\/button><br \/>\n        <button class=\"a-link\" data-action=\"manage\">Gestionar mis opciones<i class=\"a-svg a-svg--icon-edit\"\/><\/button>\n    <\/div>\n<\/div>\n<div class=\"o-em-adblock\" data-adblock-content=\"\">\n<div class=\"o-em-adblock__content\">\n<p class=\"o-em-adblock__content__text\">Una extensi\u00f3n de tu navegador parece estar bloqueando la carga del reproductor de video. Para poder ver este contenido, debes desactivarla en este sitio.<\/p>\n<p>            <button class=\"a-master-button a-master-button--dark\" data-action=\"reload\">Reintentar<\/button>\n    <\/div>\n<\/div>\n<figure class=\"m-item-image m-item-image--16x9 m-item-image--has-caption\">\n<picture class=\"a-picture a-picture--16x9\"><source type=\"image\/webp\" srcset=\"https:\/\/s.france24.com\/media\/display\/3a49441a-cfb1-11f0-8c2b-005056bf30b7\/w:388\/p:16x9\/AP25336620144228.webp 388w,https:\/\/s.france24.com\/media\/display\/3a49441a-cfb1-11f0-8c2b-005056bf30b7\/w:720\/p:16x9\/AP25336620144228.webp 720w,https:\/\/s.france24.com\/media\/display\/3a49441a-cfb1-11f0-8c2b-005056bf30b7\/w:1024\/p:16x9\/AP25336620144228.webp 1024w,https:\/\/s.france24.com\/media\/display\/3a49441a-cfb1-11f0-8c2b-005056bf30b7\/w:1280\/p:16x9\/AP25336620144228.webp 1280w\" sizes=\"(max-width: 639px) calc(100vw - 32px), (max-width: 1076px) calc(100vw - 44px), 850px\"><img decoding=\"async\" fetchpriority=\"low\" src=\"https:\/\/s.france24.com\/media\/display\/3a49441a-cfb1-11f0-8c2b-005056bf30b7\/w:1280\/p:16x9\/AP25336620144228.jpg\" srcset=\"https:\/\/s.france24.com\/media\/display\/3a49441a-cfb1-11f0-8c2b-005056bf30b7\/w:388\/p:16x9\/AP25336620144228.jpg 388w,https:\/\/s.france24.com\/media\/display\/3a49441a-cfb1-11f0-8c2b-005056bf30b7\/w:720\/p:16x9\/AP25336620144228.jpg 720w,https:\/\/s.france24.com\/media\/display\/3a49441a-cfb1-11f0-8c2b-005056bf30b7\/w:1024\/p:16x9\/AP25336620144228.jpg 1024w,https:\/\/s.france24.com\/media\/display\/3a49441a-cfb1-11f0-8c2b-005056bf30b7\/w:1280\/p:16x9\/AP25336620144228.jpg 1280w\" sizes=\"auto, (max-width: 639px) calc(100vw - 32px), (max-width: 1076px) calc(100vw - 44px), 850px\" width=\"1280\" height=\"720\" alt=\"El presidente Donald Trump habla durante una reuni\u00f3n del gabinete en la Casa Blanca, el martes 2 de diciembre de 2025, en Washington, mientras el secretario de Defensa Pete Hegseth observa.\" loading=\"lazy\" class=\"a-img \"\/><\/source><\/picture><figcaption class=\"a-figcaption\">\n                <span>El presidente Donald Trump habla durante una reuni\u00f3n del gabinete en la Casa Blanca, el martes 2 de diciembre de 2025, en Washington, mientras el secretario de Defensa Pete Hegseth observa.<\/span>                <span>AP &#8211; Julia Demaree Nikhinson<\/span>            <\/figcaption><\/figure>\n<\/p><\/div>\n<\/p><\/div>\n<p>El despliegue en el Caribe no fue la \u00fanica medida que cuestion\u00f3 Petro de la Administraci\u00f3n Trump. El colombiano desliz\u00f3, de una forma casi imperceptible, su descontento por el indulto al expresidente hondure\u00f1o Juan Orlando Hern\u00e1ndez, liberado de una prisi\u00f3n de EE. UU., donde cumpl\u00eda una condena de 45 a\u00f1os por delitos de narcotr\u00e1fico. <\/p>\n<p>\u00abHe solicitado un plan de lucha y persecuci\u00f3n mundial a capitales y bienes de los narcos. No es indult\u00e1ndolos, no comparto esas decisiones. Negociar penas con narcos lo hace la justicia no los gobiernos\u00bb, azuz\u00f3 Petro en X.<\/p>\n<p>Las acusaciones cruzadas entre Bogot\u00e1 y Washington debilitan el poder de interlocuci\u00f3n de Petro ante la creciente tensi\u00f3n entre Estados Unidos y Venezuela.<\/p>\n<p>El presidente colombiano emiti\u00f3 el mi\u00e9rcoles un mensaje en el que rechaz\u00f3 la posibilidad de una intervenci\u00f3n militar de EE. UU. en el pa\u00eds vecino, por lo que inst\u00f3 a una \u201camnist\u00eda general\u201d, as\u00ed como a una transici\u00f3n democr\u00e1tica del poder. \u00abLa patria de Bol\u00edvar se defiende con m\u00e1s democracia y soberan\u00eda\u201d, concluy\u00f3 el mandatario colombiano.<\/p>\n<p class=\"a-read-more\"><span class=\"a-read-more__label\">Leer tambi\u00e9n<\/span>Tensi\u00f3n Washington-Caracas: lo que sabemos del petrolero interceptado frente a las cosas venezolanas<\/p>\n<p>Con EFE y medios locales<\/p>\n<\/p><\/div>\n<p><script async src=\"https:\/\/platform.twitter.com\/widgets.js\" charset=\"utf-8\"><\/script><br \/>\n<br \/>\n","protected":false},"excerpt":{"rendered":"<p>Del \u00abdesinformado\u00bb Trump al \u00abnarcotraficante\u00bb Petro. El cruce de acusaciones pone en jaque la relaci\u00f3n de dos aliados de larga data: Colombia y Estados Unidos. La nueva escalada de las tensiones entre los dos mandatarios se produjo el mi\u00e9rcoles 10 de diciembre, cuando el l\u00edder de la Casa Blanca sostuvo que el mandatario colombiano \u00abser\u00e1 &hellip;<\/p>\n","protected":false},"author":1,"featured_media":53512,"comment_status":"open","ping_status":"open","sticky":false,"template":"","format":"standard","meta":{"fifu_image_url":"https:\/\/s.france24.com\/media\/display\/b8d8b5f0-b660-11f0-aca0-005056a90284\/w:1280\/p:16x9\/IVS-DESINFO-31OCT-PORTADA-WEB-00062.jpg","fifu_image_alt":"","footnotes":""},"categories":[13],"tags":[],"class_list":["post-53510","post","type-post","status-publish","format-standard","has-post-thumbnail","","category-mundo"],"_links":{"self":[{"href":"https:\/\/noticiasveraces.com\/index.php?rest_route=\/wp\/v2\/posts\/53510","targetHints":{"allow":["GET"]}}],"collection":[{"href":"https:\/\/noticiasveraces.com\/index.php?rest_route=\/wp\/v2\/posts"}],"about":[{"href":"https:\/\/noticiasveraces.com\/index.php?rest_route=\/wp\/v2\/types\/post"}],"author":[{"embeddable":true,"href":"https:\/\/noticiasveraces.com\/index.php?rest_route=\/wp\/v2\/users\/1"}],"replies":[{"embeddable":true,"href":"https:\/\/noticiasveraces.com\/index.php?rest_route=%2Fwp%2Fv2%2Fcomments&post=53510"}],"version-history":[{"count":0,"href":"https:\/\/noticiasveraces.com\/index.php?rest_route=\/wp\/v2\/posts\/53510\/revisions"}],"wp:featuredmedia":[{"embeddable":true,"href":"https:\/\/noticiasveraces.com\/index.php?rest_route=\/wp\/v2\/media\/53512"}],"wp:attachment":[{"href":"https:\/\/noticiasveraces.com\/index.php?rest_route=%2Fwp%2Fv2%2Fmedia&parent=53510"}],"wp:term":[{"taxonomy":"category","embeddable":true,"href":"https:\/\/noticiasveraces.com\/index.php?rest_route=%2Fwp%2Fv2%2Fcategories&post=53510"},{"taxonomy":"post_tag","embeddable":true,"href":"https:\/\/noticiasveraces.com\/index.php?rest_route=%2Fwp%2Fv2%2Ftags&post=53510"}],"curies":[{"name":"wp","href":"https:\/\/api.w.org\/{rel}","templated":true}]}}