{"id":53500,"date":"2025-12-11T13:47:29","date_gmt":"2025-12-11T17:47:29","guid":{"rendered":"https:\/\/noticiasveraces.com\/?p=53500"},"modified":"2025-12-11T13:47:29","modified_gmt":"2025-12-11T17:47:29","slug":"venezuela-ataques-de-israel-a-cascos-azules-menores-en-redes-sociales-las-noticias-del-miercoles","status":"publish","type":"post","link":"https:\/\/noticiasveraces.com\/?p=53500","title":{"rendered":"Venezuela, ataques de Israel a cascos azules, menores en redes sociales&#8230; Las noticias del mi\u00e9rcoles"},"content":{"rendered":"<p> \n<\/p>\n<div>\n<h2>Alto Comisionado pide una desescalada en las tensiones entre Venezuela y Estados Unidos<\/h2>\n<p>El Alto Comisionado para los derechos humanos pidi\u00f3 una desescalada de las tensiones entre Venezuela y Estados Unidos, y repiti\u00f3 que los ataques a embarcaciones en el Caribe y el Pac\u00edfico son una violaci\u00f3n del derecho internacional.<\/p>\n<p>Volker T\u00fcrk dijo que le preocupa la situaci\u00f3n de los derechos humanos en Venezuela, pero que <strong>\u201ccualquier escalada no est\u00e1 en inter\u00e9s de nadie\u201d.<\/strong><\/p>\n<p>\u201cPor eso llamamos siempre a una desescalada, a encontrar una manera de abordar esto mediante un compromiso constructivo entre los dos pa\u00edses\u201d, dijo Volker T\u00fcrk en una rueda de prensa con ocasi\u00f3n del D\u00eda Internacional de los Derechos Humanos.<\/p>\n<p>El Alto Comisionado repiti\u00f3 que los ataques a embarcaciones, en los que han muerto m\u00e1s de 80 personas son una violaci\u00f3n del derecho internacional y pidi\u00f3 investigaciones independientes.<\/p>\n<p>\u201cHemos visto que el Congreso de Estados Unidos est\u00e1 debatiendo estos ataques, y espero que ello conduzca a una investigaci\u00f3n seria, r\u00e1pida e independiente que permita esclarecer plenamente lo que ha ocurrido all\u00ed\u201d, subray\u00f3.<\/p>\n<p>Por otro lado, preguntado por declaraciones del gobierno de Venezuela asegurando que<strong> Maria Corina Machado, la ganadora del Nobel de la Paz, ser\u00e1 considerada una \u201cfugitiva\u201d <\/strong>tras haber salido del pa\u00eds para recoger el galard\u00f3n, el portavoz de la ONU dijo que es algo inaceptable.<\/p>\n<p><strong>\u201cCualquier amenaza a Machado por ganar o recibir el premio Nobel es inaceptable. <\/strong>No deber\u00eda haber ninguna amenaza contra ella ni contra nadie que trabaje por apoyar los derechos Humanos en Venezuela\u201d, dijo el portavoz del Secretario General, Farhan Haq.<\/p>\n<h2>ONU Derechos Humanos documenta \u00abmiles\u00bb de asesinatos en la toma de El Fasher, en Sud\u00e1n<\/h2>\n<div class=\"context-un_news_large_credit type-entermedia_image media media--type-entermedia-image media--view-mode-un-news-large-credit\">\n<div class=\"field field--name-thumbnail field--type-image field--label-hidden field__item\"><img decoding=\"async\" src=\"https:\/\/global.unitednations.entermediadb.net\/assets\/mediadb\/services\/module\/asset\/downloads\/preset\/Libraries\/Production%20Library\/05-12-2025-UNOCHA-Sudan.jpg\/image770x420cropped.jpg\" alt=\"Miles de personas han huido de El Fasher y sus alrededores, y muchas han llegado a la localidad de Tawila tras caminar durante d\u00edas bajo la amenaza de la violencia.\" title=\"Miles de personas han huido de El Fasher y sus alrededores, y muchas han llegado a la localidad de Tawila tras caminar durante d\u00edas bajo la amenaza de la violencia.\" loading=\"lazy\" width=\"770\" height=\"420\"\/>\n<\/div>\n<\/div>\n<p>La Oficina de Derechos Humanos ha documentado el asesinato de miles de personas durante la toma de la localidad sudanesa de El Fasher, en Darfur, por parte de las por las rebeldes Fuerzas de Apoyo R\u00e1pido (FAR).<\/p>\n<p>La Oficina entrevist\u00f3 a testigos de lo ocurrido por separado.<\/p>\n<p>\u201c<strong>El patr\u00f3n que se desprende es que miles de personas fueron asesinadas en un periodo de tiempo muy corto<\/strong>a finales de octubre. No conocemos la cifra exacta, pero hablamos de miles, no s\u00f3lo de cientos\u201d, se\u00f1al\u00f3 en rueda de prensa<\/p>\n<p>Hubo ejecuciones sumarias, y asesinatos de personas que\u00a0trataban salir de Al Fasher, violaciones en grupo delante de familias\u2026<\/p>\n<p>Turk considera que se han cometido cr\u00edmenes atroces, cr\u00edmenes de guerra y potencialmente cr\u00edmenes de lesa humanidad.<\/p>\n<h2>Un tanque israel\u00ed dispara contra un convoy de los cascos azules en el L\u00edbano<\/h2>\n<div class=\"context-un_news_large_credit type-entermedia_image media media--type-entermedia-image media--view-mode-un-news-large-credit\">\n<div class=\"field field--name-thumbnail field--type-image field--label-hidden field__item\"><img decoding=\"async\" src=\"https:\/\/global.unitednations.entermediadb.net\/assets\/mediadb\/services\/module\/asset\/downloads\/preset\/Libraries\/Production%20Library\/13-10-2024-UN_Photo-UNIFIL_1.jpg\/image770x420cropped.jpg\" alt=\"Fuerzas de mantenimiento de la paz de UNIFIL patrullan a lo largo de la L\u00ednea Azul. \" title=\"Fuerzas de mantenimiento de la paz de UNIFIL patrullan a lo largo de la L\u00ednea Azul. \" loading=\"lazy\" width=\"770\" height=\"420\"\/>\n<\/div>\n<\/div>\n<p>La Misi\u00f3n de la ONU en el L\u00edbano ha denunciado que soldados israel\u00edes dispararon desde un tanque contra veh\u00edculos de las fuerzas de paz que patrullaban la L\u00ednea Azul cerca de Sarda.<\/p>\n<p><strong>Se dispar\u00f3 una r\u00e1faga de diez balas de ametralladora sobre el convoy<\/strong> y otras cuatro r\u00e1fagas de diez balas cerca de \u00e9l.<\/p>\n<p>Las fuerzas de paz pidieron a las soldados que cesaran el fuego a trav\u00e9s de los canales de enlace. <\/p>\n<p>Tanto los cascos azules como el tanque de Israel se encontraban en territorio liban\u00e9s en ese momento. Afortunadamente, no hubo heridos.<\/p>\n<p>Los soldados israel\u00edes hab\u00edan sido informados con antelaci\u00f3n de la ubicaci\u00f3n y el horario de la patrulla, siguiendo la pr\u00e1ctica habitual para las patrullas en zonas sensibles cerca de la L\u00ednea Azul.<\/p>\n<p>\u201cLos ataques contra el personal de mantenimiento de la paz o en sus proximidades constituyen graves violaciones de la resoluci\u00f3n 1701 del Consejo de Seguridad\u201d, dijo la Misi\u00f3n en un comunicado. \u201cEn esta situaci\u00f3n tan delicada, pedimos a Israel que cese su comportamiento agresivo y sus ataques contra el personal de mantenimiento de la paz que trabaja para restablecer la estabilidad a lo largo de la L\u00ednea Azul o en sus proximidades\u201d.<\/p>\n<h2>Prohibir las redes sociales para menores, como Australia, \u00abtienen sus propios riesgos\u00bb, dice UNICEF<\/h2>\n<div class=\"context-un_news_large_credit type-entermedia_image media media--type-entermedia-image media--view-mode-un-news-large-credit\">\n<div class=\"field field--name-thumbnail field--type-image field--label-hidden field__item\"><img decoding=\"async\" src=\"https:\/\/global.unitednations.entermediadb.net\/assets\/mediadb\/services\/module\/asset\/downloads\/preset\/Collections\/Embargoed\/11-02-2025-UNICEF-Ethiopia.jpg\/image770x420cropped.jpg\" alt=\"Las redes sociales pueden facilitar el ciberacoso.\" title=\"Las redes sociales pueden facilitar el ciberacoso.\" loading=\"lazy\" width=\"770\" height=\"420\"\/>\n<\/div>\n<\/div>\n<p>Las prohibiciones de las redes sociales para menores, como ha hecho Australia, <strong>\u201ctienen sus propios riesgos y pueden incluso ser contraproducentes\u201d, <\/strong>alerta UNICEF.<\/p>\n<p>La agencia para la infancia considera que las restricciones de edad deben formar parte de un enfoque m\u00e1s amplio\u201d que respete sus derechos a la privacidad y la participaci\u00f3n, y evite empujarlos a espacios no regulados y menos seguros.<\/p>\n<p>Las leyes que introducen restricciones de edad <strong>no son una alternativa a que las empresas mejoren el dise\u00f1o de plataformas y la moderaci\u00f3n de contenido.<\/strong><\/p>\n<p>La agencia recuerda que, para muchos ni\u00f1os, incluidos aquellos que viven en entornos aislados o marginales, las redes dan acceso al \u201caprendizaje, conexi\u00f3n, juego y expresi\u00f3n\u201d.<\/p>\n<p>Adem\u00e1s, advierte que muchos ni\u00f1os seguir\u00e1n usando las redes mintiendo sobre su edad, en dispositivos compartidos o en plataformas menos reguladas, lo que en \u00faltima instancia har\u00e1 m\u00e1s dif\u00edcil protegerlos.<\/p>\n<\/div>\n\n","protected":false},"excerpt":{"rendered":"<p>Alto Comisionado pide una desescalada en las tensiones entre Venezuela y Estados Unidos El Alto Comisionado para los derechos humanos pidi\u00f3 una desescalada de las tensiones entre Venezuela y Estados Unidos, y repiti\u00f3 que los ataques a embarcaciones en el Caribe y el Pac\u00edfico son una violaci\u00f3n del derecho internacional. Volker T\u00fcrk dijo que le &hellip;<\/p>\n","protected":false},"author":1,"featured_media":53502,"comment_status":"open","ping_status":"open","sticky":false,"template":"","format":"standard","meta":{"fifu_image_url":"https:\/\/global.unitednations.entermediadb.net\/assets\/mediadb\/services\/module\/asset\/downloads\/preset\/Libraries\/Production%20Library\/14-02-2024_UN-News_Caracas.jpg\/image770x420cropped.jpg","fifu_image_alt":"","footnotes":""},"categories":[3],"tags":[],"class_list":["post-53500","post","type-post","status-publish","format-standard","has-post-thumbnail","","category-negocio"],"_links":{"self":[{"href":"https:\/\/noticiasveraces.com\/index.php?rest_route=\/wp\/v2\/posts\/53500","targetHints":{"allow":["GET"]}}],"collection":[{"href":"https:\/\/noticiasveraces.com\/index.php?rest_route=\/wp\/v2\/posts"}],"about":[{"href":"https:\/\/noticiasveraces.com\/index.php?rest_route=\/wp\/v2\/types\/post"}],"author":[{"embeddable":true,"href":"https:\/\/noticiasveraces.com\/index.php?rest_route=\/wp\/v2\/users\/1"}],"replies":[{"embeddable":true,"href":"https:\/\/noticiasveraces.com\/index.php?rest_route=%2Fwp%2Fv2%2Fcomments&post=53500"}],"version-history":[{"count":0,"href":"https:\/\/noticiasveraces.com\/index.php?rest_route=\/wp\/v2\/posts\/53500\/revisions"}],"wp:featuredmedia":[{"embeddable":true,"href":"https:\/\/noticiasveraces.com\/index.php?rest_route=\/wp\/v2\/media\/53502"}],"wp:attachment":[{"href":"https:\/\/noticiasveraces.com\/index.php?rest_route=%2Fwp%2Fv2%2Fmedia&parent=53500"}],"wp:term":[{"taxonomy":"category","embeddable":true,"href":"https:\/\/noticiasveraces.com\/index.php?rest_route=%2Fwp%2Fv2%2Fcategories&post=53500"},{"taxonomy":"post_tag","embeddable":true,"href":"https:\/\/noticiasveraces.com\/index.php?rest_route=%2Fwp%2Fv2%2Ftags&post=53500"}],"curies":[{"name":"wp","href":"https:\/\/api.w.org\/{rel}","templated":true}]}}