{"id":53483,"date":"2025-12-11T12:06:54","date_gmt":"2025-12-11T16:06:54","guid":{"rendered":"https:\/\/noticiasveraces.com\/?p=53483"},"modified":"2025-12-11T12:06:54","modified_gmt":"2025-12-11T16:06:54","slug":"expulsaron-de-venezuela-al-equipo-del-canal-argentino-c5n","status":"publish","type":"post","link":"https:\/\/noticiasveraces.com\/?p=53483","title":{"rendered":"Expulsaron de Venezuela al equipo del canal argentino C5N"},"content":{"rendered":"<p> \n<\/p>\n<div>\n<article>\n<div class=\"image-featured\">\n<img src=\"data:image\/png;base64,iVBORw0KGgoAAAANSUhEUgAAA9QAAAQCAQAAAABlb42VAAAAAnRSTlMAAHaTzTgAAACSSURBVHja7cGBAAAAAMOg+VPf4ARVAQAAAAAAAAAAAAAAAAAAAAAAAAAAAAAAAAAAAAAAAAAAAAAAAAAAAAAAAAAAAAAAAAAAAAAAAAAAAAAAAAAAAAAAAAAAAAAAAAAAAAAAAAAAAAAAAAAAAAAAAAAAAAAAAAAAAAAAAAAAAAAAAAAAAAAAAAAAAAAAAAAA8AzxBwAB4rABTAAAAABJRU5ErkJggg==\" alt=\"Periodista canal C5N\" data-src=\"https:\/\/elnacional-uploads.nyc3.digitaloceanspaces.com\/wp-content\/uploads\/2025\/12\/10145257\/Periodista-canal-C5N.jpg\" decoding=\"async\" class=\"lazyload\" data-eio-rwidth=\"980\" data-eio-rheight=\"1026\"\/><img decoding=\"async\" src=\"https:\/\/elnacional-uploads.nyc3.digitaloceanspaces.com\/wp-content\/uploads\/2025\/12\/10145257\/Periodista-canal-C5N.jpg\" alt=\"Periodista canal C5N\" data-eio=\"l\"\/><figcaption>Foto: Captura de pantalla<\/figcaption><\/div>\n<p>Un equipo period\u00edstico del canal argentino <em>C5N <\/em>fue expulsado de Venezuela este mi\u00e9rcoles en la madrugada, denunci\u00f3 el Sindicato Nacional de Trabajadores de la Prensa (SNTP).<\/p>\n<p>El gremio inform\u00f3 en su cuenta de X que el equipo, que hab\u00eda llegado al pa\u00eds en vuelo con destino al aeropuerto internacional de Maiquet\u00eda (que sirve a Caracas), fue interceptado por las autoridades migratorias. Seg\u00fan el SNTP, a los periodistas \u201cles retuvieron sus pasaportes y les comunicaron que no ten\u00edan ingreso admitido al pa\u00eds\u201d.<\/p>\n<p>Los profesionales permanecieron cerca de dos horas en migraci\u00f3n, donde les tomaron fotograf\u00edas y les formularon preguntas despu\u00e9s de entregar su documentaci\u00f3n.<\/p>\n<p>El equipo estaba integrado por los periodistas Adri\u00e1n Salonia y Nicol\u00e1s Munaf\u00f3, y el camar\u00f3grafo Fabi\u00e1n Sol\u00eds, inform\u00f3 el SNTP.<\/p>\n<figure class=\"wp-block-embed is-type-rich is-provider-twitter wp-block-embed-twitter\"\/>\n<h2 class=\"wp-block-heading\" id=\"h-decenas-de-preguntas-y-expulsion-sin-explicacion\"><strong>Decenas de preguntas y expulsi\u00f3n sin explicaci\u00f3n<\/strong><\/h2>\n<p>El gremio difundi\u00f3 un video de <em>C5N<\/em><em> <\/em>en el que Salonia relata que les hicieron \u201cdecenas de preguntas\u201d hasta que las autoridades les notificaron que no contaban con \u201cingreso permitido\u201d a Venezuela.<\/p>\n<p>Salonia detall\u00f3 que los condujeron posteriormente a un avi\u00f3n con destino a Bolivia, donde aguardaban para regresar a Buenos Aires. \u201cFuimos expulsados r\u00e1pidamente y sin ninguna explicaci\u00f3n\u201d, se\u00f1al\u00f3 el periodista.<\/p>\n<blockquote class=\"instagram-media\" data-instgrm-permalink=\"https:\/\/www.instagram.com\/reel\/DSFrtKjkpCj\/?utm_source=ig_web_copy_link&amp;igsh=MzRlODBiNWFlZA==\" data-instgrm-version=\"14\" style=\"max-width: 500px\"\/>\n<h2 class=\"wp-block-heading\" id=\"h-confiscacion-del-pasaporte-al-cardenal-baltazar-porras\"><strong>Confiscaci\u00f3n del pasaporte al cardenal Baltazar Porras<\/strong><\/h2>\n<p>Este mismo mi\u00e9rcoles, el cardenal venezolano Baltazar Porras denunci\u00f3 que le confiscaron el pasaporte en el aeropuerto internacional de Maiquet\u00eda cuando se dispon\u00eda a viajar a Colombia -con destino final a Espa\u00f1a- y fue amenazado con detenci\u00f3n al intentar fotografiar un documento que registraba su presunto \u201cincumplimiento de las normas para viajar\u201d.<\/p>\n<p>Estos incidentes ocurren el mismo d\u00eda en que se entreg\u00f3 el Premio Nobel de la Paz 2025 a la l\u00edder opositora venezolana Mar\u00eda Corina Machado. La galardonada, que permanece en la clandestinidad desde hace once meses, no pudo asistir a la ceremonia en Oslo, aunque se esperaba su llegada a la capital noruega \u201cen unas horas\u201d, confirm\u00f3 su hija, Ana Corina Sosa, quien recibi\u00f3 el premio en su nombre.<\/p>\n<p>La ONG Espacio P\u00fablico report\u00f3 este martes que en noviembre se documentaron nueve violaciones de la libertad de expresi\u00f3n en Venezuela, la mayor\u00eda relacionadas con censura y restricciones administrativas. La organizaci\u00f3n advirti\u00f3 que existe una posible subestimaci\u00f3n en los registros debido al \u201cmiedo a represalias\u201d.<\/p>\n<\/article>\n<\/div>\n<p><script async src=\"\/\/www.instagram.com\/embed.js\"><\/script><br \/>\n<br \/>\n","protected":false},"excerpt":{"rendered":"<p>Foto: Captura de pantalla Un equipo period\u00edstico del canal argentino C5N fue expulsado de Venezuela este mi\u00e9rcoles en la madrugada, denunci\u00f3 el Sindicato Nacional de Trabajadores de la Prensa (SNTP). El gremio inform\u00f3 en su cuenta de X que el equipo, que hab\u00eda llegado al pa\u00eds en vuelo con destino al aeropuerto internacional de Maiquet\u00eda &hellip;<\/p>\n","protected":false},"author":1,"featured_media":53485,"comment_status":"open","ping_status":"open","sticky":false,"template":"","format":"standard","meta":{"fifu_image_url":"https:\/\/elnacional-uploads.nyc3.digitaloceanspaces.com\/wp-content\/uploads\/2025\/12\/10145257\/Periodista-canal-C5N.jpg","fifu_image_alt":"","footnotes":""},"categories":[13],"tags":[],"class_list":["post-53483","post","type-post","status-publish","format-standard","has-post-thumbnail","","category-mundo"],"_links":{"self":[{"href":"https:\/\/noticiasveraces.com\/index.php?rest_route=\/wp\/v2\/posts\/53483","targetHints":{"allow":["GET"]}}],"collection":[{"href":"https:\/\/noticiasveraces.com\/index.php?rest_route=\/wp\/v2\/posts"}],"about":[{"href":"https:\/\/noticiasveraces.com\/index.php?rest_route=\/wp\/v2\/types\/post"}],"author":[{"embeddable":true,"href":"https:\/\/noticiasveraces.com\/index.php?rest_route=\/wp\/v2\/users\/1"}],"replies":[{"embeddable":true,"href":"https:\/\/noticiasveraces.com\/index.php?rest_route=%2Fwp%2Fv2%2Fcomments&post=53483"}],"version-history":[{"count":0,"href":"https:\/\/noticiasveraces.com\/index.php?rest_route=\/wp\/v2\/posts\/53483\/revisions"}],"wp:featuredmedia":[{"embeddable":true,"href":"https:\/\/noticiasveraces.com\/index.php?rest_route=\/wp\/v2\/media\/53485"}],"wp:attachment":[{"href":"https:\/\/noticiasveraces.com\/index.php?rest_route=%2Fwp%2Fv2%2Fmedia&parent=53483"}],"wp:term":[{"taxonomy":"category","embeddable":true,"href":"https:\/\/noticiasveraces.com\/index.php?rest_route=%2Fwp%2Fv2%2Fcategories&post=53483"},{"taxonomy":"post_tag","embeddable":true,"href":"https:\/\/noticiasveraces.com\/index.php?rest_route=%2Fwp%2Fv2%2Ftags&post=53483"}],"curies":[{"name":"wp","href":"https:\/\/api.w.org\/{rel}","templated":true}]}}