{"id":53474,"date":"2025-12-11T11:49:52","date_gmt":"2025-12-11T15:49:52","guid":{"rendered":"https:\/\/noticiasveraces.com\/?p=53474"},"modified":"2025-12-11T11:49:52","modified_gmt":"2025-12-11T15:49:52","slug":"mision-independiente-de-la-onu-acuso-a-la-gnb-de-crimenes-de-lesa-humanidad-en-venezuela-el-diario-venezuela","status":"publish","type":"post","link":"https:\/\/noticiasveraces.com\/?p=53474","title":{"rendered":"Misi\u00f3n independiente de la ONU acus\u00f3 a la GNB de cr\u00edmenes de lesa humanidad en Venezuela &#8211; El Diario Venezuela"},"content":{"rendered":"<p> \n<\/p>\n<div>\n<p>La <strong>Misi\u00f3n Internacional Independiente de Determinaci\u00f3n de los Hechos<\/strong>creada por la Organizaci\u00f3n de las Naciones Unidas (ONU), acus\u00f3 el 11 de diciembre a funcionarios de la <strong>Guardia Nacional Bolivariana (GNB)<\/strong>cuerpo de las fuerzas armadas de Venezuela, de cometer <strong>graves violaciones de derechos humanos y cr\u00edmenes de lesa humanidad durante m\u00e1s de una d\u00e9cada<\/strong>. <\/p>\n<div class=\"ruby-table-contents rbtoc table-fw\">\n<ul class=\"toc-content h5\">\n<li>Fuerza desproporcionada y uso de armas letales<\/li>\n<li>Cr\u00edmenes de lesa humanidad<\/li>\n<\/ul>\n<\/div>\n<p>La denuncia forma parte de <strong>un informe de la misi\u00f3n<\/strong>que investiga presuntos cr\u00edmenes de lesa humanidad cometidos en el pa\u00eds desde el a\u00f1o 2014. <\/p>\n<p>El informe de 123 p\u00e1ginas concluye que responsables del cuerpo de seguridad y orden p\u00fablico \u201cperpetraron y contribuyeron de manera directa a la comisi\u00f3n de <strong>privaciones arbitrarias de la vida, detenciones arbitrarias, tortura, tratos crueles, inhumanos o degradantes, y violencia sexual o de g\u00e9nero\u201d<\/strong>.<\/p>\n<p>Estos cr\u00edmenes fueron cometidos tanto durante <strong>operativos de control de protestas como en acciones de persecuci\u00f3n pol\u00edtica selectiva,<\/strong> unos abusos que se vieron facilitados por \u201cun entorno prolongado de impunidad\u201d, seg\u00fan concluy\u00f3 la misi\u00f3n presidida por la portuguesa Marta Vali\u00f1as.<\/p>\n<p>La misi\u00f3n investigadora explic\u00f3 que las autoridades venezolanas fusionaron funciones militares y policiales a trav\u00e9s de esta guardia nacional, lo que <strong>legitim\u00f3 la militarizaci\u00f3n de la seguridad ciudadana<\/strong> y ampli\u00f3 el papel de este cuerpo en operaciones orientadas al control social y la represi\u00f3n interna.<\/p>\n<p>Ello se vio facilitado mediante <strong>una cadena de mando sin contrapesos para la rendici\u00f3n de cuentas y \u201caltamente centralizada\u201d <\/strong>bajo la direcci\u00f3n del presidente venezolano, Nicol\u00e1s Maduro, en su calidad de comandante en jefe de la Fuerza Armada Nacional Bolivariana (FANB).<\/p>\n<figure class=\"wp-block-image size-large\"><picture fetchpriority=\"high\" decoding=\"async\" class=\"wp-image-721395\"><source type=\"image\/webp\" srcset=\"https:\/\/eldiario.com\/wp-content\/uploads\/2024\/09\/f0aa7b5888817bc00088b7ebba6673a50eb0039e-1200x746.jpg.webp 1200w, https:\/\/eldiario.com\/wp-content\/uploads\/2024\/09\/f0aa7b5888817bc00088b7ebba6673a50eb0039e-300x187.jpg.webp 300w, https:\/\/eldiario.com\/wp-content\/uploads\/2024\/09\/f0aa7b5888817bc00088b7ebba6673a50eb0039e-768x478.jpg.webp 768w, https:\/\/eldiario.com\/wp-content\/uploads\/2024\/09\/f0aa7b5888817bc00088b7ebba6673a50eb0039e-1536x955.jpg.webp 1536w, https:\/\/eldiario.com\/wp-content\/uploads\/2024\/09\/f0aa7b5888817bc00088b7ebba6673a50eb0039e-150x93.jpg.webp 150w, https:\/\/eldiario.com\/wp-content\/uploads\/2024\/09\/f0aa7b5888817bc00088b7ebba6673a50eb0039e.jpg.webp 1600w\" sizes=\"(max-width: 1200px) 100vw, 1200px\"\/><img fetchpriority=\"high\" decoding=\"async\" width=\"1200\" height=\"746\" src=\"https:\/\/eldiario.com\/wp-content\/uploads\/2024\/09\/f0aa7b5888817bc00088b7ebba6673a50eb0039e-1200x746.jpg\" alt=\"En claves: lo m\u00e1s relevante del nuevo informe de la Misi\u00f3n de Investigaci\u00f3n de la ONU sobre Venezuela\" srcset=\"https:\/\/eldiario.com\/wp-content\/uploads\/2024\/09\/f0aa7b5888817bc00088b7ebba6673a50eb0039e-1200x746.jpg 1200w, https:\/\/eldiario.com\/wp-content\/uploads\/2024\/09\/f0aa7b5888817bc00088b7ebba6673a50eb0039e-300x187.jpg 300w, https:\/\/eldiario.com\/wp-content\/uploads\/2024\/09\/f0aa7b5888817bc00088b7ebba6673a50eb0039e-768x478.jpg 768w, https:\/\/eldiario.com\/wp-content\/uploads\/2024\/09\/f0aa7b5888817bc00088b7ebba6673a50eb0039e-1536x955.jpg 1536w, https:\/\/eldiario.com\/wp-content\/uploads\/2024\/09\/f0aa7b5888817bc00088b7ebba6673a50eb0039e-150x93.jpg 150w, https:\/\/eldiario.com\/wp-content\/uploads\/2024\/09\/f0aa7b5888817bc00088b7ebba6673a50eb0039e.jpg 1600w\" sizes=\"(max-width: 1200px) 100vw, 1200px\"\/>\n<\/picture><figcaption class=\"wp-element-caption\">Marta Vali\u00f1as, presidenta de la Misi\u00f3n de Determinaci\u00f3n de los Hechos de la ONU para Venezuela | Foto: EFE\/Anisia Gil \/ Archivo<\/figcaption><\/figure>\n<h2 id=\"fuerza-desproporcionada-y-uso-de-armas-letales\" class=\"rb-heading-index-0-832744 wp-block-heading\"><strong>Fuerza desproporcionada y uso de armas letales<\/strong><\/h2>\n<p>El informe estudia el papel de la GNB en la<strong> represi\u00f3n de olas de protestas<\/strong> como las vividas en Venezuela en <strong>2014, 2017, 2019 y 2024<\/strong>durante las cuales este cuerpo <strong>\u201cejerci\u00f3 un uso desproporcionado de la fuerza\u201d<\/strong> que incluy\u00f3 el empleo de armas, algunas de car\u00e1cter letal, \u201cdisparadas de forma indebida\u201d.<\/p>\n<p>La misi\u00f3n, destaca el informe al respecto, hall\u00f3 motivos razonables para creer que funcionarios de este cuerpo <strong>dispararon armas de fuego \u201cde forma indiscriminada\u201d<\/strong> y \u201cdirectamente en zonas vitales de los cuerpos de las v\u00edctimas\u201d.<\/p>\n<p>La investigaci\u00f3n tambi\u00e9n denuncia posibles pr\u00e1cticas de <strong>modificaci\u00f3n de proyectiles <\/strong>utilizados por la GNB, con el fin de infligir mayor da\u00f1o a las v\u00edctimas.<\/p>\n<p>La misi\u00f3n document\u00f3 en su estudio<strong> detenciones arbitrarias tanto masivas como selectivas, violencia f\u00edsica durante los arrestos, siembra de evidencias, torturas y malos tratos e incluso violencia sexual y de g\u00e9nero<\/strong> dentro de las instalaciones utilizadas como centros de detenci\u00f3n transitoria.<\/p>\n<p>\u201cNo fueron incidentes aislados, formaron parte de un <strong>patr\u00f3n de abuso utilizado para castigar y doblegar a las v\u00edctimas\u201d<\/strong>destac\u00f3 Vali\u00f1as.<\/p>\n<figure class=\"wp-block-image size-large\"><picture loading=\"lazy\" decoding=\"async\" class=\"wp-image-706546\"><source type=\"image\/webp\" srcset=\"https:\/\/eldiario.com\/wp-content\/uploads\/2024\/08\/fc5fa654845699c2b8dadc648edcbf8d4b78b00d-1200x800.jpg.webp 1200w, https:\/\/eldiario.com\/wp-content\/uploads\/2024\/08\/fc5fa654845699c2b8dadc648edcbf8d4b78b00d-300x200.jpg.webp 300w, https:\/\/eldiario.com\/wp-content\/uploads\/2024\/08\/fc5fa654845699c2b8dadc648edcbf8d4b78b00d-768x512.jpg.webp 768w, https:\/\/eldiario.com\/wp-content\/uploads\/2024\/08\/fc5fa654845699c2b8dadc648edcbf8d4b78b00d-1536x1024.jpg.webp 1536w, https:\/\/eldiario.com\/wp-content\/uploads\/2024\/08\/fc5fa654845699c2b8dadc648edcbf8d4b78b00d-150x100.jpg.webp 150w, https:\/\/eldiario.com\/wp-content\/uploads\/2024\/08\/fc5fa654845699c2b8dadc648edcbf8d4b78b00d.jpg.webp 1600w\" sizes=\"(max-width: 1200px) 100vw, 1200px\"\/><img loading=\"lazy\" decoding=\"async\" width=\"1200\" height=\"800\" src=\"https:\/\/eldiario.com\/wp-content\/uploads\/2024\/08\/fc5fa654845699c2b8dadc648edcbf8d4b78b00d-1200x800.jpg\" alt=\"Foro Penal report\u00f3 que hay 157 mujeres y 16 personas con discapacidad entre los detenidos desde el 29 de julio\" srcset=\"https:\/\/eldiario.com\/wp-content\/uploads\/2024\/08\/fc5fa654845699c2b8dadc648edcbf8d4b78b00d-1200x800.jpg 1200w, https:\/\/eldiario.com\/wp-content\/uploads\/2024\/08\/fc5fa654845699c2b8dadc648edcbf8d4b78b00d-300x200.jpg 300w, https:\/\/eldiario.com\/wp-content\/uploads\/2024\/08\/fc5fa654845699c2b8dadc648edcbf8d4b78b00d-768x512.jpg 768w, https:\/\/eldiario.com\/wp-content\/uploads\/2024\/08\/fc5fa654845699c2b8dadc648edcbf8d4b78b00d-1536x1024.jpg 1536w, https:\/\/eldiario.com\/wp-content\/uploads\/2024\/08\/fc5fa654845699c2b8dadc648edcbf8d4b78b00d-150x100.jpg 150w, https:\/\/eldiario.com\/wp-content\/uploads\/2024\/08\/fc5fa654845699c2b8dadc648edcbf8d4b78b00d.jpg 1600w\" sizes=\"auto, (max-width: 1200px) 100vw, 1200px\"\/>\n<\/picture><figcaption class=\"wp-element-caption\">  Integrantes de la Guardia Nacional Bolivariana (GNB) durante protestas antigubernamentales en 2024 | Foto: EFE\/ Henry Chirinos<\/figcaption><\/figure>\n<h2 id=\"crimenes-de-lesa-humanidad\" class=\"rb-heading-index-1-832744 wp-block-heading\"><strong>Cr\u00edmenes de lesa humanidad<\/strong><\/h2>\n<p>El informe resalt\u00f3 que la GNB fue determinante en la comisi\u00f3n del crimen de lesa humanidad de <strong>\u201cpersecuci\u00f3n con motivos pol\u00edticos\u201d,<\/strong> siendo adem\u00e1s, seg\u00fan datos de la sociedad civil, la instituci\u00f3n que <strong>ejecut\u00f3 la mayor cantidad de detenciones con fines pol\u00edticos en 2019 y 2020<\/strong>o desempe\u00f1ando un papel clave en la <strong>captura y criminalizaci\u00f3n de opositores tras las elecciones de 2024<\/strong>.<\/p>\n<p>En vista de los indicios obtenidos, la misi\u00f3n considera que funcionarios de <strong>la GNB y altos mandos militares y pol\u00edticos podr\u00edan ser penalmente responsables en virtud de los art\u00edculos 25 y 28 del Estatuto de Roma<\/strong>por cuyo cumplimiento vela la Corte Penal Internacional (CPI).<\/p>\n<p>La misi\u00f3n tripartita de investigaci\u00f3n fue creada en septiembre de 2019 por el Consejo de Derechos Humanos de Naciones Unidas, y en los \u00faltimos a\u00f1os tambi\u00e9n incluy\u00f3 entre sus miembros a los juristas Francisco Cox (Chile) y Patricia Tappat\u00e1 (Argentina), quienes finalizaron su mandato el pasado 31 de octubre.<\/p>\n<p>El informe se publica un<strong> d\u00eda despu\u00e9s de que en Oslo se oficializara la entrega del Premio Nobel de la Paz a la l\u00edder opositora venezolana Mar\u00eda Corina Machado<\/strong>un galard\u00f3n que debido a su ausencia en la ceremonia tuvo que recibir su hija Ana Corina Sosa.<\/p>\n<p><em>\u201cEste contenido incluye informaci\u00f3n suministrada por la Agencia EFE. Editado, verificado y contextualizado por el equipo editorial de <strong>El Diario<\/strong>. Conoce nuestra pol\u00edtica sobre el uso de contenidos de EFE<\/em><em> <\/em>aqu\u00ed.<em>\u00ab<\/em><\/p>\n<p><!-- CONTENT END 1 -->\n<\/div>\n\n","protected":false},"excerpt":{"rendered":"<p>La Misi\u00f3n Internacional Independiente de Determinaci\u00f3n de los Hechoscreada por la Organizaci\u00f3n de las Naciones Unidas (ONU), acus\u00f3 el 11 de diciembre a funcionarios de la Guardia Nacional Bolivariana (GNB)cuerpo de las fuerzas armadas de Venezuela, de cometer graves violaciones de derechos humanos y cr\u00edmenes de lesa humanidad durante m\u00e1s de una d\u00e9cada. Fuerza desproporcionada &hellip;<\/p>\n","protected":false},"author":1,"featured_media":53476,"comment_status":"open","ping_status":"open","sticky":false,"template":"","format":"standard","meta":{"fifu_image_url":"https:\/\/eldiario.com\/wp-content\/uploads\/2024\/08\/41c3c79802df7551802fe03b81c3ca218773b881.jpg","fifu_image_alt":"","footnotes":""},"categories":[4],"tags":[],"class_list":["post-53474","post","type-post","status-publish","format-standard","has-post-thumbnail","","category-historias-destacadas"],"_links":{"self":[{"href":"https:\/\/noticiasveraces.com\/index.php?rest_route=\/wp\/v2\/posts\/53474","targetHints":{"allow":["GET"]}}],"collection":[{"href":"https:\/\/noticiasveraces.com\/index.php?rest_route=\/wp\/v2\/posts"}],"about":[{"href":"https:\/\/noticiasveraces.com\/index.php?rest_route=\/wp\/v2\/types\/post"}],"author":[{"embeddable":true,"href":"https:\/\/noticiasveraces.com\/index.php?rest_route=\/wp\/v2\/users\/1"}],"replies":[{"embeddable":true,"href":"https:\/\/noticiasveraces.com\/index.php?rest_route=%2Fwp%2Fv2%2Fcomments&post=53474"}],"version-history":[{"count":0,"href":"https:\/\/noticiasveraces.com\/index.php?rest_route=\/wp\/v2\/posts\/53474\/revisions"}],"wp:featuredmedia":[{"embeddable":true,"href":"https:\/\/noticiasveraces.com\/index.php?rest_route=\/wp\/v2\/media\/53476"}],"wp:attachment":[{"href":"https:\/\/noticiasveraces.com\/index.php?rest_route=%2Fwp%2Fv2%2Fmedia&parent=53474"}],"wp:term":[{"taxonomy":"category","embeddable":true,"href":"https:\/\/noticiasveraces.com\/index.php?rest_route=%2Fwp%2Fv2%2Fcategories&post=53474"},{"taxonomy":"post_tag","embeddable":true,"href":"https:\/\/noticiasveraces.com\/index.php?rest_route=%2Fwp%2Fv2%2Ftags&post=53474"}],"curies":[{"name":"wp","href":"https:\/\/api.w.org\/{rel}","templated":true}]}}