{"id":53454,"date":"2025-12-11T05:52:56","date_gmt":"2025-12-11T09:52:56","guid":{"rendered":"https:\/\/noticiasveraces.com\/?p=53454"},"modified":"2025-12-11T05:52:56","modified_gmt":"2025-12-11T09:52:56","slug":"james-rodriguez-jugara-en-colombia-partido-amistoso-por-el-dia-del-futbol-envigadeno-nomina-de-lujo-curiosidades-de-futbol","status":"publish","type":"post","link":"https:\/\/noticiasveraces.com\/?p=53454","title":{"rendered":"James Rodr\u00edguez jugar\u00e1 en Colombia partido amistoso por el D\u00eda del F\u00fatbol Envigade\u00f1o: n\u00f3mina de lujo | Curiosidades de f\u00fatbol"},"content":{"rendered":"<p> \n<br \/><img decoding=\"async\" src=\"https:\/\/www.futbolred.com\/files\/article_graphic\/uploads\/2024\/11\/15\/6737f24826945.png\" \/><\/p>\n<div id=\"cuerpoArticulo\">\n<p class=\"texto intro cnx-companion-firstparagraph\" id=\"p259822-m908-907-909\">Mientras se encuentra en b\u00fasqueda de un nuevo equipo, James Rodr\u00edguez har\u00e1 presencia en Colombia, m\u00e1s exactamente en el estadio Polideportivo Sur, para un evento que se ha denominado el D\u00eda del F\u00fatbol Envigade\u00f1o. <\/p>\n<p>Ser\u00e1 el momento para que diferentes figuras del f\u00fatbol colombiano, de nuevas y anteriores generaciones, se den cita para jugar un partido amistoso el pr\u00f3ximo viernes 19 de diciembre. <\/p>\n<p class=\"texto contenido-parrafo-articulo cnx-companion-paragraph\" id=\"p259822-m971-3-972\">Con el objetivo de reconocer y hacer un homenaje a los jugadores que tuvieron su paso o fueron formados por Envigado, esta celebraci\u00f3n pretende reunir en un solo partido a sus m\u00e1ximos exponentes tanto a nivel nacional como internacional. <\/p>\n<p>La n\u00f3mina de lujo es comandada por James Rodr\u00edguez, quien se form\u00f3 en el cuadro apodado &#8216;cantera de h\u00e9roes&#8217;, precisamente por ser cuna y semillero de grandes talentos en el FPC.<\/p>\n<p>De acuerdo a la informaci\u00f3n entregada por el portal El Colombiano, tambi\u00e9n estar\u00e1n Juan Fernando Quintero y John C\u00f3rdoba. <\/p>\n<p>Carlos Ter\u00e1n, Frank Fabra, Andr\u00e9s Tello, Daniel Londo\u00f1o, Edison L\u00f3pez, Daniel Arcila y Duv\u00e1n Vergara, hacen parte de la lista de invitados de honor. <\/p>\n<p>Todo ellos jugar\u00e1n en el equipo de Envigado, que se enfrentar\u00e1 a la denominada Selecci\u00f3n Antioquia; un rival que tambi\u00e9n tiene nombres de alto calibre. <\/p>\n<p>David Ospina, Marlos Moreno, Edwin Cardona, Emilio Aristiz\u00e1bal, Yairo Moreno, Sebasti\u00e1n G\u00f3mez, Santiago Arias, Daniel Cata\u00f1o, Kevin Casta\u00f1o, Brayan Castrill\u00f3n y Alfredo Morelos, har\u00e1n presencia en este compromiso amistoso. <\/p>\n<p>Adem\u00e1s, leyendas en la direcci\u00f3n t\u00e9cnica tambi\u00e9n fueron invitadas.\u00a0Francisco Maturana, Ren\u00e9 Higuita, Rub\u00e9n Dar\u00edo Bedoya, Juan Carlos \u00c1lvarez, Juan Carlos S\u00e1nchez y Andr\u00e9s Orozco, tendr\u00e1n la misi\u00f3n de dirigir este llamativo partido. <\/p>\n<\/div>\n\n","protected":false},"excerpt":{"rendered":"<p>Mientras se encuentra en b\u00fasqueda de un nuevo equipo, James Rodr\u00edguez har\u00e1 presencia en Colombia, m\u00e1s exactamente en el estadio Polideportivo Sur, para un evento que se ha denominado el D\u00eda del F\u00fatbol Envigade\u00f1o. Ser\u00e1 el momento para que diferentes figuras del f\u00fatbol colombiano, de nuevas y anteriores generaciones, se den cita para jugar un &hellip;<\/p>\n","protected":false},"author":1,"featured_media":53456,"comment_status":"open","ping_status":"open","sticky":false,"template":"","format":"standard","meta":{"fifu_image_url":"https:\/\/www.futbolred.com\/files\/og_thumbnail\/uploads\/2024\/11\/15\/6737f24826945.png","fifu_image_alt":"","footnotes":""},"categories":[6],"tags":[],"class_list":["post-53454","post","type-post","status-publish","format-standard","has-post-thumbnail","","category-deportes"],"_links":{"self":[{"href":"https:\/\/noticiasveraces.com\/index.php?rest_route=\/wp\/v2\/posts\/53454","targetHints":{"allow":["GET"]}}],"collection":[{"href":"https:\/\/noticiasveraces.com\/index.php?rest_route=\/wp\/v2\/posts"}],"about":[{"href":"https:\/\/noticiasveraces.com\/index.php?rest_route=\/wp\/v2\/types\/post"}],"author":[{"embeddable":true,"href":"https:\/\/noticiasveraces.com\/index.php?rest_route=\/wp\/v2\/users\/1"}],"replies":[{"embeddable":true,"href":"https:\/\/noticiasveraces.com\/index.php?rest_route=%2Fwp%2Fv2%2Fcomments&post=53454"}],"version-history":[{"count":0,"href":"https:\/\/noticiasveraces.com\/index.php?rest_route=\/wp\/v2\/posts\/53454\/revisions"}],"wp:featuredmedia":[{"embeddable":true,"href":"https:\/\/noticiasveraces.com\/index.php?rest_route=\/wp\/v2\/media\/53456"}],"wp:attachment":[{"href":"https:\/\/noticiasveraces.com\/index.php?rest_route=%2Fwp%2Fv2%2Fmedia&parent=53454"}],"wp:term":[{"taxonomy":"category","embeddable":true,"href":"https:\/\/noticiasveraces.com\/index.php?rest_route=%2Fwp%2Fv2%2Fcategories&post=53454"},{"taxonomy":"post_tag","embeddable":true,"href":"https:\/\/noticiasveraces.com\/index.php?rest_route=%2Fwp%2Fv2%2Ftags&post=53454"}],"curies":[{"name":"wp","href":"https:\/\/api.w.org\/{rel}","templated":true}]}}