{"id":53448,"date":"2025-12-11T05:48:05","date_gmt":"2025-12-11T09:48:05","guid":{"rendered":"https:\/\/noticiasveraces.com\/?p=53448"},"modified":"2025-12-11T05:48:05","modified_gmt":"2025-12-11T09:48:05","slug":"baltazar-porras-denuncia-amenazas-en-el-aeropuerto-de-maiquetia","status":"publish","type":"post","link":"https:\/\/noticiasveraces.com\/?p=53448","title":{"rendered":"Baltazar Porras denuncia amenazas en el aeropuerto de Maiquet\u00eda"},"content":{"rendered":"<p> \n<\/p>\n<div>\n<article>\n<div class=\"image-featured\">\n<img src=\"data:image\/png;base64,iVBORw0KGgoAAAANSUhEUgAABQAAAANUAQAAAADEUL2BAAAAAnRSTlMAAHaTzTgAAACcSURBVHja7cEBDQAAAMKg909tDjegAAAAAAAAAAAAAAAAAAAAAAAAAAAAAAAAAAAAAAAAAAAAAAAAAAAAAAAAAAAAAAAAAAAAAAAAAAAAAAAAAAAAAAAAAAAAAAAAAAAAAAAAAAAAAAAAAAAAAAAAAAAAAAAAAAAAAAAAAAAAAAAAAAAAAAAAAAAAAAAAAAAAAAAAAAAAAAAAgCcDF\/IAAdf6iA4AAAAASUVORK5CYII=\" alt=\"Cardenal Baltazar Porras denuncia amenazas de detenci\u00f3n en el aeropuerto de Maiquet\u00eda\" data-src=\"https:\/\/elnacional-uploads.nyc3.digitaloceanspaces.com\/wp-content\/uploads\/2025\/12\/10142319\/caldenal-baltazar-porras--1280x852.jpg\" decoding=\"async\" class=\"lazyload\" data-eio-rwidth=\"1280\" data-eio-rheight=\"852\"\/><img decoding=\"async\" src=\"https:\/\/elnacional-uploads.nyc3.digitaloceanspaces.com\/wp-content\/uploads\/2025\/12\/10142319\/caldenal-baltazar-porras--1280x852.jpg\" alt=\"Cardenal Baltazar Porras denuncia amenazas de detenci\u00f3n en el aeropuerto de Maiquet\u00eda\" data-eio=\"l\"\/><figcaption>Cardenal Baltazar Porras | Foto: Federico Parra \/ AFP<\/figcaption><\/div>\n<p>El cardenal venezolano Baltazar Porras denunci\u00f3 este mi\u00e9rcoles que funcionarios del aeropuerto internacional de Maiquet\u00eda<strong> <\/strong><strong>le impidieron abordar un vuelo con destino a Espa\u00f1a y lo amenazaron con detenerlo <\/strong>cuando intent\u00f3 fotografiar los documentos que pretend\u00edan justificar la medida.<\/p>\n<p>El episodio, relatado por el propio Porras en un comunicado dirigido a los obispos de Venezuela, ocurri\u00f3 en pleno D\u00eda Internacional de los Derechos Humanos.<\/p>\n<p>Explic\u00f3 que<strong> se dispon\u00eda a viajar a Madrid para cumplir compromisos eclesiales<\/strong> este fin de semana y la pr\u00f3xima, con regreso previsto a Venezuela para el 21 de diciembre.<\/p>\n<p>Sin embargo, al llegar al control migratorio, un funcionario le advirti\u00f3 que<strong> deb\u00eda \u201cconsultar\u201d si su pasaporte estaba en orden. <\/strong>Minutos despu\u00e9s, le informaron que el documento \u201cpresentaba problemas\u201d, que el personal del aeropuerto no pod\u00eda resolver la situaci\u00f3n y que deb\u00eda dirigirse a la sede del Saime en Caracas.<\/p>\n<p>El cardenal solicit\u00f3 la devoluci\u00f3n del pasaporte para retirar su equipaje, pero asegur\u00f3 que <strong>los funcionarios se negaron a entreg\u00e1rselo.<\/strong> Un militar, relat\u00f3, lo escolt\u00f3 todo el tiempo, incluso hasta el ba\u00f1o, pregunt\u00e1ndole por qu\u00e9 se dirig\u00eda a ese lugar.<\/p>\n<p><strong>\u201cHasta para ir al ba\u00f1o me sigui\u00f3 de cerca el funcionario\u201d, <\/strong>escribi\u00f3 Porras en su mensaje.<\/p>\n<figure class=\"wp-block-embed is-type-rich is-provider-twitter wp-block-embed-twitter\">\n<div class=\"wp-block-embed__wrapper\">\n<blockquote class=\"twitter-tweet\" data-width=\"500\" data-dnt=\"true\">\n<p lang=\"es\" dir=\"ltr\">A MIS HERMANOS OBISPOS DE VENEZUELA<\/p>\n<p>Hola (1\/2)<\/p>\n<p>Caracas, 12-10-25<\/p>\n<p>Queridos hermanos:<\/p>\n<p>Paso a informarles del impase sufrido esta ma\u00f1ana en el aeropuerto de Maiquet\u00eda. Para cumplir con compromisos eclesiales en Madrid este fin de semana y la pr\u00f3xima<br \/>en Espa\u00f1a. Con retorno a\u2026<\/p>\n<p>\u2014 Cardenal, Baltazar Enrique Porras Cardozo (@bepocar) <a href=\"https:\/\/twitter.com\/bepocar\/status\/1998797942317015316?ref_src=twsrc%5Etfw\">10 de diciembre de 2025<\/a><\/p><\/blockquote><\/div>\n<\/figure>\n<h2 class=\"wp-block-heading\" id=\"h-amenaza-de-detencion-al-intentar-fotografiar-los-documentos\">Amenaza de detenci\u00f3n al intentar fotografiar los documentos<\/h2>\n<p>Al prelado lo llevaron posteriormente a otra \u00e1rea del aeropuerto, donde le exigieron firmar documentos en los que<strong> se se\u00f1alaba que no pod\u00eda viajar por \u201cincumplimiento de las normas para viajar\u201d.<\/strong><\/p>\n<p>Porras afirm\u00f3 que al intentar tomar una fotograf\u00eda del documento, lo intimidaron.<\/p>\n<p><strong>\u201cNo me permitieron hacer la foto y no de muy buenas maneras. <\/strong>Si insist\u00eda, me amenazaron con dejarme detenido\u201d, explic\u00f3.<\/p>\n<p>A pesar de pedir reiteradamente su pasaporte, solo recibi\u00f3 su pase de abordar para reclamar la maleta. Tras recuperar el equipaje con ayuda del personal de la aerol\u00ednea, regres\u00f3 a Caracas.<\/p>\n<p>\u201cLlama la atenci\u00f3n que sucedan este tipo de cosas, que no haya una libertad de que uno como ciudadano pueda moverse de un sitio para otro y con un despliegue militar que <strong>pareciera que estuvi\u00e9ramos tramando qui\u00e9n sabe qu\u00e9\u201d, <\/strong>expres\u00f3 en un video.<\/p>\n<\/article>\n<\/div>\n<p><script async src=\"https:\/\/platform.twitter.com\/widgets.js\" charset=\"utf-8\"><\/script><br \/>\n<br \/>\n","protected":false},"excerpt":{"rendered":"<p>Cardenal Baltazar Porras | Foto: Federico Parra \/ AFP El cardenal venezolano Baltazar Porras denunci\u00f3 este mi\u00e9rcoles que funcionarios del aeropuerto internacional de Maiquet\u00eda le impidieron abordar un vuelo con destino a Espa\u00f1a y lo amenazaron con detenerlo cuando intent\u00f3 fotografiar los documentos que pretend\u00edan justificar la medida. El episodio, relatado por el propio Porras &hellip;<\/p>\n","protected":false},"author":1,"featured_media":53450,"comment_status":"open","ping_status":"open","sticky":false,"template":"","format":"standard","meta":{"fifu_image_url":"https:\/\/elnacional-uploads.nyc3.digitaloceanspaces.com\/wp-content\/uploads\/2025\/12\/10142319\/caldenal-baltazar-porras-.jpg","fifu_image_alt":"","footnotes":""},"categories":[4],"tags":[],"class_list":["post-53448","post","type-post","status-publish","format-standard","has-post-thumbnail","","category-historias-destacadas"],"_links":{"self":[{"href":"https:\/\/noticiasveraces.com\/index.php?rest_route=\/wp\/v2\/posts\/53448","targetHints":{"allow":["GET"]}}],"collection":[{"href":"https:\/\/noticiasveraces.com\/index.php?rest_route=\/wp\/v2\/posts"}],"about":[{"href":"https:\/\/noticiasveraces.com\/index.php?rest_route=\/wp\/v2\/types\/post"}],"author":[{"embeddable":true,"href":"https:\/\/noticiasveraces.com\/index.php?rest_route=\/wp\/v2\/users\/1"}],"replies":[{"embeddable":true,"href":"https:\/\/noticiasveraces.com\/index.php?rest_route=%2Fwp%2Fv2%2Fcomments&post=53448"}],"version-history":[{"count":0,"href":"https:\/\/noticiasveraces.com\/index.php?rest_route=\/wp\/v2\/posts\/53448\/revisions"}],"wp:featuredmedia":[{"embeddable":true,"href":"https:\/\/noticiasveraces.com\/index.php?rest_route=\/wp\/v2\/media\/53450"}],"wp:attachment":[{"href":"https:\/\/noticiasveraces.com\/index.php?rest_route=%2Fwp%2Fv2%2Fmedia&parent=53448"}],"wp:term":[{"taxonomy":"category","embeddable":true,"href":"https:\/\/noticiasveraces.com\/index.php?rest_route=%2Fwp%2Fv2%2Fcategories&post=53448"},{"taxonomy":"post_tag","embeddable":true,"href":"https:\/\/noticiasveraces.com\/index.php?rest_route=%2Fwp%2Fv2%2Ftags&post=53448"}],"curies":[{"name":"wp","href":"https:\/\/api.w.org\/{rel}","templated":true}]}}