{"id":53423,"date":"2025-12-11T02:13:04","date_gmt":"2025-12-11T06:13:04","guid":{"rendered":"https:\/\/noticiasveraces.com\/?p=53423"},"modified":"2025-12-11T02:13:04","modified_gmt":"2025-12-11T06:13:04","slug":"bolivia-detienen-al-expresidente-luis-arce-por-presunta-corrupcion","status":"publish","type":"post","link":"https:\/\/noticiasveraces.com\/?p=53423","title":{"rendered":"Bolivia: detienen al expresidente Luis Arce por presunta corrupci\u00f3n"},"content":{"rendered":"<p> \n<\/p>\n<div>\n<p>El expresidente de Bolivia Luis Arce\u00a0fue detenido este mi\u00e9rcoles y trasladado a celdas policiales en la ciudad de La Paz, al parecer por una investigaci\u00f3n por presunta corrupci\u00f3n, seg\u00fan lo indicado por su exministra de la Presidencia, Mar\u00eda Nela Prada.<\/p>\n<p>Seg\u00fan medios locales, Arce fue detenido en el marco del desarrollo de indagaciones por presunta malversaci\u00f3n de fondos mientras ocupaba el cargo de ministro de Econom\u00eda, bajo el mandato del expresidente Evo Morales.<\/p>\n<p>A trav\u00e9s de un video publicado en la red social X, Prada calific\u00f3 la detenci\u00f3n del exmandatario de 62 a\u00f1os como un acto \u00abilegal\u00bb.\u00a0 La exministra consider\u00f3 que \u00abse ha cometido un abuso por completo\u00bb con la detenci\u00f3n de Arce e insisti\u00f3 en que no fue notificado para declarar.<\/p>\n<div id=\"em-WBMZ356545-F24-ES-20251210\" class=\"m-em-flash\" data-xtwitter-script=\"\"><figcaption class=\"a-figcaption\">\n<\/figcaption><div class=\"o-em-consent \">\n<div class=\"o-em-consent__content\">\n<p class=\"o-em-consent__content__text\">Para mostrar este contenido de X (Twitter), debe autorizar las cookies de medici\u00f3n de audiencia y publicidad.<\/p>\n<p>        <button class=\"a-master-button a-master-button--dark\" data-action=\"accept\">Aceptar<i class=\"a-svg a-svg--icon-check\"\/><\/button><br \/>\n        <button class=\"a-link\" data-action=\"manage\">Gestionar mis opciones<i class=\"a-svg a-svg--icon-edit\"\/><\/button>\n    <\/div>\n<\/div>\n<\/div>\n<p>La gesti\u00f3n de Arce a la cabeza del Ministerio de Econom\u00eda durante el mandato de Morales se dio durante dos periodos, comprendidos entre los a\u00f1os 2006 y 2017 y durante 11 meses en el a\u00f1o 2019. <\/p>\n<div class=\"em-video-wrapper m-em-video\" data-media-video-wbmz356551-f24-es-20251210=\"\" data-wrapper-video-player=\"\" data-show-hidden-video-player=\"WBMZ356551-F24-ES-20251210\" data-youtube-script=\"\">\n<p>Informe desde Santa Cruz<\/p>\n<div class=\"m-em-video__video\">\n<div class=\"o-em-consent \">\n<div class=\"o-em-consent__content\">\n<p class=\"o-em-consent__content__text\">Para mostrar este contenido de YouTube, debe autorizar las cookies de medici\u00f3n de audiencia y publicidad.<\/p>\n<p>        <button class=\"a-master-button a-master-button--dark\" data-action=\"accept\">Aceptar<i class=\"a-svg a-svg--icon-check\"\/><\/button><br \/>\n        <button class=\"a-link\" data-action=\"manage\">Gestionar mis opciones<i class=\"a-svg a-svg--icon-edit\"\/><\/button>\n    <\/div>\n<\/div>\n<div class=\"o-em-adblock\" data-adblock-content=\"\">\n<div class=\"o-em-adblock__content\">\n<p class=\"o-em-adblock__content__text\">Una extensi\u00f3n de tu navegador parece estar bloqueando la carga del reproductor de video. Para poder ver este contenido, debes desactivarla en este sitio.<\/p>\n<p>            <button class=\"a-master-button a-master-button--dark\" data-action=\"reload\">Reintentar<\/button>\n    <\/div>\n<\/div>\n<figure class=\"m-item-image m-item-image--16x9 m-item-image--has-caption\">\n<picture class=\"a-picture a-picture--16x9\"><source type=\"image\/webp\" srcset=\"https:\/\/s.france24.com\/media\/display\/079ee136-d606-11f0-9642-005056bfb2b6\/w:388\/p:16x9\/ES-20251210-150541-150717-CS.webp 388w,https:\/\/s.france24.com\/media\/display\/079ee136-d606-11f0-9642-005056bfb2b6\/w:720\/p:16x9\/ES-20251210-150541-150717-CS.webp 720w,https:\/\/s.france24.com\/media\/display\/079ee136-d606-11f0-9642-005056bfb2b6\/w:1024\/p:16x9\/ES-20251210-150541-150717-CS.webp 1024w,https:\/\/s.france24.com\/media\/display\/079ee136-d606-11f0-9642-005056bfb2b6\/w:1280\/p:16x9\/ES-20251210-150541-150717-CS.webp 1280w\" sizes=\"(max-width: 639px) calc(100vw - 32px), (max-width: 1076px) calc(100vw - 44px), 850px\"><img decoding=\"async\" fetchpriority=\"low\" src=\"https:\/\/s.france24.com\/media\/display\/079ee136-d606-11f0-9642-005056bfb2b6\/w:1280\/p:16x9\/ES-20251210-150541-150717-CS.jpg\" srcset=\"https:\/\/s.france24.com\/media\/display\/079ee136-d606-11f0-9642-005056bfb2b6\/w:388\/p:16x9\/ES-20251210-150541-150717-CS.jpg 388w,https:\/\/s.france24.com\/media\/display\/079ee136-d606-11f0-9642-005056bfb2b6\/w:720\/p:16x9\/ES-20251210-150541-150717-CS.jpg 720w,https:\/\/s.france24.com\/media\/display\/079ee136-d606-11f0-9642-005056bfb2b6\/w:1024\/p:16x9\/ES-20251210-150541-150717-CS.jpg 1024w,https:\/\/s.france24.com\/media\/display\/079ee136-d606-11f0-9642-005056bfb2b6\/w:1280\/p:16x9\/ES-20251210-150541-150717-CS.jpg 1280w\" sizes=\"auto, (max-width: 639px) calc(100vw - 32px), (max-width: 1076px) calc(100vw - 44px), 850px\" width=\"1280\" height=\"720\" alt=\"Informe desde Santa Cruz\" loading=\"lazy\" class=\"a-img \"\/><\/source><\/picture><figcaption class=\"a-figcaption\">\n                                <span>\u00a9 Francia 24<\/span>            <\/figcaption><\/figure>\n<\/p><\/div>\n<\/p><\/div>\n<h2><strong>El partido MAS, bajo investigaci\u00f3n por presunta malversaci\u00f3n de fondos<\/strong><\/h2>\n<p>Arce habr\u00eda sido arrestado en el barrio Sopocachi de La Paz\u00a0y trasladado para rendir declaraci\u00f3n en las oficinas de la Fuerza Especial de Lucha Contra el Crimen (FELCC).\u00a0Seg\u00fan informaci\u00f3n difundida por medios bolivianos, el expresidente estar\u00eda siendo investigado por el manejo de recursos del Fondo de Desarrollo Ind\u00edgena Originario Campesino (Fondioc).<\/p>\n<p>Por el caso tambi\u00e9n est\u00e1 detenida en prisi\u00f3n preventiva desde hace d\u00edas la exdiputada Lidia Patty, del partido Movimiento al Socialismo (MAS) y una aliada de Morales, que inici\u00f3 como denunciante los procesos judiciales contra la expresidenta Jeanine A\u00f1ez y otros l\u00edderes de la oposici\u00f3n, como Luis Fernando Camacho y Marco Antonio Pumari, considerados adversarios pol\u00edticos de Morales.<\/p>\n<div class=\"m-em-image\">\n<figure class=\"m-item-image m-item-image--original m-item-image--has-caption\">\n<picture class=\"a-picture a-picture--original\"><source type=\"image\/webp\" srcset=\"https:\/\/s.france24.com\/media\/display\/e3e41f9c-d60d-11f0-9494-005056a97e36\/w:246\/AP20099651947269.webp 246w,https:\/\/s.france24.com\/media\/display\/e3e41f9c-d60d-11f0-9494-005056a97e36\/w:388\/AP20099651947269.webp 388w,https:\/\/s.france24.com\/media\/display\/e3e41f9c-d60d-11f0-9494-005056a97e36\/w:720\/AP20099651947269.webp 720w,https:\/\/s.france24.com\/media\/display\/e3e41f9c-d60d-11f0-9494-005056a97e36\/w:980\/AP20099651947269.webp 980w\" sizes=\"(max-width: 1023px) calc(100vw - 32px), (min-width: 1024px) 850px\"><img decoding=\"async\" fetchpriority=\"low\" src=\"https:\/\/s.france24.com\/media\/display\/e3e41f9c-d60d-11f0-9494-005056a97e36\/w:980\/AP20099651947269.jpg\" srcset=\"https:\/\/s.france24.com\/media\/display\/e3e41f9c-d60d-11f0-9494-005056a97e36\/w:246\/AP20099651947269.jpg 246w,https:\/\/s.france24.com\/media\/display\/e3e41f9c-d60d-11f0-9494-005056a97e36\/w:388\/AP20099651947269.jpg 388w,https:\/\/s.france24.com\/media\/display\/e3e41f9c-d60d-11f0-9494-005056a97e36\/w:720\/AP20099651947269.jpg 720w,https:\/\/s.france24.com\/media\/display\/e3e41f9c-d60d-11f0-9494-005056a97e36\/w:980\/AP20099651947269.jpg 980w\" sizes=\"(max-width: 1023px) calc(100vw - 32px), (min-width: 1024px) 850px\" alt=\"Lidia Patty, diputada ind\u00edgena quechua, camina por una calle desierta durante el confinamiento decretado por el Gobierno, que limita las compras de los residentes a las horas de la ma\u00f1ana, como medida para ayudar a contener la propagaci\u00f3n del nuevo coronavirus en El Alto, Bolivia, el mi\u00e9rcoles 8 de abril de 2020.\" style=\"max-height:1125px\" loading=\"lazy\" class=\"a-img \"\/><\/source><\/picture><figcaption class=\"a-figcaption\">\n                <span>Lidia Patty, diputada ind\u00edgena quechua, camina por una calle desierta durante el confinamiento decretado por el Gobierno, que limita las compras de los residentes a las horas de la ma\u00f1ana, como medida para ayudar a contener la propagaci\u00f3n del nuevo coronavirus en El Alto, Bolivia, el mi\u00e9rcoles 8 de abril de 2020.<\/span>                <span>\u00a9Juan Karita, AP<\/span>            <\/figcaption><\/figure>\n<\/p><\/div>\n<p>La Polic\u00eda detuvo a Patty el viernes 5 de diciembre cuando se present\u00f3 a declarar en la Fiscal\u00eda y el s\u00e1bado un juez dictamin\u00f3 su reclusi\u00f3n por cuatro meses. El expresidente Morales denunci\u00f3 la detenci\u00f3n de Patty y tild\u00f3 la decisi\u00f3n judicial como un \u201crevanchismo\u201d. Seg\u00fan el exmandatario, la medida judicial pretende enviar un mensaje de \u201cescarmiento\u201d a los sectores ind\u00edgenas del pa\u00eds.<\/p>\n<p>\u201cProcesan a la gente humilde que defiende la democracia\u2026 Tarde o temprano el pueblo unido los juzgar\u00e1. Nuestra solidaridad con nuestra hermana Lidia Patty en estos momentos dif\u00edciles de injusticia\u201d, expres\u00f3 Morales.<\/p>\n<div class=\"m-em-image\">\n<figure class=\"m-item-image m-item-image--original m-item-image--has-caption\">\n<picture class=\"a-picture a-picture--original\"><source type=\"image\/webp\" srcset=\"https:\/\/s.france24.com\/media\/display\/8d7bc848-d60e-11f0-b74a-005056a90284\/w:246\/AP25229513419025.webp 246w,https:\/\/s.france24.com\/media\/display\/8d7bc848-d60e-11f0-b74a-005056a90284\/w:388\/AP25229513419025.webp 388w,https:\/\/s.france24.com\/media\/display\/8d7bc848-d60e-11f0-b74a-005056a90284\/w:720\/AP25229513419025.webp 720w,https:\/\/s.france24.com\/media\/display\/8d7bc848-d60e-11f0-b74a-005056a90284\/w:980\/AP25229513419025.webp 980w\" sizes=\"(max-width: 1023px) calc(100vw - 32px), (min-width: 1024px) 850px\"><img decoding=\"async\" fetchpriority=\"low\" src=\"https:\/\/s.france24.com\/media\/display\/8d7bc848-d60e-11f0-b74a-005056a90284\/w:980\/AP25229513419025.jpg\" srcset=\"https:\/\/s.france24.com\/media\/display\/8d7bc848-d60e-11f0-b74a-005056a90284\/w:246\/AP25229513419025.jpg 246w,https:\/\/s.france24.com\/media\/display\/8d7bc848-d60e-11f0-b74a-005056a90284\/w:388\/AP25229513419025.jpg 388w,https:\/\/s.france24.com\/media\/display\/8d7bc848-d60e-11f0-b74a-005056a90284\/w:720\/AP25229513419025.jpg 720w,https:\/\/s.france24.com\/media\/display\/8d7bc848-d60e-11f0-b74a-005056a90284\/w:980\/AP25229513419025.jpg 980w\" sizes=\"(max-width: 1023px) calc(100vw - 32px), (min-width: 1024px) 850px\" alt=\"El expresidente Evo Morales llega a votar durante las elecciones generales en Villa 14 de Septiembre, regi\u00f3n del Chapare, Bolivia, el domingo 17 de agosto de 2025.\" style=\"max-height:567px\" loading=\"lazy\" class=\"a-img \"\/><\/source><\/picture><figcaption class=\"a-figcaption\">\n                <span>El expresidente Evo Morales llega a votar durante las elecciones generales en Villa 14 de Septiembre, regi\u00f3n del Chapare, Bolivia, el domingo 17 de agosto de 2025.<\/span>                <span>\u00a9 Jorge S\u00e1enz, AP<\/span>            <\/figcaption><\/figure>\n<\/p><\/div>\n<p>El presidente de Bolivia, Rodrigo Paz, anunci\u00f3 investigaciones por presunta corrupci\u00f3n contra todos los mandatos del Movimiento Al Socialismo (MAS). La investigaci\u00f3n por malversaci\u00f3n de fondos se centra en presuntos desembolsos estatales de un fondo para financiar proyectos para comunidades ind\u00edgenas.<\/p>\n<p>Los investigadores citados por medios locales el mi\u00e9rcoles dijeron que la evidencia presentada en el caso implica a Arce en la apropiaci\u00f3n indebida de recursos p\u00fablicos.<\/p>\n<h2><strong>\u00bfPersecuci\u00f3n pol\u00edtica, venganza o justicia?<\/strong><\/h2>\n<p>\u00abPor supuesto que es inocente\u00bb, declar\u00f3 la exministra Prada a los periodistas. \u00abEsto ha sido un abuso de poder total. Esperamos que este caso no se aproveche para llevar a cabo una persecuci\u00f3n pol\u00edtica\u00bb. A\u00f1adi\u00f3 que no le hab\u00edan notificado ni le hab\u00edan ordenado comparecer. \u201cSimplemente se lo llevaron\u201d, dijo.<\/p>\n<p>\u201c\u00a1El que las hace las paga! Cae un ladr\u00f3n, incapaz, que destruy\u00f3 nuestro pa\u00eds y nos dej\u00f3 en ruinas\u201d, escribi\u00f3 la exdiputada Luisa Nayar tras la aprehensi\u00f3n del expresidente Luis Arce.<\/p>\n<div id=\"em-WBMZ356568-F24-ES-20251210\" class=\"m-em-flash\" data-xtwitter-script=\"\"><figcaption class=\"a-figcaption\">\n<\/figcaption><div class=\"o-em-consent \">\n<div class=\"o-em-consent__content\">\n<p class=\"o-em-consent__content__text\">Para mostrar este contenido de X (Twitter), debe autorizar las cookies de medici\u00f3n de audiencia y publicidad.<\/p>\n<p>        <button class=\"a-master-button a-master-button--dark\" data-action=\"accept\">Aceptar<i class=\"a-svg a-svg--icon-check\"\/><\/button><br \/>\n        <button class=\"a-link\" data-action=\"manage\">Gestionar mis opciones<i class=\"a-svg a-svg--icon-edit\"\/><\/button>\n    <\/div>\n<\/div>\n<\/div>\n<p>El diputado Miguel R. Reyes se refiri\u00f3 a la aprehensi\u00f3n del expresidente Luis Arce y afirm\u00f3 que la medida es \u201cjusta\u201d, se\u00f1alando que existen \u201ctemas pendientes de corrupci\u00f3n\u201d que deben ser esclarecidos por la justicia.<\/p>\n<p>\u201cLuis Arce Catacora ha sido testigo silencioso y c\u00f3mplice de los m\u00e1s grandes hechos de corrupci\u00f3n de Evo Morales y luego, como presidente, ha sido la cabeza del gobierno m\u00e1s nefasto que ha terminado de hundir a Bolivia en una terrible crisis econ\u00f3mica\u201d, expres\u00f3 Reyes.<\/p>\n<p class=\"a-read-more\"><span class=\"a-read-more__label\">Leer tambi\u00e9n<\/span>Luis Arce en France 24: \u201cSufrimos un ataque despiadado de Evo Morales aliado con la derecha\u201d<\/p>\n<p>Reyes sostuvo que el pa\u00eds necesita que todos los procesos investigativos avancen \u201csin privilegios\u201d y que el caso debe resolverse con transparencia para aclarar responsabilidades.<\/p>\n<p>Mientras que Juan Jos\u00e9 Torrez, presidente de la Brigada Parlamentaria de Potos\u00ed, pidi\u00f3 la activaci\u00f3n de una alerta naranja contra Evo Morales, el expresidente Luis Arce y sus exministros, argumentando que deben ser investigados y sometidos a control jurisdiccional.<\/p>\n<h2><strong>Tras 20 a\u00f1os de gobierno del MAS, una transici\u00f3n accidentada<\/strong><\/h2>\n<p>Tras la toma de posesi\u00f3n en noviembre del Gobierno del presidente Rodrigo Paz \u2014el primero de derechas en m\u00e1s de dos d\u00e9cadas\u2014 su nuevo ministro de Econom\u00eda, Jos\u00e9 Gabriel Espinoza, denunci\u00f3 la entrega de su despacho \u00abcompletamente vac\u00edo\u00bb y sin documentaci\u00f3n al momento de asumir el cargo. Espinoza afirm\u00f3 que se trat\u00f3 de un boicot del gobierno anterior del MAS y culp\u00f3 al expresidente Arce de supuesta irresponsabilidad institucional extrema.<\/p>\n<div id=\"em-WBMZ356567-F24-ES-20251210\" class=\"m-em-flash\" data-xtwitter-script=\"\"><figcaption class=\"a-figcaption\">\n<\/figcaption><div class=\"o-em-consent \">\n<div class=\"o-em-consent__content\">\n<p class=\"o-em-consent__content__text\">Para mostrar este contenido de X (Twitter), debe autorizar las cookies de medici\u00f3n de audiencia y publicidad.<\/p>\n<p>        <button class=\"a-master-button a-master-button--dark\" data-action=\"accept\">Aceptar<i class=\"a-svg a-svg--icon-check\"\/><\/button><br \/>\n        <button class=\"a-link\" data-action=\"manage\">Gestionar mis opciones<i class=\"a-svg a-svg--icon-edit\"\/><\/button>\n    <\/div>\n<\/div>\n<\/div>\n<p>Espinoza difundi\u00f3 videos de estantes y cajones sin libros, archivos ni documentos de transici\u00f3n, y afirm\u00f3 que \u2014despu\u00e9s de 20 a\u00f1os de gesti\u00f3n del MAS\u2014 no le \u201chab\u00edan dejado nada\u00bb. Calific\u00f3 la situaci\u00f3n como \u00abindignante\u00bb y asegur\u00f3 que, adem\u00e1s del vac\u00edo documental, se encontraron faltantes como registros de deudas y acreencias por millones de bolivianos y d\u00f3lares, lo que \u2014afirm\u00f3\u2014 suger\u00eda el encubrimiento de actividades il\u00edcitas.<\/p>\n<p class=\"a-read-more\"><span class=\"a-read-more__label\">Leer tambi\u00e9n<\/span>Bolivia: Rodrigo Paz asume la presidencia con \u00abcapitalismo popular\u00bb y hereda crisis de d\u00f3lares y combustibles<\/p>\n<p>El ministro de Econom\u00eda de Arce, Marcelo Montenegro G\u00f3mez, rechaz\u00f3 las acusaciones y asegur\u00f3 que hab\u00eda entregado toda la informaci\u00f3n de su gesti\u00f3n en una comisi\u00f3n de transici\u00f3n.<\/p>\n<p><em>Con Reuters, AP, AFP, EFE y medios locales<\/em><\/p>\n<\/p><\/div>\n\n","protected":false},"excerpt":{"rendered":"<p>El expresidente de Bolivia Luis Arce\u00a0fue detenido este mi\u00e9rcoles y trasladado a celdas policiales en la ciudad de La Paz, al parecer por una investigaci\u00f3n por presunta corrupci\u00f3n, seg\u00fan lo indicado por su exministra de la Presidencia, Mar\u00eda Nela Prada. Seg\u00fan medios locales, Arce fue detenido en el marco del desarrollo de indagaciones por presunta &hellip;<\/p>\n","protected":false},"author":1,"featured_media":53425,"comment_status":"open","ping_status":"open","sticky":false,"template":"","format":"standard","meta":{"fifu_image_url":"https:\/\/s.france24.com\/media\/display\/708df9ac-d601-11f0-b174-005056a97e36\/w:1280\/p:16x9\/AP25311619740599.jpg","fifu_image_alt":"","footnotes":""},"categories":[13],"tags":[],"class_list":["post-53423","post","type-post","status-publish","format-standard","has-post-thumbnail","","category-mundo"],"_links":{"self":[{"href":"https:\/\/noticiasveraces.com\/index.php?rest_route=\/wp\/v2\/posts\/53423","targetHints":{"allow":["GET"]}}],"collection":[{"href":"https:\/\/noticiasveraces.com\/index.php?rest_route=\/wp\/v2\/posts"}],"about":[{"href":"https:\/\/noticiasveraces.com\/index.php?rest_route=\/wp\/v2\/types\/post"}],"author":[{"embeddable":true,"href":"https:\/\/noticiasveraces.com\/index.php?rest_route=\/wp\/v2\/users\/1"}],"replies":[{"embeddable":true,"href":"https:\/\/noticiasveraces.com\/index.php?rest_route=%2Fwp%2Fv2%2Fcomments&post=53423"}],"version-history":[{"count":0,"href":"https:\/\/noticiasveraces.com\/index.php?rest_route=\/wp\/v2\/posts\/53423\/revisions"}],"wp:featuredmedia":[{"embeddable":true,"href":"https:\/\/noticiasveraces.com\/index.php?rest_route=\/wp\/v2\/media\/53425"}],"wp:attachment":[{"href":"https:\/\/noticiasveraces.com\/index.php?rest_route=%2Fwp%2Fv2%2Fmedia&parent=53423"}],"wp:term":[{"taxonomy":"category","embeddable":true,"href":"https:\/\/noticiasveraces.com\/index.php?rest_route=%2Fwp%2Fv2%2Fcategories&post=53423"},{"taxonomy":"post_tag","embeddable":true,"href":"https:\/\/noticiasveraces.com\/index.php?rest_route=%2Fwp%2Fv2%2Ftags&post=53423"}],"curies":[{"name":"wp","href":"https:\/\/api.w.org\/{rel}","templated":true}]}}