{"id":53418,"date":"2025-12-11T00:09:40","date_gmt":"2025-12-11T04:09:40","guid":{"rendered":"https:\/\/noticiasveraces.com\/?p=53418"},"modified":"2025-12-11T00:09:40","modified_gmt":"2025-12-11T04:09:40","slug":"lavrov-advierte-que-rusia-tomara-represalias-si-europa-despliega-tropas-en-ucrania","status":"publish","type":"post","link":"https:\/\/noticiasveraces.com\/?p=53418","title":{"rendered":"Lavrov advierte que Rusia tomar\u00e1 represalias si Europa despliega tropas en Ucrania"},"content":{"rendered":"<p> \n<\/p>\n<div>\n<div id=\"beyondwords-wrapper\" class=\"beyondwords-wrapper\">\n<p><span class=\"label-bg\">NUEVO<\/span>\u00a1Ahora puedes escuchar los art\u00edculos de Fox News!\n  <\/p>\n<\/div>\n<p class=\"speakable\">El Ministro de Asuntos Exteriores ruso, Sergey Lavrov, advirti\u00f3 el mi\u00e9rcoles que Mosc\u00fa tomar\u00e1 represalias si los gobiernos europeos env\u00edan tropas a Ucrania o confiscan activos rusos congelados para apoyar a Kiev, seg\u00fan Reuters.<\/p>\n<p class=\"speakable\">Lavrov pronunci\u00f3 sus comentarios ante el Consejo de la Federaci\u00f3n, la c\u00e1mara alta del parlamento ruso, y describi\u00f3 la postura de Mosc\u00fa sobre la guerra y su choque con Occidente. Reuters inform\u00f3 que Lavrov insisti\u00f3 en que Rusia no busca la guerra con Europa pero que est\u00e1 dispuesta a actuar si considera que los pa\u00edses occidentales est\u00e1n intensificando el conflicto.<\/p>\n<p>\u00abResponderemos a cualquier medida hostil, incluido el despliegue de contingentes militares europeos en Ucrania y la expropiaci\u00f3n de activos rusos. Y ya estamos preparados para esta respuesta\u00bb, dijo Lavrov, seg\u00fan Reuters.<\/p>\n<p>Lavrov tambi\u00e9n elogi\u00f3 el enfoque del presidente Donald Trump hacia un posible acuerdo, llam\u00e1ndolo el \u00ab\u00fanico l\u00edder occidental\u00bb que entiende lo que describi\u00f3 como las razones por las que la guerra era \u00abinevitable\u00bb. Dijo que Mosc\u00fa aprecia el inter\u00e9s de Trump en el di\u00e1logo, pero se\u00f1al\u00f3 que Trump \u00abno s\u00f3lo no tiene prisa por levantar, sino que en realidad est\u00e1 aumentando\u00bb las sanciones a Rusia, inform\u00f3 Reuters.<\/p>\n<p><strong>LAS CONVERSACIONES EUROPEAS REFORMAN EL PLAN DE PAZ DE UCRANIA MIENTRAS ZELENSKYY RECHAZA CONCESIONES TERRITORIALES<\/strong><\/p>\n<div class=\"image-ct inline\">\n<div class=\"m\"><picture><source media=\"(max-width: 767px)\" srcset=\"https:\/\/a57.foxnews.com\/static.foxnews.com\/foxnews.com\/content\/uploads\/2025\/11\/343\/192\/sergey-lavrov-russia-foreign-minister.jpg?ve=1&amp;tl=1, https:\/\/a57.foxnews.com\/static.foxnews.com\/foxnews.com\/content\/uploads\/2025\/11\/686\/384\/sergey-lavrov-russia-foreign-minister.jpg?ve=1&amp;tl=1 2x\" height=\"192\" width=\"343\"><source media=\"(min-width: 768px) and (max-width: 1023px)\" srcset=\"https:\/\/a57.foxnews.com\/static.foxnews.com\/foxnews.com\/content\/uploads\/2025\/11\/672\/378\/sergey-lavrov-russia-foreign-minister.jpg?ve=1&amp;tl=1, https:\/\/a57.foxnews.com\/static.foxnews.com\/foxnews.com\/content\/uploads\/2025\/11\/1344\/756\/sergey-lavrov-russia-foreign-minister.jpg?ve=1&amp;tl=1 2x\" height=\"378\" width=\"672\"><source media=\"(min-width: 1024px) and (max-width: 1279px)\" srcset=\"https:\/\/a57.foxnews.com\/static.foxnews.com\/foxnews.com\/content\/uploads\/2025\/11\/931\/523\/sergey-lavrov-russia-foreign-minister.jpg?ve=1&amp;tl=1, https:\/\/a57.foxnews.com\/static.foxnews.com\/foxnews.com\/content\/uploads\/2025\/11\/1862\/1046\/sergey-lavrov-russia-foreign-minister.jpg?ve=1&amp;tl=1 2x\" height=\"523\" width=\"931\"><source media=\"(min-width: 1280px)\" srcset=\"https:\/\/a57.foxnews.com\/static.foxnews.com\/foxnews.com\/content\/uploads\/2025\/11\/720\/405\/sergey-lavrov-russia-foreign-minister.jpg?ve=1&amp;tl=1, https:\/\/a57.foxnews.com\/static.foxnews.com\/foxnews.com\/content\/uploads\/2025\/11\/1440\/810\/sergey-lavrov-russia-foreign-minister.jpg?ve=1&amp;tl=1 2x\" height=\"405\" width=\"720\"><img loading=\"lazy\" decoding=\"async\" src=\"https:\/\/a57.foxnews.com\/static.foxnews.com\/foxnews.com\/content\/uploads\/2025\/11\/1200\/675\/sergey-lavrov-russia-foreign-minister.jpg?ve=1&amp;tl=1\" alt=\"Sergu\u00e9i Lavrov\" width=\"1200\" height=\"675\"\/><\/source><\/source><\/source><\/source><\/picture><\/div>\n<div class=\"info\">\n<div class=\"caption\">\n<p><span>El Ministro de Asuntos Exteriores ruso, Sergu\u00e9i Lavrov. \u00abResponderemos a cualquier medida hostil, incluido el despliegue de contingentes militares europeos en Ucrania\u00bb, dijo hoy.<\/span> <span>(Canal de telegramas del Servicio de Prensa del Ministerio de Asuntos Exteriores de Rusia v\u00eda AP)<\/span><\/p>\n<\/div>\n<\/div>\n<\/div>\n<p>Trump, hablando m\u00e1s tarde el lunes en la Casa Blanca, dijo que mantuvo llamadas con l\u00edderes europeos sobre la guerra. \u00abHablamos con los l\u00edderes de Francia, Alemania y el Reino Unido&#8230; hablamos de Ucrania con palabras bastante fuertes y veremos qu\u00e9 sucede. Y estamos esperando escuchar respuestas antes de avanzar. Ya sabes, no vamos a gastar dinero en Ucrania\u00bb.<\/p>\n<p>Cuando un periodista le pidi\u00f3 una aclaraci\u00f3n, el presidente dijo: \u00abCreo que tuvimos algunas peque\u00f1as disputas sobre la gente&#8230; Les gustar\u00eda que fu\u00e9ramos a una reuni\u00f3n durante el fin de semana en Europa, y tomaremos una determinaci\u00f3n dependiendo de lo que regresen. No queremos perder el tiempo&#8230; A veces hay que dejar que la gente se pelee, y a veces no&#8230; est\u00e1s perdiendo miles de personas por semana, y es rid\u00edculo\u00bb.<\/p>\n<p>Mientras Lavrov acusaba a Europa de obstruir los esfuerzos de paz, el presidente ucraniano Volodymyr Zelenskyy anunci\u00f3 lo que llam\u00f3 la primera reuni\u00f3n formal con altos funcionarios de la administraci\u00f3n Trump sobre la reconstrucci\u00f3n de Ucrania.<\/p>\n<p><strong>EL EXJEFE DE LA ESTACI\u00d3N DE LA CIA ADVIERTE A PUTIN QUE USA LAS CONVERSACIONES PARA GANAR APOYO MIENTRAS LA DELEGACI\u00d3N DE UCRANIA SE RE\u00daNE CON LOS PRINCIPALES FUNCIONARIOS DE TRUMP<\/strong><\/p>\n<p>En una publicaci\u00f3n en X el mi\u00e9rcoles, Zelenskyy escribi\u00f3: \u00abJunto con nuestro equipo, sostuve una discusi\u00f3n productiva con la parte estadounidense&#8230; De hecho, esta podr\u00eda considerarse la primera reuni\u00f3n del grupo que trabajar\u00e1 en un documento sobre la reconstrucci\u00f3n y recuperaci\u00f3n econ\u00f3mica de Ucrania\u00bb.<\/p>\n<div class=\"image-ct inline\">\n<div class=\"m\"><picture><source media=\"(max-width: 767px)\" srcset=\"https:\/\/a57.foxnews.com\/static.foxnews.com\/foxnews.com\/content\/uploads\/2025\/03\/343\/192\/c264297b-ukraine.png?ve=1&amp;tl=1, https:\/\/a57.foxnews.com\/static.foxnews.com\/foxnews.com\/content\/uploads\/2025\/03\/686\/384\/c264297b-ukraine.png?ve=1&amp;tl=1 2x\" height=\"192\" width=\"343\"><source media=\"(min-width: 768px) and (max-width: 1023px)\" srcset=\"https:\/\/a57.foxnews.com\/static.foxnews.com\/foxnews.com\/content\/uploads\/2025\/03\/672\/378\/c264297b-ukraine.png?ve=1&amp;tl=1, https:\/\/a57.foxnews.com\/static.foxnews.com\/foxnews.com\/content\/uploads\/2025\/03\/1344\/756\/c264297b-ukraine.png?ve=1&amp;tl=1 2x\" height=\"378\" width=\"672\"><source media=\"(min-width: 1024px) and (max-width: 1279px)\" srcset=\"https:\/\/a57.foxnews.com\/static.foxnews.com\/foxnews.com\/content\/uploads\/2025\/03\/931\/523\/c264297b-ukraine.png?ve=1&amp;tl=1, https:\/\/a57.foxnews.com\/static.foxnews.com\/foxnews.com\/content\/uploads\/2025\/03\/1862\/1046\/c264297b-ukraine.png?ve=1&amp;tl=1 2x\" height=\"523\" width=\"931\"><source media=\"(min-width: 1280px)\" srcset=\"https:\/\/a57.foxnews.com\/static.foxnews.com\/foxnews.com\/content\/uploads\/2025\/03\/720\/405\/c264297b-ukraine.png?ve=1&amp;tl=1, https:\/\/a57.foxnews.com\/static.foxnews.com\/foxnews.com\/content\/uploads\/2025\/03\/1440\/810\/c264297b-ukraine.png?ve=1&amp;tl=1 2x\" height=\"405\" width=\"720\"><img loading=\"lazy\" decoding=\"async\" src=\"https:\/\/a57.foxnews.com\/static.foxnews.com\/foxnews.com\/content\/uploads\/2025\/03\/1200\/675\/c264297b-ukraine.png?ve=1&amp;tl=1\" alt=\"Ucrania\" width=\"1200\" height=\"675\"\/><\/source><\/source><\/source><\/source><\/picture><\/div>\n<div class=\"info\">\n<div class=\"caption\">\n<p><span>Un residente camina entre los escombros cerca de una casa da\u00f1ada, un d\u00eda despu\u00e9s de un ataque ruso en un suburbio de Odesa, en el sur de Ucrania, el 7 de marzo de 2025.<\/span> <span>(Oleksandr Gimanova\/AFP v\u00eda Getty Images)<\/span><\/p>\n<\/div>\n<\/div>\n<\/div>\n<p><strong>HAGA CLIC AQU\u00cd PARA DESCARGAR LA APLICACI\u00d3N FOX NEWS<\/strong><\/p>\n<p>Dijo que discutieron \u00abelementos clave para la recuperaci\u00f3n, diversos mecanismos y visiones para la reconstrucci\u00f3n\u00bb y revisaron actualizaciones de los \u00ab20 puntos del documento marco para poner fin a la guerra\u00bb. Zelenskyy a\u00f1adi\u00f3 que \u00abla seguridad general&#8230; determinar\u00e1 la seguridad econ\u00f3mica y sustentar\u00e1 un entorno empresarial seguro\u00bb.<\/p>\n<p>El presidente ucraniano dijo que ambas partes acordaron continuar las conversaciones y agreg\u00f3: \u00abComo siempre, no habr\u00e1 demoras de nuestra parte. Estamos trabajando para lograr resultados\u00bb. Cerr\u00f3 agradeciendo a Trump y escribi\u00f3: \u00abAgradezco al presidente Trump y a su equipo por su importante trabajo y apoyo\u00bb.<\/p>\n<p>M\u00e1s tarde el lunes, Zelenskyy volvi\u00f3 a publicar en X donde dijo: \u00abLos 20 puntos para poner fin a la guerra forman un documento fundamental. Estamos trabajando activamente en los pasos clave; deben ser factibles. A partir de este documento fundamental, estamos desarrollando al menos dos adicionales. El primero es sobre seguridad, en relaci\u00f3n con las garant\u00edas de seguridad con los Estados Unidos. El segundo es sobre la econom\u00eda, que abarca la reconstrucci\u00f3n y la inversi\u00f3n conjunta\u00bb. <\/p>\n<p><i>Reuters contribuy\u00f3 a este art\u00edculo.<\/i><\/p>\n<p> <!----> <\/p>\n<div class=\"article-meta\">\n<div class=\"author-bio\">\n<p>Efrat Lachter es periodista de investigaci\u00f3n y corresponsal de guerra. Su trabajo la ha llevado a 40 pa\u00edses, entre ellos Ucrania, Rusia, Irak, Siria, Sud\u00e1n y Afganist\u00e1n. Recibi\u00f3 la Beca de Periodismo Knight-Wallace 2024. Se puede seguir a Lachter en X @efratlachter.<\/p>\n<\/div>\n<\/div>\n<\/div>\n\n","protected":false},"excerpt":{"rendered":"<p>NUEVO\u00a1Ahora puedes escuchar los art\u00edculos de Fox News! El Ministro de Asuntos Exteriores ruso, Sergey Lavrov, advirti\u00f3 el mi\u00e9rcoles que Mosc\u00fa tomar\u00e1 represalias si los gobiernos europeos env\u00edan tropas a Ucrania o confiscan activos rusos congelados para apoyar a Kiev, seg\u00fan Reuters. Lavrov pronunci\u00f3 sus comentarios ante el Consejo de la Federaci\u00f3n, la c\u00e1mara alta &hellip;<\/p>\n","protected":false},"author":1,"featured_media":53420,"comment_status":"open","ping_status":"open","sticky":false,"template":"","format":"standard","meta":{"fifu_image_url":"https:\/\/static.foxnews.com\/foxnews.com\/content\/uploads\/2025\/08\/gettyimages-2230322686-scaled.jpg","fifu_image_alt":"","footnotes":""},"categories":[13],"tags":[],"class_list":["post-53418","post","type-post","status-publish","format-standard","has-post-thumbnail","","category-mundo"],"_links":{"self":[{"href":"https:\/\/noticiasveraces.com\/index.php?rest_route=\/wp\/v2\/posts\/53418","targetHints":{"allow":["GET"]}}],"collection":[{"href":"https:\/\/noticiasveraces.com\/index.php?rest_route=\/wp\/v2\/posts"}],"about":[{"href":"https:\/\/noticiasveraces.com\/index.php?rest_route=\/wp\/v2\/types\/post"}],"author":[{"embeddable":true,"href":"https:\/\/noticiasveraces.com\/index.php?rest_route=\/wp\/v2\/users\/1"}],"replies":[{"embeddable":true,"href":"https:\/\/noticiasveraces.com\/index.php?rest_route=%2Fwp%2Fv2%2Fcomments&post=53418"}],"version-history":[{"count":0,"href":"https:\/\/noticiasveraces.com\/index.php?rest_route=\/wp\/v2\/posts\/53418\/revisions"}],"wp:featuredmedia":[{"embeddable":true,"href":"https:\/\/noticiasveraces.com\/index.php?rest_route=\/wp\/v2\/media\/53420"}],"wp:attachment":[{"href":"https:\/\/noticiasveraces.com\/index.php?rest_route=%2Fwp%2Fv2%2Fmedia&parent=53418"}],"wp:term":[{"taxonomy":"category","embeddable":true,"href":"https:\/\/noticiasveraces.com\/index.php?rest_route=%2Fwp%2Fv2%2Fcategories&post=53418"},{"taxonomy":"post_tag","embeddable":true,"href":"https:\/\/noticiasveraces.com\/index.php?rest_route=%2Fwp%2Fv2%2Ftags&post=53418"}],"curies":[{"name":"wp","href":"https:\/\/api.w.org\/{rel}","templated":true}]}}