{"id":53406,"date":"2025-12-10T22:04:23","date_gmt":"2025-12-11T02:04:23","guid":{"rendered":"https:\/\/noticiasveraces.com\/?p=53406"},"modified":"2025-12-10T22:04:23","modified_gmt":"2025-12-11T02:04:23","slug":"foro-penal-registro-893-presos-politicos-en-venezuela","status":"publish","type":"post","link":"https:\/\/noticiasveraces.com\/?p=53406","title":{"rendered":"Foro Penal registr\u00f3 893 presos pol\u00edticos en Venezuela"},"content":{"rendered":"<p> \n<\/p>\n<div>\n<p>La organizaci\u00f3n no gubernamental (ONG) Foro Penal report\u00f3<strong> 893 presos pol\u00edticos en Venezuela <\/strong>en su \u00faltimo bolet\u00edn difundido el mi\u00e9rcoles 10 de diciembre.<\/p>\n<div class=\"ruby-table-contents rbtoc table-fw\">\n<ul class=\"toc-content h5\">\n<li>Entre 2014 y 2025 se han producido m\u00e1s de 18 mil detenciones pol\u00edticas<\/li>\n<li>Otro balance sobre presos pol\u00edticos en Venezuela<\/li>\n<\/ul>\n<\/div>\n<p>En el balance se contabilizaron dos nuevos arrestos con respecto al informe pasado publicado el 4 de diciembre, en el que se reportaron 887 presos pol\u00edticos en el pa\u00eds.<\/p>\n<p>La ONG detall\u00f3 en X que<strong> el recuento incluye a 774 hombres y 119 mujeres, <\/strong>de los cuales 889 son adultos y 4 son adolescentes (de entre 14 y 17 a\u00f1os de edad). Del total de presos pol\u00edticos, 719 son civiles y 174 militares.<\/p>\n<p>En este \u00faltimo reporte, el Foro Penal asegur\u00f3 que <strong>162 presos pol\u00edticos recibieron condena y 731 se mantienen sin una condena. <\/strong>Adem\u00e1s, indic\u00f3 que se desconoce el paradero de 63 de los detenidos.<\/p>\n<p>Asimismo, indic\u00f3 que entre los presos pol\u00edticos, 86 de los detenidos tienen nacionalidad extranjera.<\/p>\n<h2 id=\"entre-2014-y-2025-se-han-producido-mas-de-18-mil-detenciones-politicas\" class=\"rb-heading-index-0-832539 wp-block-heading\"><strong>Entre 2014 y 2025 se han producido m\u00e1s de 18 mil detenciones pol\u00edticas<\/strong><\/h2>\n<p>El Foro Penal calcula que, desde 2014 hasta la fecha, se han llevado a cabo en Venezuela un total de 18.602 detenciones pol\u00edticas. Tambi\u00e9n <strong>se\u00f1al\u00f3 que m\u00e1s de 9.000 personas se encuentran sujetas a medidas restrictivas de libertad.<\/strong><\/p>\n<p>Entre 2014 y 2025, <strong>m\u00e1s de 14 mil presos pol\u00edticos excarcelados han recibido asistencia de esta organizaci\u00f3n.<\/strong><\/p>\n<p>\u201cLos presos pol\u00edticos incluye a personas que se mantienen privadas de libertad. No incluye, todav\u00eda, a todos los que han sido arrestados y liberados o se mantienen bajo arresto a corto plazo (48 horas)\u201d, record\u00f3 en el balance.<\/p>\n<figure class=\"wp-block-embed is-type-rich is-provider-twitter wp-block-embed-twitter\">\n<div class=\"wp-block-embed__wrapper\">\n<blockquote class=\"twitter-tweet\" data-width=\"550\" data-dnt=\"true\">\n<p lang=\"es\" dir=\"ltr\">escala de <a href=\"https:\/\/twitter.com\/hashtag\/PresosPoliticos?src=hash&amp;ref_src=twsrc%5Etfw\">#PresosPol\u00edticos<\/a> en Venezuela al 08\/12\/2025 por \ud835\uddd9\ud835\uddfc\ud835\uddff\ud835\uddfc \ud835\udde3\ud835\uddf2\ud835\uddfb\ud835\uddee\ud835\uddf9:<\/p>\n<p>Tarifa: 893*<br \/>Desde la semana pasada<\/p>\n<p>Hombres: 774<br \/>Mujeres: 119<\/p>\n<p>Civiles: 719<br \/>Militar: 174<\/p>\n<p>Adultos: 889<br \/>Adolescentes: 4<\/p>\n<p>Encarcelados: 7<br \/>Excarcelados: 1\u2026 <a href=\"https:\/\/t.co\/eHrzWVDWXN\">pic.twitter.com\/eHrzWVDWXN<\/a><\/p>\n<p>\u2014 Foro Penal (@ForoPenal) <a href=\"https:\/\/twitter.com\/ForoPenal\/status\/1998763613050356056?ref_src=twsrc%5Etfw\">10 de diciembre de 2025<\/a><\/p><\/blockquote>\n<\/div>\n<\/figure>\n<p>El Foro Penal indic\u00f3 que esta actualizaci\u00f3n del balance de presos pol\u00edticos en el pa\u00eds se envi\u00f3 a organismos internacionales como la Organizaci\u00f3n de Estados Americanos (OEA) y la Organizaci\u00f3n de Naciones Unidas (ONU).<\/p>\n<h2 id=\"otro-balance-sobre-presos-politicos-en-venezuela\" class=\"rb-heading-index-1-832539 wp-block-heading\"><strong>Otro balance sobre presos pol\u00edticos en Venezuela<\/strong><\/h2>\n<p>El 3 de diciembre, la ONG Justicia, Encuentro y Perd\u00f3n (JEP) registr\u00f3 un total de 1.082 detenidos por motivos pol\u00edticos en Venezuela, de los cuales 182 son mujeres y 900 hombres.<\/p>\n<p>\u201cLos reportes que recibimos<strong> de manera continua evidencian nuevas detenciones arbitrarias, <\/strong>allanamientos sin garant\u00edas y un incremento sostenido de acciones para reprimir y silenciar a la ciudadan\u00eda por razones pol\u00edticas\u201d, denunci\u00f3 JEP en su cuenta de X.<\/p>\n<p>La organizaci\u00f3n expres\u00f3 su preocupaci\u00f3n por el progresivo agravamiento de las vulneraciones a los derechos fundamentales en Venezuela y subray\u00f3 que las cifras de detenidos disponibles se tratan de aproximaciones.<\/p>\n<p>\u201cAunque en los \u00faltimos d\u00edas hemos logrado identificar y documentar nuevos casos, es imprescindible destacar que las cifras disponibles siguen siendo aproximaciones iniciales frente a la verdadera magnitud de la persecuci\u00f3n pol\u00edtica en el pa\u00eds\u201d, a\u00f1adi\u00f3.<\/p>\n<figure class=\"wp-block-image size-large\"><picture fetchpriority=\"high\" decoding=\"async\" class=\"wp-image-782142\"><source type=\"image\/webp\" srcset=\"https:\/\/eldiario.com\/wp-content\/uploads\/2025\/04\/En-imagenes-asi-se-desarrollo-la-vigilia-de-oracion-por-los-presos-politicos-en-Tocoron-1-1200x900.jpg.webp 1200w, https:\/\/eldiario.com\/wp-content\/uploads\/2025\/04\/En-imagenes-asi-se-desarrollo-la-vigilia-de-oracion-por-los-presos-politicos-en-Tocoron-1-300x225.jpg.webp 300w, https:\/\/eldiario.com\/wp-content\/uploads\/2025\/04\/En-imagenes-asi-se-desarrollo-la-vigilia-de-oracion-por-los-presos-politicos-en-Tocoron-1-768x576.jpg.webp 768w, https:\/\/eldiario.com\/wp-content\/uploads\/2025\/04\/En-imagenes-asi-se-desarrollo-la-vigilia-de-oracion-por-los-presos-politicos-en-Tocoron-1-1536x1152.jpg.webp 1536w, https:\/\/eldiario.com\/wp-content\/uploads\/2025\/04\/En-imagenes-asi-se-desarrollo-la-vigilia-de-oracion-por-los-presos-politicos-en-Tocoron-1-860x645.jpg.webp 860w, https:\/\/eldiario.com\/wp-content\/uploads\/2025\/04\/En-imagenes-asi-se-desarrollo-la-vigilia-de-oracion-por-los-presos-politicos-en-Tocoron-1-150x113.jpg.webp 150w, https:\/\/eldiario.com\/wp-content\/uploads\/2025\/04\/En-imagenes-asi-se-desarrollo-la-vigilia-de-oracion-por-los-presos-politicos-en-Tocoron-1.jpg.webp 1600w\" sizes=\"(max-width: 1200px) 100vw, 1200px\"\/><img fetchpriority=\"high\" decoding=\"async\" width=\"1200\" height=\"900\" src=\"https:\/\/eldiario.com\/wp-content\/uploads\/2025\/04\/En-imagenes-asi-se-desarrollo-la-vigilia-de-oracion-por-los-presos-politicos-en-Tocoron-1-1200x900.jpg\" alt=\"En im\u00e1genes: as\u00ed se desarroll\u00f3 la vigilia de oraci\u00f3n por los presos pol\u00edticos en Tocor\u00f3n\" srcset=\"https:\/\/eldiario.com\/wp-content\/uploads\/2025\/04\/En-imagenes-asi-se-desarrollo-la-vigilia-de-oracion-por-los-presos-politicos-en-Tocoron-1-1200x900.jpg 1200w, https:\/\/eldiario.com\/wp-content\/uploads\/2025\/04\/En-imagenes-asi-se-desarrollo-la-vigilia-de-oracion-por-los-presos-politicos-en-Tocoron-1-300x225.jpg 300w, https:\/\/eldiario.com\/wp-content\/uploads\/2025\/04\/En-imagenes-asi-se-desarrollo-la-vigilia-de-oracion-por-los-presos-politicos-en-Tocoron-1-768x576.jpg 768w, https:\/\/eldiario.com\/wp-content\/uploads\/2025\/04\/En-imagenes-asi-se-desarrollo-la-vigilia-de-oracion-por-los-presos-politicos-en-Tocoron-1-1536x1152.jpg 1536w, https:\/\/eldiario.com\/wp-content\/uploads\/2025\/04\/En-imagenes-asi-se-desarrollo-la-vigilia-de-oracion-por-los-presos-politicos-en-Tocoron-1-860x645.jpg 860w, https:\/\/eldiario.com\/wp-content\/uploads\/2025\/04\/En-imagenes-asi-se-desarrollo-la-vigilia-de-oracion-por-los-presos-politicos-en-Tocoron-1-150x113.jpg 150w, https:\/\/eldiario.com\/wp-content\/uploads\/2025\/04\/En-imagenes-asi-se-desarrollo-la-vigilia-de-oracion-por-los-presos-politicos-en-Tocoron-1.jpg 1600w\" sizes=\"(max-width: 1200px) 100vw, 1200px\"\/>\n<\/picture><figcaption class=\"wp-element-caption\">Foto de : Clippve <\/figcaption><\/figure>\n<p>En su reporte, JEP indic\u00f3 que 225 de los detenidos son integrantes de organizaciones pol\u00edticas, 171 son funcionarios de seguridad del Estado activos, 35 exmiembros de seguridad del Estado y 42 extranjeros.<\/p>\n<p>Asimismo, contabiliz\u00f3 20 periodistas detenidos, 17 sindicalistas y 11 defensores de los derechos humanos.<\/p>\n<p><!-- CONTENT END 1 -->\n<\/div>\n<p><script async src=\"https:\/\/platform.twitter.com\/widgets.js\" charset=\"utf-8\"><\/script><br \/>\n<br \/>\n","protected":false},"excerpt":{"rendered":"<p>La organizaci\u00f3n no gubernamental (ONG) Foro Penal report\u00f3 893 presos pol\u00edticos en Venezuela en su \u00faltimo bolet\u00edn difundido el mi\u00e9rcoles 10 de diciembre. Entre 2014 y 2025 se han producido m\u00e1s de 18 mil detenciones pol\u00edticas Otro balance sobre presos pol\u00edticos en Venezuela En el balance se contabilizaron dos nuevos arrestos con respecto al informe &hellip;<\/p>\n","protected":false},"author":1,"featured_media":53408,"comment_status":"open","ping_status":"open","sticky":false,"template":"","format":"standard","meta":{"fifu_image_url":"https:\/\/eldiario.com\/wp-content\/uploads\/2025\/09\/Presos-politicos-2.jpg","fifu_image_alt":"","footnotes":""},"categories":[13],"tags":[],"class_list":["post-53406","post","type-post","status-publish","format-standard","has-post-thumbnail","","category-mundo"],"_links":{"self":[{"href":"https:\/\/noticiasveraces.com\/index.php?rest_route=\/wp\/v2\/posts\/53406","targetHints":{"allow":["GET"]}}],"collection":[{"href":"https:\/\/noticiasveraces.com\/index.php?rest_route=\/wp\/v2\/posts"}],"about":[{"href":"https:\/\/noticiasveraces.com\/index.php?rest_route=\/wp\/v2\/types\/post"}],"author":[{"embeddable":true,"href":"https:\/\/noticiasveraces.com\/index.php?rest_route=\/wp\/v2\/users\/1"}],"replies":[{"embeddable":true,"href":"https:\/\/noticiasveraces.com\/index.php?rest_route=%2Fwp%2Fv2%2Fcomments&post=53406"}],"version-history":[{"count":0,"href":"https:\/\/noticiasveraces.com\/index.php?rest_route=\/wp\/v2\/posts\/53406\/revisions"}],"wp:featuredmedia":[{"embeddable":true,"href":"https:\/\/noticiasveraces.com\/index.php?rest_route=\/wp\/v2\/media\/53408"}],"wp:attachment":[{"href":"https:\/\/noticiasveraces.com\/index.php?rest_route=%2Fwp%2Fv2%2Fmedia&parent=53406"}],"wp:term":[{"taxonomy":"category","embeddable":true,"href":"https:\/\/noticiasveraces.com\/index.php?rest_route=%2Fwp%2Fv2%2Fcategories&post=53406"},{"taxonomy":"post_tag","embeddable":true,"href":"https:\/\/noticiasveraces.com\/index.php?rest_route=%2Fwp%2Fv2%2Ftags&post=53406"}],"curies":[{"name":"wp","href":"https:\/\/api.w.org\/{rel}","templated":true}]}}