{"id":53403,"date":"2025-12-10T21:48:06","date_gmt":"2025-12-11T01:48:06","guid":{"rendered":"https:\/\/noticiasveraces.com\/?p=53403"},"modified":"2025-12-10T21:48:06","modified_gmt":"2025-12-11T01:48:06","slug":"la-iglesia-ingresara-429-millones-por-el-irpf-maximo-historico-pese-a-la-secularizacion-creciente-sociedad","status":"publish","type":"post","link":"https:\/\/noticiasveraces.com\/?p=53403","title":{"rendered":"La Iglesia ingresar\u00e1 429 millones por el IRPF, m\u00e1ximo hist\u00f3rico pese a la secularizaci\u00f3n creciente | Sociedad"},"content":{"rendered":"<p> \n<\/p>\n<div data-dtm-region=\"articulo_cuerpo\">\n<p class=\"\">La Iglesia cat\u00f3lica recaudar\u00e1 este a\u00f1o m\u00e1s dinero a trav\u00e9s del IRPF. Los datos provisionales publicados por la Conferencia Episcopal Espa\u00f1ola (CEE), elaborados a partir de la informaci\u00f3n de la Secretar\u00eda de Estado de Hacienda, indican que 7.946.347 contribuyentes marcaron la casilla destinada a la instituci\u00f3n en 2024, 106.363 m\u00e1s que en el ejercicio anterior. El aumento num\u00e9rico se traduce en un incremento econ\u00f3mico notable: la asignaci\u00f3n asciende a 429.335.080 euros, 46,9 millones m\u00e1s que en 2023, lo que supone un crecimiento del 12%.<\/p>\n<div class=\"a_gph\">\n<div>\n<div style=\"min-height:431px\" id=\"datawrapper-vis-pDWIe\"><img decoding=\"async\" src=\"https:\/\/datawrapper.dwcdn.net\/pDWIe\/full.png\" alt=\"L\u00edneas\"\/><\/div>\n<\/div>\n<\/div>\n<p class=\"\">El peso relativo de quienes destinan el 0,7% del impuesto a la Iglesia pasa del 30,43% en 2023 al 30,08% en 2024, un descenso de 0,34 puntos, pese al aumento de declaraciones absolutas. El cambio se explica por el crecimiento de contribuyentes que no marcan ninguna casilla, que sube 1,09% y roza ya el 40% del total. La casilla destinada a fines sociales tambi\u00e9n retrocede 1,04%, lo que evidencia un cambio de tendencia en el comportamiento fiscal de los ciudadanos.<\/p>\n<div class=\"a_gph\">\n<div>\n<div style=\"min-height:440px\" id=\"datawrapper-vis-pligs\"><img decoding=\"async\" src=\"https:\/\/datawrapper.dwcdn.net\/pligs\/full.png\" alt=\"Gr\u00e1fico de columnas\"\/><\/div>\n<\/div>\n<\/div>\n<p class=\"\">La Conferencia Episcopal insiste en que el n\u00famero real de contribuyentes favorables supera los nueve millones, al contabilizar tambi\u00e9n las declaraciones conjuntas, una f\u00f3rmula habitual en parejas y familias. <\/p>\n<p class=\"\">El reparto territorial muestra que el n\u00famero de contribuciones en favor de la iglesia aumenta en 16 de las 17 comunidades aut\u00f3nomas, con especial peso en Andaluc\u00eda, Madrid, Comunidad Valenciana y Castilla-La Mancha. Navarra es la \u00fanica comunidad en la que baja el n\u00famero de declaraciones, como ocurre tambi\u00e9n en la Hacienda foral de Vizcaya, mientras que Guip\u00fazcoa es la excepci\u00f3n en porcentaje asignado, donde aumenta por segundo a\u00f1o consecutivo. La instituci\u00f3n lo atribuye al trabajo diocesano con la Diputaci\u00f3n. Los retrocesos m\u00e1s pronunciados se concentran en Navarra (-0,84%), Cantabria (-0,65%) y Castilla-La Mancha (-0,61%).<\/p>\n<h3 class=\"\">Un aumento que no implica m\u00e1s fieles<\/h3>\n<p class=\"\">El incremento recaudatorio convive con un escenario social que apunta hacia una Espa\u00f1a cada vez m\u00e1s secularizada, sobre todo entre los j\u00f3venes. Datos del CIS de abril indicaban que menos de la mitad de la poblaci\u00f3n se identifica como cat\u00f3lica. La ca\u00edda es sostenida: hace cuatro d\u00e9cadas, el 90,2% se declaraba creyente; hace diez a\u00f1os, el 68,8%; hoy, el 55,4%, y solo el 18,8% acude a oficios religiosos con frecuencia. Entre los menores de 24 a\u00f1os la proporci\u00f3n se reduce a cerca de un tercio.<\/p>\n<p class=\"\">La percepci\u00f3n p\u00fablica sobre el sistema de financiaci\u00f3n tampoco acompa\u00f1a al repunte econ\u00f3mico. El Bar\u00f3metro sobre Religi\u00f3n y Creencias elaborado por la Fundaci\u00f3n Pluralismo y Convivencia, dependiente del Ministerio de Presidencia, revel\u00f3, el pasado mes de noviembre, que el 54% de los encuestados se muestra en contra de la casilla de la Iglesia en el IRPF, y solo el 47% de los cat\u00f3licos la respalda. <\/p>\n<p class=\"\">Entre quienes profesan esta religi\u00f3n, un 34% defiende la autofinanciaci\u00f3n de las confesiones, un 6% rechaza la casilla pero apoyar\u00eda otras f\u00f3rmulas de apoyo estatal, y un 5% la aceptar\u00eda \u00fanicamente si pudiera extenderse a otras religiones. El debate sobre el modelo contin\u00faa abierto, especialmente tras los compromisos de transparencia y modernizaci\u00f3n que el Gobierno exige desde hace a\u00f1os.<\/p>\n<h3 class=\"\">Una instituci\u00f3n cercada por los abusos<\/h3>\n<p class=\"\">El auge recaudatorio coincide con uno de los frentes m\u00e1s delicados de la Iglesia espa\u00f1ola: la reparaci\u00f3n a v\u00edctimas de abusos sexuales. El plan de los obispos de indemnizar por el esc\u00e1ndalo de la pederastia naufraga: solo un 2% de las v\u00edctimas han sido reparadas seg\u00fan desvel\u00f3 este peri\u00f3dico en septiembre. <\/p>\n<p class=\"\">Los obispos han dado un paso atr\u00e1s y debatir\u00e1n con el Gobierno c\u00f3mo indemnizar a las v\u00edctimas de pederastia que no quieren acudir al plan eclesi\u00e1stico PRIVA. Lo anunci\u00f3 hace un par de semanas Francisco C\u00e9sar Garc\u00eda Mag\u00e1n, secretario general de la Conferencia Episcopal Espa\u00f1ola (CEE), en la rueda de prensa final de la Asamblea Plenaria. <\/p>\n<p class=\"\">La Iglesia siempre se hab\u00eda negado, hasta ahora, a colaborar con el Gobierno que anunci\u00f3, hace doce meses, la aprobaci\u00f3n de un plan para reparar a las v\u00edctimas con un fondo donde tambi\u00e9n colaborase la Iglesia. La instituci\u00f3n cat\u00f3lica lo rechazaba hasta ahora con el argumento de que los abusos no son algo exclusivo de su religi\u00f3n, sino que se dan en todos los \u00e1mbitos. <\/p>\n<p class=\"\">El aumento de recursos que recibir\u00e1 la Iglesia refleja una capacidad todav\u00eda robusta de movilizaci\u00f3n entre una parte de la ciudadan\u00eda, al tiempo que los indicadores sociales dibujan una Espa\u00f1a m\u00e1s plural y menos confesional. La fotograf\u00eda del IRPF muestra que la instituci\u00f3n conserva fuerza en t\u00e9rminos absolutos, aunque pierda terreno proporcionalmente.<\/p>\n<\/div>\n\n","protected":false},"excerpt":{"rendered":"<p>La Iglesia cat\u00f3lica recaudar\u00e1 este a\u00f1o m\u00e1s dinero a trav\u00e9s del IRPF. Los datos provisionales publicados por la Conferencia Episcopal Espa\u00f1ola (CEE), elaborados a partir de la informaci\u00f3n de la Secretar\u00eda de Estado de Hacienda, indican que 7.946.347 contribuyentes marcaron la casilla destinada a la instituci\u00f3n en 2024, 106.363 m\u00e1s que en el ejercicio anterior. &hellip;<\/p>\n","protected":false},"author":1,"featured_media":53405,"comment_status":"open","ping_status":"open","sticky":false,"template":"","format":"standard","meta":{"fifu_image_url":"https:\/\/imagenes.elpais.com\/resizer\/v2\/HJVVHCBVYFL5TMFCVZONZWDWPM.jpg?auth=76741169ffde38a2f170f9eab4473a1a7416228d8cbd7e487eb9183049d0cf8a&width=1200","fifu_image_alt":"","footnotes":""},"categories":[11],"tags":[],"class_list":["post-53403","post","type-post","status-publish","format-standard","has-post-thumbnail","","category-viaje"],"_links":{"self":[{"href":"https:\/\/noticiasveraces.com\/index.php?rest_route=\/wp\/v2\/posts\/53403","targetHints":{"allow":["GET"]}}],"collection":[{"href":"https:\/\/noticiasveraces.com\/index.php?rest_route=\/wp\/v2\/posts"}],"about":[{"href":"https:\/\/noticiasveraces.com\/index.php?rest_route=\/wp\/v2\/types\/post"}],"author":[{"embeddable":true,"href":"https:\/\/noticiasveraces.com\/index.php?rest_route=\/wp\/v2\/users\/1"}],"replies":[{"embeddable":true,"href":"https:\/\/noticiasveraces.com\/index.php?rest_route=%2Fwp%2Fv2%2Fcomments&post=53403"}],"version-history":[{"count":0,"href":"https:\/\/noticiasveraces.com\/index.php?rest_route=\/wp\/v2\/posts\/53403\/revisions"}],"wp:featuredmedia":[{"embeddable":true,"href":"https:\/\/noticiasveraces.com\/index.php?rest_route=\/wp\/v2\/media\/53405"}],"wp:attachment":[{"href":"https:\/\/noticiasveraces.com\/index.php?rest_route=%2Fwp%2Fv2%2Fmedia&parent=53403"}],"wp:term":[{"taxonomy":"category","embeddable":true,"href":"https:\/\/noticiasveraces.com\/index.php?rest_route=%2Fwp%2Fv2%2Fcategories&post=53403"},{"taxonomy":"post_tag","embeddable":true,"href":"https:\/\/noticiasveraces.com\/index.php?rest_route=%2Fwp%2Fv2%2Ftags&post=53403"}],"curies":[{"name":"wp","href":"https:\/\/api.w.org\/{rel}","templated":true}]}}