{"id":53400,"date":"2025-12-10T21:43:06","date_gmt":"2025-12-11T01:43:06","guid":{"rendered":"https:\/\/noticiasveraces.com\/?p=53400"},"modified":"2025-12-10T21:43:06","modified_gmt":"2025-12-11T01:43:06","slug":"coca-cola-nombra-a-henrique-braun-proximo-director-ejecutivo-en-sustitucion-de-james-quincey","status":"publish","type":"post","link":"https:\/\/noticiasveraces.com\/?p=53400","title":{"rendered":"Coca-Cola nombra a Henrique Braun pr\u00f3ximo director ejecutivo en sustituci\u00f3n de James Quincey"},"content":{"rendered":"<p> \n<\/p>\n<div><!----> <!----> <\/p>\n<div class=\"featured featured-video video-ct\">\n<div class=\"contain\">\n<div class=\"info\">\n<div class=\"caption\">\n<p>El presidente y director ejecutivo de Coca-Cola, James Quincey, tiene lo \u00faltimo sobre la receta actualizada en &#8216;The Claman Countdown&#8217;.<\/p>\n<\/div>\n<\/div>\n<\/div>\n<\/div>\n<p>The Coca-Cola Company anunci\u00f3 el mi\u00e9rcoles que Henrique Braun se convertir\u00e1 en su pr\u00f3ximo director ejecutivo a partir del 31 de marzo de 2026.<\/p>\n<p>Braun, vicepresidente ejecutivo y director de operaciones de la compa\u00f1\u00eda, suceder\u00e1 al antiguo director ejecutivo James Quincey, quien pasar\u00e1 a ser presidente ejecutivo despu\u00e9s de nueve a\u00f1os al frente del gigante de las bebidas, seg\u00fan un anuncio de la compa\u00f1\u00eda.<\/p>\n<p>\u00abMe siento honrado de asumir este nuevo rol y aprecio enormemente todo lo que James ha hecho para liderar la compa\u00f1\u00eda\u00bb, dijo Braun en un comunicado. <\/p>\n<p>\u00abTrabajaremos para desbloquear el crecimiento futuro en asociaci\u00f3n con nuestros embotelladores. Estoy entusiasmado con el futuro de nuestro negocio y veo enormes oportunidades en un mercado global que cambia r\u00e1pidamente\u00bb.<\/p>\n<p><strong>COCA-COLA LANZA OFICIALMENTE REFRESCO DE AZ\u00daCAR DE CA\u00d1A EN LOS MERCADOS DE EE. UU. SIGUIENDO LA INSCRIPCI\u00d3N DE TRUMP: INFORME<\/strong><\/p>\n<div class=\"inline image-ct\">\n<div class=\"m\"><picture><source media=\"(max-width: 767px)\" srcset=\"https:\/\/a57.foxnews.com\/static.foxbusiness.com\/foxbusiness.com\/content\/uploads\/2025\/12\/343\/192\/chief-operating-officer-henrique-braun-ceo.jpg?ve=1&amp;tl=1, https:\/\/a57.foxnews.com\/static.foxbusiness.com\/foxbusiness.com\/content\/uploads\/2025\/12\/686\/384\/chief-operating-officer-henrique-braun-ceo.jpg?ve=1&amp;tl=1 2x\"><source media=\"(min-width: 768px) and (max-width: 1023px)\" srcset=\"https:\/\/a57.foxnews.com\/static.foxbusiness.com\/foxbusiness.com\/content\/uploads\/2025\/12\/672\/378\/chief-operating-officer-henrique-braun-ceo.jpg?ve=1&amp;tl=1, https:\/\/a57.foxnews.com\/static.foxbusiness.com\/foxbusiness.com\/content\/uploads\/2025\/12\/1344\/756\/chief-operating-officer-henrique-braun-ceo.jpg?ve=1&amp;tl=1 2x\"><source media=\"(min-width: 1024px) and (max-width: 1279px)\" srcset=\"https:\/\/a57.foxnews.com\/static.foxbusiness.com\/foxbusiness.com\/content\/uploads\/2025\/12\/931\/523\/chief-operating-officer-henrique-braun-ceo.jpg?ve=1&amp;tl=1, https:\/\/a57.foxnews.com\/static.foxbusiness.com\/foxbusiness.com\/content\/uploads\/2025\/12\/1862\/1046\/chief-operating-officer-henrique-braun-ceo.jpg?ve=1&amp;tl=1 2x\"><source media=\"(min-width: 1280px)\" srcset=\"https:\/\/a57.foxnews.com\/static.foxbusiness.com\/foxbusiness.com\/content\/uploads\/2025\/12\/720\/405\/chief-operating-officer-henrique-braun-ceo.jpg?ve=1&amp;tl=1, https:\/\/a57.foxnews.com\/static.foxbusiness.com\/foxbusiness.com\/content\/uploads\/2025\/12\/1440\/810\/chief-operating-officer-henrique-braun-ceo.jpg?ve=1&amp;tl=1 2x\"><img decoding=\"async\" src=\"https:\/\/a57.foxnews.com\/static.foxbusiness.com\/foxbusiness.com\/content\/uploads\/2025\/12\/931\/523\/chief-operating-officer-henrique-braun-ceo.jpg?ve=1&amp;tl=1\" alt=\"Henry Braun\"\/><\/source><\/source><\/source><\/source><\/picture><\/div>\n<div class=\"caption\">\n<p><span>The Coca-Cola Company anunci\u00f3 el mi\u00e9rcoles que Henrique Braun se convertir\u00e1 en su pr\u00f3ximo director ejecutivo a partir del 31 de marzo de 2026.<\/span><span>  (La Compa\u00f1\u00eda Coca-Cola)<\/span><\/p>\n<\/div>\n<\/div>\n<p>Braun, de 57 a\u00f1os, se desempe\u00f1a como director de operaciones desde enero y supervisa las unidades operativas de Coca-Cola en todo el mundo. Se uni\u00f3 a la empresa en 1996 y ha desempe\u00f1ado numerosos \u00abfunciones de responsabilidades crecientes\u00bb a nivel mundial, seg\u00fan el anuncio.<\/p>\n<p>En su nuevo puesto, dijo Coca-Cola, Braun priorizar\u00e1 las oportunidades de crecimiento global, acerc\u00e1ndose a las necesidades de los consumidores y ampliando el uso de la tecnolog\u00eda para impulsar el desempe\u00f1o.<\/p>\n<p><strong>COCA-COLA PRESENTA SU CONTENDEDOR EN LA TENDENCIA DE BEBIDAS PREBI\u00d3TICAS A MEDIDA QUE LOS SODAS &#8216;SALUDABLES&#8217; GANAN POPULARIDAD<\/strong><\/p>\n<div class=\"inline image-ct\">\n<div class=\"m\"><picture><source media=\"(max-width: 767px)\" srcset=\"https:\/\/a57.foxnews.com\/static.foxbusiness.com\/foxbusiness.com\/content\/uploads\/2025\/12\/343\/192\/coca-cola-bottles-on-grocery-shelf.jpg?ve=1&amp;tl=1, https:\/\/a57.foxnews.com\/static.foxbusiness.com\/foxbusiness.com\/content\/uploads\/2025\/12\/686\/384\/coca-cola-bottles-on-grocery-shelf.jpg?ve=1&amp;tl=1 2x\"><source media=\"(min-width: 768px) and (max-width: 1023px)\" srcset=\"https:\/\/a57.foxnews.com\/static.foxbusiness.com\/foxbusiness.com\/content\/uploads\/2025\/12\/672\/378\/coca-cola-bottles-on-grocery-shelf.jpg?ve=1&amp;tl=1, https:\/\/a57.foxnews.com\/static.foxbusiness.com\/foxbusiness.com\/content\/uploads\/2025\/12\/1344\/756\/coca-cola-bottles-on-grocery-shelf.jpg?ve=1&amp;tl=1 2x\"><source media=\"(min-width: 1024px) and (max-width: 1279px)\" srcset=\"https:\/\/a57.foxnews.com\/static.foxbusiness.com\/foxbusiness.com\/content\/uploads\/2025\/12\/931\/523\/coca-cola-bottles-on-grocery-shelf.jpg?ve=1&amp;tl=1, https:\/\/a57.foxnews.com\/static.foxbusiness.com\/foxbusiness.com\/content\/uploads\/2025\/12\/1862\/1046\/coca-cola-bottles-on-grocery-shelf.jpg?ve=1&amp;tl=1 2x\"><source media=\"(min-width: 1280px)\" srcset=\"https:\/\/a57.foxnews.com\/static.foxbusiness.com\/foxbusiness.com\/content\/uploads\/2025\/12\/720\/405\/coca-cola-bottles-on-grocery-shelf.jpg?ve=1&amp;tl=1, https:\/\/a57.foxnews.com\/static.foxbusiness.com\/foxbusiness.com\/content\/uploads\/2025\/12\/1440\/810\/coca-cola-bottles-on-grocery-shelf.jpg?ve=1&amp;tl=1 2x\"><img decoding=\"async\" src=\"https:\/\/a57.foxnews.com\/static.foxbusiness.com\/foxbusiness.com\/content\/uploads\/2025\/12\/931\/523\/coca-cola-bottles-on-grocery-shelf.jpg?ve=1&amp;tl=1\" alt=\"botellas de coca cola\"\/><\/source><\/source><\/source><\/source><\/picture><\/div>\n<div class=\"caption\">\n<p><span>Botellas de Coca-Cola exhibidas en un estante de un supermercado el 29 de octubre de 2024. <\/span><span>  (Reuters\/Dado Ruvic\/Ilustraci\u00f3n\/Foto de archivo \/ Reuters Photos)<\/span><\/p>\n<\/div>\n<\/div>\n<p>Quincey, de 60 a\u00f1os, se convirti\u00f3 en director ejecutivo en 2017 y ha ayudado a convertir a Coca-Cola en una \u00abcompa\u00f1\u00eda total de bebidas\u00bb.<\/p>\n<p>Tambi\u00e9n gui\u00f3 a la empresa durante la pandemia de COVID-19.<\/p>\n<p>Desde que Quincey asumi\u00f3 el cargo de director ejecutivo, el precio de las acciones de Coca-Cola ha subido casi un 63%, seg\u00fan Reuters.<\/p>\n<p><strong>COCA-COLA RECUERDA EL AGUA MINERAL TOPO CHICO POR PREOCUPACIONES SOBRE BACTERIAS<\/strong><\/p>\n<div class=\"inline image-ct\">\n<div class=\"m\"><picture><source media=\"(max-width: 767px)\" srcset=\"https:\/\/a57.foxnews.com\/static.foxbusiness.com\/foxbusiness.com\/content\/uploads\/2025\/12\/343\/192\/james-quincey-coca-cola-ceo.jpg?ve=1&amp;tl=1, https:\/\/a57.foxnews.com\/static.foxbusiness.com\/foxbusiness.com\/content\/uploads\/2025\/12\/686\/384\/james-quincey-coca-cola-ceo.jpg?ve=1&amp;tl=1 2x\"><source media=\"(min-width: 768px) and (max-width: 1023px)\" srcset=\"https:\/\/a57.foxnews.com\/static.foxbusiness.com\/foxbusiness.com\/content\/uploads\/2025\/12\/672\/378\/james-quincey-coca-cola-ceo.jpg?ve=1&amp;tl=1, https:\/\/a57.foxnews.com\/static.foxbusiness.com\/foxbusiness.com\/content\/uploads\/2025\/12\/1344\/756\/james-quincey-coca-cola-ceo.jpg?ve=1&amp;tl=1 2x\"><source media=\"(min-width: 1024px) and (max-width: 1279px)\" srcset=\"https:\/\/a57.foxnews.com\/static.foxbusiness.com\/foxbusiness.com\/content\/uploads\/2025\/12\/931\/523\/james-quincey-coca-cola-ceo.jpg?ve=1&amp;tl=1, https:\/\/a57.foxnews.com\/static.foxbusiness.com\/foxbusiness.com\/content\/uploads\/2025\/12\/1862\/1046\/james-quincey-coca-cola-ceo.jpg?ve=1&amp;tl=1 2x\"><source media=\"(min-width: 1280px)\" srcset=\"https:\/\/a57.foxnews.com\/static.foxbusiness.com\/foxbusiness.com\/content\/uploads\/2025\/12\/720\/405\/james-quincey-coca-cola-ceo.jpg?ve=1&amp;tl=1, https:\/\/a57.foxnews.com\/static.foxbusiness.com\/foxbusiness.com\/content\/uploads\/2025\/12\/1440\/810\/james-quincey-coca-cola-ceo.jpg?ve=1&amp;tl=1 2x\"><img decoding=\"async\" src=\"https:\/\/a57.foxnews.com\/static.foxbusiness.com\/foxbusiness.com\/content\/uploads\/2025\/12\/931\/523\/james-quincey-coca-cola-ceo.jpg?ve=1&amp;tl=1\" alt=\"Tercer d\u00eda del Foro Econ\u00f3mico Mundial (WEF) 2024\"\/><\/source><\/source><\/source><\/source><\/picture><\/div>\n<div class=\"caption\">\n<p><span>James Quincey, director ejecutivo de Coca-Cola Co., despu\u00e9s de una entrevista de Bloomberg Television en el Foro Econ\u00f3mico Mundial en Davos, Suiza, el 18 de enero de 2024. <\/span><span>  (Hollie Adams\/Bloomberg v\u00eda Getty Images\/Getty Images)<\/span><\/p>\n<\/div>\n<\/div>\n<p><strong><u>HAGA CLIC AQU\u00cd PARA OBTENER FOX BUSINESS SOBRE LA MARCHA<\/u><\/strong><\/p>\n<p>\u00abDejo el cargo de director ejecutivo despu\u00e9s de una carrera de 30 a\u00f1os en la compa\u00f1\u00eda, y aprecio el privilegio que ha sido servir a este gran y duradero negocio\u00bb, dijo Quincey en un comunicado. <\/p>\n<p>\u00abHenrique es un socio comercial confiable y altamente experimentado, y es el l\u00edder adecuado para dirigir la empresa y el sistema Coca-Cola hacia el crecimiento y el \u00e9xito futuros\u00bb.<\/p>\n<\/div>\n\n","protected":false},"excerpt":{"rendered":"<p>El presidente y director ejecutivo de Coca-Cola, James Quincey, tiene lo \u00faltimo sobre la receta actualizada en &#8216;The Claman Countdown&#8217;. The Coca-Cola Company anunci\u00f3 el mi\u00e9rcoles que Henrique Braun se convertir\u00e1 en su pr\u00f3ximo director ejecutivo a partir del 31 de marzo de 2026. Braun, vicepresidente ejecutivo y director de operaciones de la compa\u00f1\u00eda, suceder\u00e1 &hellip;<\/p>\n","protected":false},"author":1,"featured_media":53402,"comment_status":"open","ping_status":"open","sticky":false,"template":"","format":"standard","meta":{"fifu_image_url":"https:\/\/a57.foxnews.com\/static.foxbusiness.com\/foxbusiness.com\/content\/uploads\/2025\/12\/0\/0\/coca-cola-new-ceo-1.jpg?ve=1&tl=1","fifu_image_alt":"","footnotes":""},"categories":[3],"tags":[],"class_list":["post-53400","post","type-post","status-publish","format-standard","has-post-thumbnail","","category-negocio"],"_links":{"self":[{"href":"https:\/\/noticiasveraces.com\/index.php?rest_route=\/wp\/v2\/posts\/53400","targetHints":{"allow":["GET"]}}],"collection":[{"href":"https:\/\/noticiasveraces.com\/index.php?rest_route=\/wp\/v2\/posts"}],"about":[{"href":"https:\/\/noticiasveraces.com\/index.php?rest_route=\/wp\/v2\/types\/post"}],"author":[{"embeddable":true,"href":"https:\/\/noticiasveraces.com\/index.php?rest_route=\/wp\/v2\/users\/1"}],"replies":[{"embeddable":true,"href":"https:\/\/noticiasveraces.com\/index.php?rest_route=%2Fwp%2Fv2%2Fcomments&post=53400"}],"version-history":[{"count":0,"href":"https:\/\/noticiasveraces.com\/index.php?rest_route=\/wp\/v2\/posts\/53400\/revisions"}],"wp:featuredmedia":[{"embeddable":true,"href":"https:\/\/noticiasveraces.com\/index.php?rest_route=\/wp\/v2\/media\/53402"}],"wp:attachment":[{"href":"https:\/\/noticiasveraces.com\/index.php?rest_route=%2Fwp%2Fv2%2Fmedia&parent=53400"}],"wp:term":[{"taxonomy":"category","embeddable":true,"href":"https:\/\/noticiasveraces.com\/index.php?rest_route=%2Fwp%2Fv2%2Fcategories&post=53400"},{"taxonomy":"post_tag","embeddable":true,"href":"https:\/\/noticiasveraces.com\/index.php?rest_route=%2Fwp%2Fv2%2Ftags&post=53400"}],"curies":[{"name":"wp","href":"https:\/\/api.w.org\/{rel}","templated":true}]}}