{"id":53385,"date":"2025-12-10T20:02:02","date_gmt":"2025-12-11T00:02:02","guid":{"rendered":"https:\/\/noticiasveraces.com\/?p=53385"},"modified":"2025-12-10T20:02:02","modified_gmt":"2025-12-11T00:02:02","slug":"presidente-maduro-el-proximo-ano-la-economia-seguira-creciendo-y-expandiendose-correo-del-orinoco","status":"publish","type":"post","link":"https:\/\/noticiasveraces.com\/?p=53385","title":{"rendered":"Presidente Maduro: El pr\u00f3ximo a\u00f1o la econom\u00eda seguir\u00e1 creciendo y expandi\u00e9ndose &#8211; Correo del Orinoco"},"content":{"rendered":"<p> \n<\/p>\n<div>\n<p>Durante su participaci\u00f3n en la Gran Marcha por los 166 a\u00f1os de la Batalla de Santa In\u00e9s, el presidente Nicol\u00e1s Maduro llam\u00f3 a acelerar la entrega de recursos destinados a la producci\u00f3n de m\u00e1s de 10 millones de hect\u00e1reas en todo el pa\u00eds. La instrucci\u00f3n fue dirigida a la vicepresidenta Ejecutiva, Delcy Rodr\u00edguez, y al equipo econ\u00f3mico del Ejecutivo.<\/p>\n<p>El Mandatario afirm\u00f3 que Venezuela cuenta con la fuerza humana necesaria para impulsar la producci\u00f3n agr\u00edcola y elevar la oferta de alimentos tanto para el mercado interno como para la exportaci\u00f3n. Destac\u00f3 que la expansi\u00f3n productiva se enmarca en un esfuerzo integral para fortalecer la econom\u00eda nacional y blindar al pa\u00eds ante cualquier amenaza externa.<\/p>\n<p>En su intervenci\u00f3n, Maduro subray\u00f3 la importancia estrat\u00e9gica de la paz para la estabilidad econ\u00f3mica, al recordar que incluso el Libertador Sim\u00f3n Bol\u00edvar debi\u00f3 enfrentar grandes desaf\u00edos para garantizarla. Se\u00f1al\u00f3 que la paz se sustenta en la capacidad del pueblo para proteger el funcionamiento institucional y defender la soberan\u00eda frente a agresiones imperiales.<\/p>\n<p>El Jefe de Estado tambi\u00e9n reafirm\u00f3 que la econom\u00eda venezolana cerrar\u00e1 2025 con un crecimiento del 9%, proyecci\u00f3n que se mantendr\u00e1 en 2026 con una din\u00e1mica de expansi\u00f3n sostenida. Mencion\u00f3 su reciente encuentro con m\u00e1s de 600 empresarios como un elemento clave para consolidar consensos productivos.<\/p>\n<h4>T\/CO<\/h4>\n<\/p><\/div>\n\n","protected":false},"excerpt":{"rendered":"<p>Durante su participaci\u00f3n en la Gran Marcha por los 166 a\u00f1os de la Batalla de Santa In\u00e9s, el presidente Nicol\u00e1s Maduro llam\u00f3 a acelerar la entrega de recursos destinados a la producci\u00f3n de m\u00e1s de 10 millones de hect\u00e1reas en todo el pa\u00eds. La instrucci\u00f3n fue dirigida a la vicepresidenta Ejecutiva, Delcy Rodr\u00edguez, y al &hellip;<\/p>\n","protected":false},"author":1,"featured_media":53386,"comment_status":"open","ping_status":"open","sticky":false,"template":"","format":"standard","meta":{"fifu_image_url":"http:\/\/190.202.124.19\/wp-content\/uploads\/2025\/12\/Presidente-Maduro-lidera-marcha-conmemorativa-por-los-166-anos-de-la-Batalla-de-Santa-Ines.jpg","fifu_image_alt":"","footnotes":""},"categories":[13],"tags":[],"class_list":["post-53385","post","type-post","status-publish","format-standard","has-post-thumbnail","","category-mundo"],"_links":{"self":[{"href":"https:\/\/noticiasveraces.com\/index.php?rest_route=\/wp\/v2\/posts\/53385","targetHints":{"allow":["GET"]}}],"collection":[{"href":"https:\/\/noticiasveraces.com\/index.php?rest_route=\/wp\/v2\/posts"}],"about":[{"href":"https:\/\/noticiasveraces.com\/index.php?rest_route=\/wp\/v2\/types\/post"}],"author":[{"embeddable":true,"href":"https:\/\/noticiasveraces.com\/index.php?rest_route=\/wp\/v2\/users\/1"}],"replies":[{"embeddable":true,"href":"https:\/\/noticiasveraces.com\/index.php?rest_route=%2Fwp%2Fv2%2Fcomments&post=53385"}],"version-history":[{"count":0,"href":"https:\/\/noticiasveraces.com\/index.php?rest_route=\/wp\/v2\/posts\/53385\/revisions"}],"wp:featuredmedia":[{"embeddable":true,"href":"https:\/\/noticiasveraces.com\/index.php?rest_route=\/wp\/v2\/media\/53386"}],"wp:attachment":[{"href":"https:\/\/noticiasveraces.com\/index.php?rest_route=%2Fwp%2Fv2%2Fmedia&parent=53385"}],"wp:term":[{"taxonomy":"category","embeddable":true,"href":"https:\/\/noticiasveraces.com\/index.php?rest_route=%2Fwp%2Fv2%2Fcategories&post=53385"},{"taxonomy":"post_tag","embeddable":true,"href":"https:\/\/noticiasveraces.com\/index.php?rest_route=%2Fwp%2Fv2%2Ftags&post=53385"}],"curies":[{"name":"wp","href":"https:\/\/api.w.org\/{rel}","templated":true}]}}