{"id":53369,"date":"2025-12-10T17:45:59","date_gmt":"2025-12-10T21:45:59","guid":{"rendered":"https:\/\/noticiasveraces.com\/?p=53369"},"modified":"2025-12-10T17:45:59","modified_gmt":"2025-12-10T21:45:59","slug":"unicef-advierte-que-141-millones-de-ninos-necesitaran-apoyo-en-latinoamerica-en-2026-correo-del-caroni","status":"publish","type":"post","link":"https:\/\/noticiasveraces.com\/?p=53369","title":{"rendered":"Unicef advierte que 14,1 millones de ni\u00f1os necesitar\u00e1n apoyo en Latinoam\u00e9rica en 2026 \u2013 Correo del Caron\u00ed"},"content":{"rendered":"<p> \n<\/p>\n<div data-id=\"494a3404\" data-element_type=\"widget\" id=\"texto\" data-widget_type=\"theme-post-content.default\">\n<div class=\"elementor-widget-container\">\n<p>El Fondo de las Naciones Unidas para la Infancia (Unicef) advirti\u00f3 este mi\u00e9rcoles que 14,1 millones de ni\u00f1os y ni\u00f1as en Am\u00e9rica Latina y el Caribe necesitar\u00e1n \u201capoyo vital\u201d en 2026, debido al efecto combinado del desplazamiento forzado, la migraci\u00f3n, la violencia armada y los desastres clim\u00e1ticos.<\/p>\n<p>\u201cLos ni\u00f1os y ni\u00f1as abandonan sus hogares huyendo de la violencia armada, la pobreza y otras dificultades. Se enfrentan a desaf\u00edos no solo al cruzar fronteras, sino tambi\u00e9n para acceder a servicios sociales de calidad en los pa\u00edses de acogida y de tr\u00e1nsito\u201d, declar\u00f3 el director regional de Unicef para Am\u00e9rica Latina y el Caribe, Roberto Benes, con motivo del lanzamiento del llamado de Acci\u00f3n Humanitaria para la Infancia.<\/p>\n<p>A\u00f1adi\u00f3, seg\u00fan un comunicado de la Unicef, que \u201cla violencia no solo impulsa la migraci\u00f3n, sino que tambi\u00e9n perturba profundamente la vida de los ni\u00f1os en toda la regi\u00f3n, dificultando su acceso a los servicios de salud y la educaci\u00f3n, y aumentando el riesgo de reclutamiento forzado\u201d.<\/p>\n<p class=\"has-medium-font-size\"><strong>1 de cada 5 migrantes son ni\u00f1os<\/strong><\/p>\n<p>La agencia de la ONU indic\u00f3 que, en el \u00faltimo a\u00f1o, la regi\u00f3n registr\u00f3 una disminuci\u00f3n de los flujos migratorios hacia el norte y, al mismo tiempo, un incremento de los movimientos hacia el sur.<\/p>\n<p>Seg\u00fan los reportes de Unicef, uno de cada cinco migrantes que cruzan Panam\u00e1 rumbo a Colombia son ni\u00f1os y ni\u00f1as, quienes se enfrentan a riesgos graves durante el tr\u00e1nsito, como el ahogamiento, la trata de personas, la explotaci\u00f3n y el abuso. En la ruta entre Guatemala y M\u00e9xico, Unicef estima tambi\u00e9n una elevada presencia de menores no acompa\u00f1ados o separados de sus familias.<\/p>\n<p>El organismo subray\u00f3 que varios pa\u00edses atraviesan un aumento sin precedentes del desplazamiento interno vinculado a la violencia armada. En Hait\u00ed, m\u00e1s de la mitad de las personas desplazadas son ni\u00f1os, con 748 mil menores registrados en los primeros nueve meses de 2025. En Colombia, donde persiste el conflicto armado, se documentaron m\u00e1s de 450 casos de reclutamiento de menores por grupos armados durante el \u00faltimo a\u00f1o.<\/p>\n<p class=\"has-medium-font-size\"><strong>Otros riesgos<\/strong><\/p>\n<p>La regi\u00f3n tambi\u00e9n se enfrenta a m\u00faltiples riesgos de alto impacto, como inundaciones, sequ\u00edas y tormentas severas, que han sobrecargado considerablemente los sistemas nacionales y locales de respuesta a emergencias.<\/p>\n<p>Recientemente, contin\u00faa la nota, el hurac\u00e1n Melissa, una catastr\u00f3fica tormenta de categor\u00eda 5, caus\u00f3 graves da\u00f1os a la infraestructura de escuelas, hospitales y medios de vida en varios pa\u00edses del Caribe, afectando a m\u00e1s de 900 mil ni\u00f1os, ni\u00f1as y adolescentes.<\/p>\n<p>En medio de estos desaf\u00edos regionales, Venezuela enfrenta dificultades econ\u00f3micas prolongadas que, sumadas a los retornos y a la movilidad humana, han dejado a millones de ni\u00f1os y ni\u00f1as expuestos a privaciones en nutrici\u00f3n, salud, agua potable y aprendizaje.<\/p>\n<p>\u201cCada vez m\u00e1s ni\u00f1os y ni\u00f1as en Am\u00e9rica Latina y el Caribe sufren la carga de m\u00faltiples crisis superpuestas\u201d, alert\u00f3 Benes. \u201cSi no actuamos ahora, no solo estamos poniendo en riesgo su seguridad y bienestar, sino tambi\u00e9n la estabilidad de los pa\u00edses y las sociedades\u201d.<\/p>\n<p>Unicef solicit\u00f3 581,3 millones de d\u00f3lares para reforzar la preparaci\u00f3n y la respuesta ante las emergencias actuales y emergentes en la regi\u00f3n, con el objetivo de garantizar servicios esenciales a las poblaciones m\u00e1s vulnerables, incluidos los ni\u00f1os y las familias en movilidad.<\/p>\n<\/p><\/div>\n<\/p><\/div>\n\n","protected":false},"excerpt":{"rendered":"<p>El Fondo de las Naciones Unidas para la Infancia (Unicef) advirti\u00f3 este mi\u00e9rcoles que 14,1 millones de ni\u00f1os y ni\u00f1as en Am\u00e9rica Latina y el Caribe necesitar\u00e1n \u201capoyo vital\u201d en 2026, debido al efecto combinado del desplazamiento forzado, la migraci\u00f3n, la violencia armada y los desastres clim\u00e1ticos. \u201cLos ni\u00f1os y ni\u00f1as abandonan sus hogares huyendo &hellip;<\/p>\n","protected":false},"author":1,"featured_media":53370,"comment_status":"open","ping_status":"open","sticky":false,"template":"","format":"standard","meta":{"fifu_image_url":"https:\/\/correodelcaroni.com\/wp-content\/uploads\/2025\/12\/UNICEF_Ninos.jpg","fifu_image_alt":"","footnotes":""},"categories":[4],"tags":[],"class_list":["post-53369","post","type-post","status-publish","format-standard","has-post-thumbnail","","category-historias-destacadas"],"_links":{"self":[{"href":"https:\/\/noticiasveraces.com\/index.php?rest_route=\/wp\/v2\/posts\/53369","targetHints":{"allow":["GET"]}}],"collection":[{"href":"https:\/\/noticiasveraces.com\/index.php?rest_route=\/wp\/v2\/posts"}],"about":[{"href":"https:\/\/noticiasveraces.com\/index.php?rest_route=\/wp\/v2\/types\/post"}],"author":[{"embeddable":true,"href":"https:\/\/noticiasveraces.com\/index.php?rest_route=\/wp\/v2\/users\/1"}],"replies":[{"embeddable":true,"href":"https:\/\/noticiasveraces.com\/index.php?rest_route=%2Fwp%2Fv2%2Fcomments&post=53369"}],"version-history":[{"count":0,"href":"https:\/\/noticiasveraces.com\/index.php?rest_route=\/wp\/v2\/posts\/53369\/revisions"}],"wp:featuredmedia":[{"embeddable":true,"href":"https:\/\/noticiasveraces.com\/index.php?rest_route=\/wp\/v2\/media\/53370"}],"wp:attachment":[{"href":"https:\/\/noticiasveraces.com\/index.php?rest_route=%2Fwp%2Fv2%2Fmedia&parent=53369"}],"wp:term":[{"taxonomy":"category","embeddable":true,"href":"https:\/\/noticiasveraces.com\/index.php?rest_route=%2Fwp%2Fv2%2Fcategories&post=53369"},{"taxonomy":"post_tag","embeddable":true,"href":"https:\/\/noticiasveraces.com\/index.php?rest_route=%2Fwp%2Fv2%2Ftags&post=53369"}],"curies":[{"name":"wp","href":"https:\/\/api.w.org\/{rel}","templated":true}]}}